{"id":2025,"date":"2022-07-05T09:53:07","date_gmt":"2022-07-05T07:53:07","guid":{"rendered":"https:\/\/syndicoop.fr\/ufictsp\/?p=2025"},"modified":"2022-07-05T09:53:07","modified_gmt":"2022-07-05T07:53:07","slug":"fiche-3-lenjeu-de-la-reduction-du-temps-de-travail","status":"publish","type":"post","link":"https:\/\/syndicoop.fr\/ufictsp\/fiche-3-lenjeu-de-la-reduction-du-temps-de-travail\/","title":{"rendered":"Fiche 3 \u2013 L\u2019enjeu de la r\u00e9duction du temps de travail"},"content":{"rendered":"<p><img decoding=\"async\" class=\"aligncenter size-medium wp-image-2026 lazyload\" data-src=\"https:\/\/syndicoop.fr\/ufictsp\/wp-content\/uploads\/sites\/35\/2022\/07\/Fiche-3-300x217.png\" alt=\"\" width=\"300\" height=\"217\" data-srcset=\"https:\/\/syndicoop.fr\/ufictsp\/wp-content\/uploads\/sites\/35\/2022\/07\/Fiche-3-300x217.png 300w, https:\/\/syndicoop.fr\/ufictsp\/wp-content\/uploads\/sites\/35\/2022\/07\/Fiche-3-768x557.png 768w, https:\/\/syndicoop.fr\/ufictsp\/wp-content\/uploads\/sites\/35\/2022\/07\/Fiche-3.png 908w\" data-sizes=\"(max-width: 300px) 100vw, 300px\" src=\"data:image\/svg+xml;base64,PHN2ZyB3aWR0aD0iMSIgaGVpZ2h0PSIxIiB4bWxucz0iaHR0cDovL3d3dy53My5vcmcvMjAwMC9zdmciPjwvc3ZnPg==\" style=\"--smush-placeholder-width: 300px; --smush-placeholder-aspect-ratio: 300\/217;\" \/><\/p>\n<p>Fiche 3 \u2013 L\u2019enjeu de la r\u00e9duction du temps de travail : L&rsquo;enjeu de la r\u00e9duction du temps de travail et d&rsquo;une organisation qui respecte la charge de travail des cadres territoriaux\u00b7ales.<\/p>\n<div id=\"meta-edito\" class=\"meta-info ft-08\">Apr\u00e8s la loi 2001-2 du 3 janvier 2001, qui avait d\u00e9termin\u00e9 la dur\u00e9e annuelle de temps de travail dans les collectivit\u00e9s \u00e0 1600 heures pour un \u00e9quivalent temps plein, la loi 2004-626 de 2004 l\u2019avait pass\u00e9e \u00e0 1607 heures. Cette loi permettait toutefois aux collectivit\u00e9s de d\u00e9roger \u00e0 cette disposition, les autorisant \u00e0 maintenir les r\u00e9gimes de temps de travail mis en place ant\u00e9rieurement \u00e0 son entr\u00e9e en vigueur. La loi de transformation de la fonction publique du 6 ao\u00fbt 2019 impose dor\u00e9navant cette harmonisation de la dur\u00e9e de travail \u00e0 1607 heures annuelles dans la FPT, en l\u2019occurrence une augmentation dans la quasi-totalit\u00e9 des cas. Les collectivit\u00e9s et \u00e9tablissements qui n\u2019appliquaient pas les 1607 heures ont eu \u00e0 d\u00e9lib\u00e9rer en 2021 pour les appliquer. Or, le principe de possibilit\u00e9 de d\u00e9rogation horaire pr\u00e9alable \u00e0 la loi de 2019 \u00e9tait bas\u00e9 sur l\u2019atypicit\u00e9 et les contraintes fortes de nombreux m\u00e9tiers de la fonction publique. Parmi les plus de 230 m\u00e9tiers officiels de la fonction publique territoriale, beaucoup r\u00e9alisent des services essentiels fonctionnant sans aucune interruption. Le travail du dimanche concerne plus d\u2019un quart des agent\u00b7es de la fonction publique territoriale. Plus de 10 % travaillent \u00e9galement de nuit. Par ailleurs, la p\u00e9nibilit\u00e9 de ces m\u00e9tiers, \u00e0 facteurs souvent cumul\u00e9s, aurait d\u00fb \u00eatre l\u00e9gitimement compens\u00e9e par davantage de r\u00e9duction du temps de travail, a fortiori pour les carri\u00e8res longues. C\u2019est pourquoi, depuis plusieurs mois, les luttes se succ\u00e8dent contre le passage aux 1607 heures.<\/div>\n<p><!--more--><\/p>\n<p><a href=\"https:\/\/syndicoop.fr\/kiosque\/journal\/fiche-3-lenjeu-de-la-reduction-du-temps-de-travail\/\">https:\/\/syndicoop.fr\/kiosque\/journal\/fiche-3-lenjeu-de-la-reduction-du-temps-de-travail\/<\/a><\/p>\n","protected":false},"excerpt":{"rendered":"<p>Fiche 3 \u2013 L\u2019enjeu de la r\u00e9duction du temps de travail : L&rsquo;enjeu de la r\u00e9duction du temps de travail et d&rsquo;une organisation qui respecte la charge de travail des cadres territoriaux\u00b7ales. Apr\u00e8s la loi 2001-2 du 3 janvier 2001, qui avait d\u00e9termin\u00e9 la dur\u00e9e annuelle de temps de travail dans les collectivit\u00e9s \u00e0 1600 [&hellip;]<\/p>\n","protected":false},"author":403,"featured_media":1628,"comment_status":"open","ping_status":"closed","sticky":false,"template":"","format":"standard","meta":{"_acf_changed":false,"footnotes":""},"categories":[1,31],"tags":[151,161],"class_list":["post-2025","post","type-post","status-publish","format-standard","has-post-thumbnail","hentry","category-actus","category-ufict","tag-services-publics","tag-ufict","featuring-alaune","themes-elections-professionnelles-2022","themes-fonction-publique","documents-livret"],"acf":[],"yoast_head":"<!-- This site is optimized with the Yoast SEO plugin v26.3 - https:\/\/yoast.com\/wordpress\/plugins\/seo\/ -->\n<title>Fiche 3 \u2013 L\u2019enjeu de la r\u00e9duction du temps de travail - UFICT des services publics<\/title>\n<meta name=\"robots\" content=\"index, follow, max-snippet:-1, max-image-preview:large, max-video-preview:-1\" \/>\n<link rel=\"canonical\" href=\"https:\/\/syndicoop.fr\/ufictsp\/fiche-3-lenjeu-de-la-reduction-du-temps-de-travail\/\" \/>\n<meta property=\"og:locale\" content=\"fr_FR\" \/>\n<meta property=\"og:type\" content=\"article\" \/>\n<meta property=\"og:title\" content=\"Fiche 3 \u2013 L\u2019enjeu de la r\u00e9duction du temps de travail - UFICT des services publics\" \/>\n<meta property=\"og:description\" content=\"Fiche 3 \u2013 L\u2019enjeu de la r\u00e9duction du temps de travail : L&rsquo;enjeu de la r\u00e9duction du temps de travail et d&rsquo;une organisation qui respecte la charge de travail des cadres territoriaux\u00b7ales. Apr\u00e8s la loi 2001-2 du 3 janvier 2001, qui avait d\u00e9termin\u00e9 la dur\u00e9e annuelle de temps de travail dans les collectivit\u00e9s \u00e0 1600 [&hellip;]\" \/>\n<meta property=\"og:url\" content=\"https:\/\/syndicoop.fr\/ufictsp\/fiche-3-lenjeu-de-la-reduction-du-temps-de-travail\/\" \/>\n<meta property=\"og:site_name\" content=\"UFICT des services publics\" \/>\n<meta property=\"article:published_time\" content=\"2022-07-05T07:53:07+00:00\" \/>\n<meta property=\"og:image\" content=\"https:\/\/syndicoop.fr\/ufictsp\/wp-content\/uploads\/sites\/35\/2021\/05\/Ufict-fdsp.jpg\" \/>\n\t<meta property=\"og:image:width\" content=\"804\" \/>\n\t<meta property=\"og:image:height\" content=\"569\" \/>\n\t<meta property=\"og:image:type\" content=\"image\/jpeg\" \/>\n<meta name=\"author\" content=\"Philippe CHAVROCHE\" \/>\n<meta name=\"twitter:card\" content=\"summary_large_image\" \/>\n<meta name=\"twitter:label1\" content=\"\u00c9crit par\" \/>\n\t<meta name=\"twitter:data1\" content=\"Philippe CHAVROCHE\" \/>\n\t<meta name=\"twitter:label2\" content=\"Dur\u00e9e de lecture estim\u00e9e\" \/>\n\t<meta name=\"twitter:data2\" content=\"2 minutes\" \/>\n<script type=\"application\/ld+json\" class=\"yoast-schema-graph\">{\"@context\":\"https:\/\/schema.org\",\"@graph\":[{\"@type\":\"Article\",\"@id\":\"https:\/\/syndicoop.fr\/ufictsp\/fiche-3-lenjeu-de-la-reduction-du-temps-de-travail\/#article\",\"isPartOf\":{\"@id\":\"https:\/\/syndicoop.fr\/ufictsp\/fiche-3-lenjeu-de-la-reduction-du-temps-de-travail\/\"},\"author\":{\"name\":\"Philippe CHAVROCHE\",\"@id\":\"https:\/\/syndicoop.fr\/ufictsp\/#\/schema\/person\/3e41f667417f108b2384976dd41ca5e4\"},\"headline\":\"Fiche 3 \u2013 L\u2019enjeu de la r\u00e9duction du temps de travail\",\"datePublished\":\"2022-07-05T07:53:07+00:00\",\"mainEntityOfPage\":{\"@id\":\"https:\/\/syndicoop.fr\/ufictsp\/fiche-3-lenjeu-de-la-reduction-du-temps-de-travail\/\"},\"wordCount\":308,\"commentCount\":0,\"publisher\":{\"@id\":\"https:\/\/syndicoop.fr\/ufictsp\/#organization\"},\"image\":{\"@id\":\"https:\/\/syndicoop.fr\/ufictsp\/fiche-3-lenjeu-de-la-reduction-du-temps-de-travail\/#primaryimage\"},\"thumbnailUrl\":\"https:\/\/syndicoop.fr\/ufictsp\/wp-content\/uploads\/sites\/35\/2021\/05\/Ufict-fdsp.jpg\",\"keywords\":[\"services publics\",\"UFICT\"],\"articleSection\":[\"Actus\",\"UFICT\"],\"inLanguage\":\"fr-FR\",\"potentialAction\":[{\"@type\":\"CommentAction\",\"name\":\"Comment\",\"target\":[\"https:\/\/syndicoop.fr\/ufictsp\/fiche-3-lenjeu-de-la-reduction-du-temps-de-travail\/#respond\"]}]},{\"@type\":\"WebPage\",\"@id\":\"https:\/\/syndicoop.fr\/ufictsp\/fiche-3-lenjeu-de-la-reduction-du-temps-de-travail\/\",\"url\":\"https:\/\/syndicoop.fr\/ufictsp\/fiche-3-lenjeu-de-la-reduction-du-temps-de-travail\/\",\"name\":\"Fiche 3 \u2013 L\u2019enjeu de la r\u00e9duction du temps de travail - UFICT des services publics\",\"isPartOf\":{\"@id\":\"https:\/\/syndicoop.fr\/ufictsp\/#website\"},\"primaryImageOfPage\":{\"@id\":\"https:\/\/syndicoop.fr\/ufictsp\/fiche-3-lenjeu-de-la-reduction-du-temps-de-travail\/#primaryimage\"},\"image\":{\"@id\":\"https:\/\/syndicoop.fr\/ufictsp\/fiche-3-lenjeu-de-la-reduction-du-temps-de-travail\/#primaryimage\"},\"thumbnailUrl\":\"https:\/\/syndicoop.fr\/ufictsp\/wp-content\/uploads\/sites\/35\/2021\/05\/Ufict-fdsp.jpg\",\"datePublished\":\"2022-07-05T07:53:07+00:00\",\"breadcrumb\":{\"@id\":\"https:\/\/syndicoop.fr\/ufictsp\/fiche-3-lenjeu-de-la-reduction-du-temps-de-travail\/#breadcrumb\"},\"inLanguage\":\"fr-FR\",\"potentialAction\":[{\"@type\":\"ReadAction\",\"target\":[\"https:\/\/syndicoop.fr\/ufictsp\/fiche-3-lenjeu-de-la-reduction-du-temps-de-travail\/\"]}]},{\"@type\":\"ImageObject\",\"inLanguage\":\"fr-FR\",\"@id\":\"https:\/\/syndicoop.fr\/ufictsp\/fiche-3-lenjeu-de-la-reduction-du-temps-de-travail\/#primaryimage\",\"url\":\"https:\/\/syndicoop.fr\/ufictsp\/wp-content\/uploads\/sites\/35\/2021\/05\/Ufict-fdsp.jpg\",\"contentUrl\":\"https:\/\/syndicoop.fr\/ufictsp\/wp-content\/uploads\/sites\/35\/2021\/05\/Ufict-fdsp.jpg\",\"width\":804,\"height\":569},{\"@type\":\"BreadcrumbList\",\"@id\":\"https:\/\/syndicoop.fr\/ufictsp\/fiche-3-lenjeu-de-la-reduction-du-temps-de-travail\/#breadcrumb\",\"itemListElement\":[{\"@type\":\"ListItem\",\"position\":1,\"name\":\"Accueil\",\"item\":\"https:\/\/syndicoop.fr\/ufictsp\/\"},{\"@type\":\"ListItem\",\"position\":2,\"name\":\"Fiche 3 \u2013 L\u2019enjeu de la r\u00e9duction du temps de travail\"}]},{\"@type\":\"WebSite\",\"@id\":\"https:\/\/syndicoop.fr\/ufictsp\/#website\",\"url\":\"https:\/\/syndicoop.fr\/ufictsp\/\",\"name\":\"UFICT CGT des services publics\",\"description\":\"Avec Syndicoop - la plateforme syndicale et coop\u00e9rative\",\"publisher\":{\"@id\":\"https:\/\/syndicoop.fr\/ufictsp\/#organization\"},\"potentialAction\":[{\"@type\":\"SearchAction\",\"target\":{\"@type\":\"EntryPoint\",\"urlTemplate\":\"https:\/\/syndicoop.fr\/ufictsp\/?s={search_term_string}\"},\"query-input\":{\"@type\":\"PropertyValueSpecification\",\"valueRequired\":true,\"valueName\":\"search_term_string\"}}],\"inLanguage\":\"fr-FR\"},{\"@type\":\"Organization\",\"@id\":\"https:\/\/syndicoop.fr\/ufictsp\/#organization\",\"name\":\"UFICT CGT des Services publics\",\"url\":\"https:\/\/syndicoop.fr\/ufictsp\/\",\"logo\":{\"@type\":\"ImageObject\",\"inLanguage\":\"fr-FR\",\"@id\":\"https:\/\/syndicoop.fr\/ufictsp\/#\/schema\/logo\/image\/\",\"url\":\"https:\/\/syndicoop.fr\/ufictsp\/wp-content\/uploads\/sites\/35\/2019\/12\/Logoufictnational.png\",\"contentUrl\":\"https:\/\/syndicoop.fr\/ufictsp\/wp-content\/uploads\/sites\/35\/2019\/12\/Logoufictnational.png\",\"width\":684,\"height\":464,\"caption\":\"UFICT CGT des Services publics\"},\"image\":{\"@id\":\"https:\/\/syndicoop.fr\/ufictsp\/#\/schema\/logo\/image\/\"}},{\"@type\":\"Person\",\"@id\":\"https:\/\/syndicoop.fr\/ufictsp\/#\/schema\/person\/3e41f667417f108b2384976dd41ca5e4\",\"name\":\"Philippe CHAVROCHE\",\"image\":{\"@type\":\"ImageObject\",\"inLanguage\":\"fr-FR\",\"@id\":\"https:\/\/syndicoop.fr\/ufictsp\/#\/schema\/person\/image\/\",\"url\":\"https:\/\/syndicoop.fr\/ufictsp\/wp-content\/wphb-cache\/gravatar\/829\/829d4cab4b59e00e2f58aa72b0bdc31ax96.jpg\",\"contentUrl\":\"https:\/\/syndicoop.fr\/ufictsp\/wp-content\/wphb-cache\/gravatar\/829\/829d4cab4b59e00e2f58aa72b0bdc31ax96.jpg\",\"caption\":\"Philippe CHAVROCHE\"}}]}<\/script>\n<!-- \/ Yoast SEO plugin. -->","yoast_head_json":{"title":"Fiche 3 \u2013 L\u2019enjeu de la r\u00e9duction du temps de travail - UFICT des services publics","robots":{"index":"index","follow":"follow","max-snippet":"max-snippet:-1","max-image-preview":"max-image-preview:large","max-video-preview":"max-video-preview:-1"},"canonical":"https:\/\/syndicoop.fr\/ufictsp\/fiche-3-lenjeu-de-la-reduction-du-temps-de-travail\/","og_locale":"fr_FR","og_type":"article","og_title":"Fiche 3 \u2013 L\u2019enjeu de la r\u00e9duction du temps de travail - UFICT des services publics","og_description":"Fiche 3 \u2013 L\u2019enjeu de la r\u00e9duction du temps de travail : L&rsquo;enjeu de la r\u00e9duction du temps de travail et d&rsquo;une organisation qui respecte la charge de travail des cadres territoriaux\u00b7ales. Apr\u00e8s la loi 2001-2 du 3 janvier 2001, qui avait d\u00e9termin\u00e9 la dur\u00e9e annuelle de temps de travail dans les collectivit\u00e9s \u00e0 1600 [&hellip;]","og_url":"https:\/\/syndicoop.fr\/ufictsp\/fiche-3-lenjeu-de-la-reduction-du-temps-de-travail\/","og_site_name":"UFICT des services publics","article_published_time":"2022-07-05T07:53:07+00:00","og_image":[{"width":804,"height":569,"url":"https:\/\/syndicoop.fr\/ufictsp\/wp-content\/uploads\/sites\/35\/2021\/05\/Ufict-fdsp.jpg","type":"image\/jpeg"}],"author":"Philippe CHAVROCHE","twitter_card":"summary_large_image","twitter_misc":{"\u00c9crit par":"Philippe CHAVROCHE","Dur\u00e9e de lecture estim\u00e9e":"2 minutes"},"schema":{"@context":"https:\/\/schema.org","@graph":[{"@type":"Article","@id":"https:\/\/syndicoop.fr\/ufictsp\/fiche-3-lenjeu-de-la-reduction-du-temps-de-travail\/#article","isPartOf":{"@id":"https:\/\/syndicoop.fr\/ufictsp\/fiche-3-lenjeu-de-la-reduction-du-temps-de-travail\/"},"author":{"name":"Philippe CHAVROCHE","@id":"https:\/\/syndicoop.fr\/ufictsp\/#\/schema\/person\/3e41f667417f108b2384976dd41ca5e4"},"headline":"Fiche 3 \u2013 L\u2019enjeu de la r\u00e9duction du temps de travail","datePublished":"2022-07-05T07:53:07+00:00","mainEntityOfPage":{"@id":"https:\/\/syndicoop.fr\/ufictsp\/fiche-3-lenjeu-de-la-reduction-du-temps-de-travail\/"},"wordCount":308,"commentCount":0,"publisher":{"@id":"https:\/\/syndicoop.fr\/ufictsp\/#organization"},"image":{"@id":"https:\/\/syndicoop.fr\/ufictsp\/fiche-3-lenjeu-de-la-reduction-du-temps-de-travail\/#primaryimage"},"thumbnailUrl":"https:\/\/syndicoop.fr\/ufictsp\/wp-content\/uploads\/sites\/35\/2021\/05\/Ufict-fdsp.jpg","keywords":["services publics","UFICT"],"articleSection":["Actus","UFICT"],"inLanguage":"fr-FR","potentialAction":[{"@type":"CommentAction","name":"Comment","target":["https:\/\/syndicoop.fr\/ufictsp\/fiche-3-lenjeu-de-la-reduction-du-temps-de-travail\/#respond"]}]},{"@type":"WebPage","@id":"https:\/\/syndicoop.fr\/ufictsp\/fiche-3-lenjeu-de-la-reduction-du-temps-de-travail\/","url":"https:\/\/syndicoop.fr\/ufictsp\/fiche-3-lenjeu-de-la-reduction-du-temps-de-travail\/","name":"Fiche 3 \u2013 L\u2019enjeu de la r\u00e9duction du temps de travail - UFICT des services publics","isPartOf":{"@id":"https:\/\/syndicoop.fr\/ufictsp\/#website"},"primaryImageOfPage":{"@id":"https:\/\/syndicoop.fr\/ufictsp\/fiche-3-lenjeu-de-la-reduction-du-temps-de-travail\/#primaryimage"},"image":{"@id":"https:\/\/syndicoop.fr\/ufictsp\/fiche-3-lenjeu-de-la-reduction-du-temps-de-travail\/#primaryimage"},"thumbnailUrl":"https:\/\/syndicoop.fr\/ufictsp\/wp-content\/uploads\/sites\/35\/2021\/05\/Ufict-fdsp.jpg","datePublished":"2022-07-05T07:53:07+00:00","breadcrumb":{"@id":"https:\/\/syndicoop.fr\/ufictsp\/fiche-3-lenjeu-de-la-reduction-du-temps-de-travail\/#breadcrumb"},"inLanguage":"fr-FR","potentialAction":[{"@type":"ReadAction","target":["https:\/\/syndicoop.fr\/ufictsp\/fiche-3-lenjeu-de-la-reduction-du-temps-de-travail\/"]}]},{"@type":"ImageObject","inLanguage":"fr-FR","@id":"https:\/\/syndicoop.fr\/ufictsp\/fiche-3-lenjeu-de-la-reduction-du-temps-de-travail\/#primaryimage","url":"https:\/\/syndicoop.fr\/ufictsp\/wp-content\/uploads\/sites\/35\/2021\/05\/Ufict-fdsp.jpg","contentUrl":"https:\/\/syndicoop.fr\/ufictsp\/wp-content\/uploads\/sites\/35\/2021\/05\/Ufict-fdsp.jpg","width":804,"height":569},{"@type":"BreadcrumbList","@id":"https:\/\/syndicoop.fr\/ufictsp\/fiche-3-lenjeu-de-la-reduction-du-temps-de-travail\/#breadcrumb","itemListElement":[{"@type":"ListItem","position":1,"name":"Accueil","item":"https:\/\/syndicoop.fr\/ufictsp\/"},{"@type":"ListItem","position":2,"name":"Fiche 3 \u2013 L\u2019enjeu de la r\u00e9duction du temps de travail"}]},{"@type":"WebSite","@id":"https:\/\/syndicoop.fr\/ufictsp\/#website","url":"https:\/\/syndicoop.fr\/ufictsp\/","name":"UFICT CGT des services publics","description":"Avec Syndicoop - la plateforme syndicale et coop\u00e9rative","publisher":{"@id":"https:\/\/syndicoop.fr\/ufictsp\/#organization"},"potentialAction":[{"@type":"SearchAction","target":{"@type":"EntryPoint","urlTemplate":"https:\/\/syndicoop.fr\/ufictsp\/?s={search_term_string}"},"query-input":{"@type":"PropertyValueSpecification","valueRequired":true,"valueName":"search_term_string"}}],"inLanguage":"fr-FR"},{"@type":"Organization","@id":"https:\/\/syndicoop.fr\/ufictsp\/#organization","name":"UFICT CGT des Services publics","url":"https:\/\/syndicoop.fr\/ufictsp\/","logo":{"@type":"ImageObject","inLanguage":"fr-FR","@id":"https:\/\/syndicoop.fr\/ufictsp\/#\/schema\/logo\/image\/","url":"https:\/\/syndicoop.fr\/ufictsp\/wp-content\/uploads\/sites\/35\/2019\/12\/Logoufictnational.png","contentUrl":"https:\/\/syndicoop.fr\/ufictsp\/wp-content\/uploads\/sites\/35\/2019\/12\/Logoufictnational.png","width":684,"height":464,"caption":"UFICT CGT des Services publics"},"image":{"@id":"https:\/\/syndicoop.fr\/ufictsp\/#\/schema\/logo\/image\/"}},{"@type":"Person","@id":"https:\/\/syndicoop.fr\/ufictsp\/#\/schema\/person\/3e41f667417f108b2384976dd41ca5e4","name":"Philippe CHAVROCHE","image":{"@type":"ImageObject","inLanguage":"fr-FR","@id":"https:\/\/syndicoop.fr\/ufictsp\/#\/schema\/person\/image\/","url":"https:\/\/syndicoop.fr\/ufictsp\/wp-content\/wphb-cache\/gravatar\/829\/829d4cab4b59e00e2f58aa72b0bdc31ax96.jpg","contentUrl":"https:\/\/syndicoop.fr\/ufictsp\/wp-content\/wphb-cache\/gravatar\/829\/829d4cab4b59e00e2f58aa72b0bdc31ax96.jpg","caption":"Philippe CHAVROCHE"}}]}},"_links":{"self":[{"href":"https:\/\/syndicoop.fr\/ufictsp\/wp-json\/wp\/v2\/posts\/2025","targetHints":{"allow":["GET"]}}],"collection":[{"href":"https:\/\/syndicoop.fr\/ufictsp\/wp-json\/wp\/v2\/posts"}],"about":[{"href":"https:\/\/syndicoop.fr\/ufictsp\/wp-json\/wp\/v2\/types\/post"}],"author":[{"embeddable":true,"href":"https:\/\/syndicoop.fr\/ufictsp\/wp-json\/wp\/v2\/users\/403"}],"replies":[{"embeddable":true,"href":"https:\/\/syndicoop.fr\/ufictsp\/wp-json\/wp\/v2\/comments?post=2025"}],"version-history":[{"count":0,"href":"https:\/\/syndicoop.fr\/ufictsp\/wp-json\/wp\/v2\/posts\/2025\/revisions"}],"wp:featuredmedia":[{"embeddable":true,"href":"https:\/\/syndicoop.fr\/ufictsp\/wp-json\/wp\/v2\/media\/1628"}],"wp:attachment":[{"href":"https:\/\/syndicoop.fr\/ufictsp\/wp-json\/wp\/v2\/media?parent=2025"}],"wp:term":[{"taxonomy":"category","embeddable":true,"href":"https:\/\/syndicoop.fr\/ufictsp\/wp-json\/wp\/v2\/categories?post=2025"},{"taxonomy":"post_tag","embeddable":true,"href":"https:\/\/syndicoop.fr\/ufictsp\/wp-json\/wp\/v2\/tags?post=2025"}],"curies":[{"name":"wp","href":"https:\/\/api.w.org\/{rel}","templated":true}]}}