{"id":2042,"date":"2022-07-05T10:03:41","date_gmt":"2022-07-05T08:03:41","guid":{"rendered":"https:\/\/syndicoop.fr\/ufictsp\/?p=2042"},"modified":"2022-07-05T10:03:41","modified_gmt":"2022-07-05T08:03:41","slug":"fiche-8-lindividualisation-de-la-remuneration-des-cadres","status":"publish","type":"post","link":"https:\/\/syndicoop.fr\/ufictsp\/fiche-8-lindividualisation-de-la-remuneration-des-cadres\/","title":{"rendered":"Fiche 8 \u2013 l\u2019individualisation de la r\u00e9mun\u00e9ration des cadres"},"content":{"rendered":"<p><img decoding=\"async\" class=\"aligncenter size-medium wp-image-2043 lazyload\" data-src=\"https:\/\/syndicoop.fr\/ufictsp\/wp-content\/uploads\/sites\/35\/2022\/07\/Fiche-8-300x214.png\" alt=\"\" width=\"300\" height=\"214\" data-srcset=\"https:\/\/syndicoop.fr\/ufictsp\/wp-content\/uploads\/sites\/35\/2022\/07\/Fiche-8-300x214.png 300w, https:\/\/syndicoop.fr\/ufictsp\/wp-content\/uploads\/sites\/35\/2022\/07\/Fiche-8-768x549.png 768w, https:\/\/syndicoop.fr\/ufictsp\/wp-content\/uploads\/sites\/35\/2022\/07\/Fiche-8.png 907w\" data-sizes=\"(max-width: 300px) 100vw, 300px\" src=\"data:image\/svg+xml;base64,PHN2ZyB3aWR0aD0iMSIgaGVpZ2h0PSIxIiB4bWxucz0iaHR0cDovL3d3dy53My5vcmcvMjAwMC9zdmciPjwvc3ZnPg==\" style=\"--smush-placeholder-width: 300px; --smush-placeholder-aspect-ratio: 300\/214;\" \/><\/p>\n<p>Fiche 8 \u2013 l\u2019individualisation de la r\u00e9mun\u00e9ration des cadres : La recherche de la performance ?<\/p>\n<p>Gestionnaires de la p\u00e9nurie, les cadres sont les premi\u00e8res victimes du syst\u00e8me de gestion financi\u00e8re des ressources humaines. Les collectifs de travail sont balay\u00e9s au profit des logiques individuelles. La comp\u00e9titivit\u00e9 des territoires g\u00e9n\u00e8re une mise en concurrence des cadres qui sont victimes de l&rsquo;arbitraire accompagnant la r\u00e9mun\u00e9ration \u00ab\u00a0au m\u00e9rite\u00a0\u00bb, au d\u00e9triment de la reconnaissance des fonction d&rsquo;expertise et de la technicit\u00e9, mais aussi de la neutralit\u00e9 de l&rsquo;action publique et de la d\u00e9fense de l&rsquo;int\u00e9r\u00eat g\u00e9n\u00e9ral.<\/p>\n<p><!--more--><\/p>\n<p><a href=\"https:\/\/syndicoop.fr\/kiosque\/journal\/fiche-8-lindividualisation-de-la-remuneration-des-cadres\/\">https:\/\/syndicoop.fr\/kiosque\/journal\/fiche-8-lindividualisation-de-la-remuneration-des-cadres\/<\/a><\/p>\n","protected":false},"excerpt":{"rendered":"<p>Fiche 8 \u2013 l\u2019individualisation de la r\u00e9mun\u00e9ration des cadres : La recherche de la performance ? Gestionnaires de la p\u00e9nurie, les cadres sont les premi\u00e8res victimes du syst\u00e8me de gestion financi\u00e8re des ressources humaines. Les collectifs de travail sont balay\u00e9s au profit des logiques individuelles. La comp\u00e9titivit\u00e9 des territoires g\u00e9n\u00e8re une mise en concurrence des [&hellip;]<\/p>\n","protected":false},"author":403,"featured_media":1628,"comment_status":"open","ping_status":"closed","sticky":false,"template":"","format":"standard","meta":{"_acf_changed":false,"footnotes":""},"categories":[1,31],"tags":[151,161],"class_list":["post-2042","post","type-post","status-publish","format-standard","has-post-thumbnail","hentry","category-actus","category-ufict","tag-services-publics","tag-ufict","featuring-alaune","themes-elections-professionnelles-2022","themes-fonction-publique","documents-livret"],"acf":[],"yoast_head":"<!-- This site is optimized with the Yoast SEO plugin v26.3 - https:\/\/yoast.com\/wordpress\/plugins\/seo\/ -->\n<title>Fiche 8 \u2013 l\u2019individualisation de la r\u00e9mun\u00e9ration des cadres - UFICT des services publics<\/title>\n<meta name=\"robots\" content=\"index, follow, max-snippet:-1, max-image-preview:large, max-video-preview:-1\" \/>\n<link rel=\"canonical\" href=\"https:\/\/syndicoop.fr\/ufictsp\/fiche-8-lindividualisation-de-la-remuneration-des-cadres\/\" \/>\n<meta property=\"og:locale\" content=\"fr_FR\" \/>\n<meta property=\"og:type\" content=\"article\" \/>\n<meta property=\"og:title\" content=\"Fiche 8 \u2013 l\u2019individualisation de la r\u00e9mun\u00e9ration des cadres - UFICT des services publics\" \/>\n<meta property=\"og:description\" content=\"Fiche 8 \u2013 l\u2019individualisation de la r\u00e9mun\u00e9ration des cadres : La recherche de la performance ? Gestionnaires de la p\u00e9nurie, les cadres sont les premi\u00e8res victimes du syst\u00e8me de gestion financi\u00e8re des ressources humaines. Les collectifs de travail sont balay\u00e9s au profit des logiques individuelles. La comp\u00e9titivit\u00e9 des territoires g\u00e9n\u00e8re une mise en concurrence des [&hellip;]\" \/>\n<meta property=\"og:url\" content=\"https:\/\/syndicoop.fr\/ufictsp\/fiche-8-lindividualisation-de-la-remuneration-des-cadres\/\" \/>\n<meta property=\"og:site_name\" content=\"UFICT des services publics\" \/>\n<meta property=\"article:published_time\" content=\"2022-07-05T08:03:41+00:00\" \/>\n<meta property=\"og:image\" content=\"https:\/\/syndicoop.fr\/ufictsp\/wp-content\/uploads\/sites\/35\/2021\/05\/Ufict-fdsp.jpg\" \/>\n\t<meta property=\"og:image:width\" content=\"804\" \/>\n\t<meta property=\"og:image:height\" content=\"569\" \/>\n\t<meta property=\"og:image:type\" content=\"image\/jpeg\" \/>\n<meta name=\"author\" content=\"Philippe CHAVROCHE\" \/>\n<meta name=\"twitter:card\" content=\"summary_large_image\" \/>\n<meta name=\"twitter:label1\" content=\"\u00c9crit par\" \/>\n\t<meta name=\"twitter:data1\" content=\"Philippe CHAVROCHE\" \/>\n\t<meta name=\"twitter:label2\" content=\"Dur\u00e9e de lecture estim\u00e9e\" \/>\n\t<meta name=\"twitter:data2\" content=\"1 minute\" \/>\n<script type=\"application\/ld+json\" class=\"yoast-schema-graph\">{\"@context\":\"https:\/\/schema.org\",\"@graph\":[{\"@type\":\"Article\",\"@id\":\"https:\/\/syndicoop.fr\/ufictsp\/fiche-8-lindividualisation-de-la-remuneration-des-cadres\/#article\",\"isPartOf\":{\"@id\":\"https:\/\/syndicoop.fr\/ufictsp\/fiche-8-lindividualisation-de-la-remuneration-des-cadres\/\"},\"author\":{\"name\":\"Philippe CHAVROCHE\",\"@id\":\"https:\/\/syndicoop.fr\/ufictsp\/#\/schema\/person\/3e41f667417f108b2384976dd41ca5e4\"},\"headline\":\"Fiche 8 \u2013 l\u2019individualisation de la r\u00e9mun\u00e9ration des cadres\",\"datePublished\":\"2022-07-05T08:03:41+00:00\",\"mainEntityOfPage\":{\"@id\":\"https:\/\/syndicoop.fr\/ufictsp\/fiche-8-lindividualisation-de-la-remuneration-des-cadres\/\"},\"wordCount\":128,\"commentCount\":0,\"publisher\":{\"@id\":\"https:\/\/syndicoop.fr\/ufictsp\/#organization\"},\"image\":{\"@id\":\"https:\/\/syndicoop.fr\/ufictsp\/fiche-8-lindividualisation-de-la-remuneration-des-cadres\/#primaryimage\"},\"thumbnailUrl\":\"https:\/\/syndicoop.fr\/ufictsp\/wp-content\/uploads\/sites\/35\/2021\/05\/Ufict-fdsp.jpg\",\"keywords\":[\"services publics\",\"UFICT\"],\"articleSection\":[\"Actus\",\"UFICT\"],\"inLanguage\":\"fr-FR\",\"potentialAction\":[{\"@type\":\"CommentAction\",\"name\":\"Comment\",\"target\":[\"https:\/\/syndicoop.fr\/ufictsp\/fiche-8-lindividualisation-de-la-remuneration-des-cadres\/#respond\"]}]},{\"@type\":\"WebPage\",\"@id\":\"https:\/\/syndicoop.fr\/ufictsp\/fiche-8-lindividualisation-de-la-remuneration-des-cadres\/\",\"url\":\"https:\/\/syndicoop.fr\/ufictsp\/fiche-8-lindividualisation-de-la-remuneration-des-cadres\/\",\"name\":\"Fiche 8 \u2013 l\u2019individualisation de la r\u00e9mun\u00e9ration des cadres - UFICT des services publics\",\"isPartOf\":{\"@id\":\"https:\/\/syndicoop.fr\/ufictsp\/#website\"},\"primaryImageOfPage\":{\"@id\":\"https:\/\/syndicoop.fr\/ufictsp\/fiche-8-lindividualisation-de-la-remuneration-des-cadres\/#primaryimage\"},\"image\":{\"@id\":\"https:\/\/syndicoop.fr\/ufictsp\/fiche-8-lindividualisation-de-la-remuneration-des-cadres\/#primaryimage\"},\"thumbnailUrl\":\"https:\/\/syndicoop.fr\/ufictsp\/wp-content\/uploads\/sites\/35\/2021\/05\/Ufict-fdsp.jpg\",\"datePublished\":\"2022-07-05T08:03:41+00:00\",\"breadcrumb\":{\"@id\":\"https:\/\/syndicoop.fr\/ufictsp\/fiche-8-lindividualisation-de-la-remuneration-des-cadres\/#breadcrumb\"},\"inLanguage\":\"fr-FR\",\"potentialAction\":[{\"@type\":\"ReadAction\",\"target\":[\"https:\/\/syndicoop.fr\/ufictsp\/fiche-8-lindividualisation-de-la-remuneration-des-cadres\/\"]}]},{\"@type\":\"ImageObject\",\"inLanguage\":\"fr-FR\",\"@id\":\"https:\/\/syndicoop.fr\/ufictsp\/fiche-8-lindividualisation-de-la-remuneration-des-cadres\/#primaryimage\",\"url\":\"https:\/\/syndicoop.fr\/ufictsp\/wp-content\/uploads\/sites\/35\/2021\/05\/Ufict-fdsp.jpg\",\"contentUrl\":\"https:\/\/syndicoop.fr\/ufictsp\/wp-content\/uploads\/sites\/35\/2021\/05\/Ufict-fdsp.jpg\",\"width\":804,\"height\":569},{\"@type\":\"BreadcrumbList\",\"@id\":\"https:\/\/syndicoop.fr\/ufictsp\/fiche-8-lindividualisation-de-la-remuneration-des-cadres\/#breadcrumb\",\"itemListElement\":[{\"@type\":\"ListItem\",\"position\":1,\"name\":\"Accueil\",\"item\":\"https:\/\/syndicoop.fr\/ufictsp\/\"},{\"@type\":\"ListItem\",\"position\":2,\"name\":\"Fiche 8 \u2013 l\u2019individualisation de la r\u00e9mun\u00e9ration des cadres\"}]},{\"@type\":\"WebSite\",\"@id\":\"https:\/\/syndicoop.fr\/ufictsp\/#website\",\"url\":\"https:\/\/syndicoop.fr\/ufictsp\/\",\"name\":\"UFICT CGT des services publics\",\"description\":\"Avec Syndicoop - la plateforme syndicale et coop\u00e9rative\",\"publisher\":{\"@id\":\"https:\/\/syndicoop.fr\/ufictsp\/#organization\"},\"potentialAction\":[{\"@type\":\"SearchAction\",\"target\":{\"@type\":\"EntryPoint\",\"urlTemplate\":\"https:\/\/syndicoop.fr\/ufictsp\/?s={search_term_string}\"},\"query-input\":{\"@type\":\"PropertyValueSpecification\",\"valueRequired\":true,\"valueName\":\"search_term_string\"}}],\"inLanguage\":\"fr-FR\"},{\"@type\":\"Organization\",\"@id\":\"https:\/\/syndicoop.fr\/ufictsp\/#organization\",\"name\":\"UFICT CGT des Services publics\",\"url\":\"https:\/\/syndicoop.fr\/ufictsp\/\",\"logo\":{\"@type\":\"ImageObject\",\"inLanguage\":\"fr-FR\",\"@id\":\"https:\/\/syndicoop.fr\/ufictsp\/#\/schema\/logo\/image\/\",\"url\":\"https:\/\/syndicoop.fr\/ufictsp\/wp-content\/uploads\/sites\/35\/2019\/12\/Logoufictnational.png\",\"contentUrl\":\"https:\/\/syndicoop.fr\/ufictsp\/wp-content\/uploads\/sites\/35\/2019\/12\/Logoufictnational.png\",\"width\":684,\"height\":464,\"caption\":\"UFICT CGT des Services publics\"},\"image\":{\"@id\":\"https:\/\/syndicoop.fr\/ufictsp\/#\/schema\/logo\/image\/\"}},{\"@type\":\"Person\",\"@id\":\"https:\/\/syndicoop.fr\/ufictsp\/#\/schema\/person\/3e41f667417f108b2384976dd41ca5e4\",\"name\":\"Philippe CHAVROCHE\",\"image\":{\"@type\":\"ImageObject\",\"inLanguage\":\"fr-FR\",\"@id\":\"https:\/\/syndicoop.fr\/ufictsp\/#\/schema\/person\/image\/\",\"url\":\"https:\/\/syndicoop.fr\/ufictsp\/wp-content\/wphb-cache\/gravatar\/829\/829d4cab4b59e00e2f58aa72b0bdc31ax96.jpg\",\"contentUrl\":\"https:\/\/syndicoop.fr\/ufictsp\/wp-content\/wphb-cache\/gravatar\/829\/829d4cab4b59e00e2f58aa72b0bdc31ax96.jpg\",\"caption\":\"Philippe CHAVROCHE\"}}]}<\/script>\n<!-- \/ Yoast SEO plugin. -->","yoast_head_json":{"title":"Fiche 8 \u2013 l\u2019individualisation de la r\u00e9mun\u00e9ration des cadres - UFICT des services publics","robots":{"index":"index","follow":"follow","max-snippet":"max-snippet:-1","max-image-preview":"max-image-preview:large","max-video-preview":"max-video-preview:-1"},"canonical":"https:\/\/syndicoop.fr\/ufictsp\/fiche-8-lindividualisation-de-la-remuneration-des-cadres\/","og_locale":"fr_FR","og_type":"article","og_title":"Fiche 8 \u2013 l\u2019individualisation de la r\u00e9mun\u00e9ration des cadres - UFICT des services publics","og_description":"Fiche 8 \u2013 l\u2019individualisation de la r\u00e9mun\u00e9ration des cadres : La recherche de la performance ? Gestionnaires de la p\u00e9nurie, les cadres sont les premi\u00e8res victimes du syst\u00e8me de gestion financi\u00e8re des ressources humaines. Les collectifs de travail sont balay\u00e9s au profit des logiques individuelles. La comp\u00e9titivit\u00e9 des territoires g\u00e9n\u00e8re une mise en concurrence des [&hellip;]","og_url":"https:\/\/syndicoop.fr\/ufictsp\/fiche-8-lindividualisation-de-la-remuneration-des-cadres\/","og_site_name":"UFICT des services publics","article_published_time":"2022-07-05T08:03:41+00:00","og_image":[{"width":804,"height":569,"url":"https:\/\/syndicoop.fr\/ufictsp\/wp-content\/uploads\/sites\/35\/2021\/05\/Ufict-fdsp.jpg","type":"image\/jpeg"}],"author":"Philippe CHAVROCHE","twitter_card":"summary_large_image","twitter_misc":{"\u00c9crit par":"Philippe CHAVROCHE","Dur\u00e9e de lecture estim\u00e9e":"1 minute"},"schema":{"@context":"https:\/\/schema.org","@graph":[{"@type":"Article","@id":"https:\/\/syndicoop.fr\/ufictsp\/fiche-8-lindividualisation-de-la-remuneration-des-cadres\/#article","isPartOf":{"@id":"https:\/\/syndicoop.fr\/ufictsp\/fiche-8-lindividualisation-de-la-remuneration-des-cadres\/"},"author":{"name":"Philippe CHAVROCHE","@id":"https:\/\/syndicoop.fr\/ufictsp\/#\/schema\/person\/3e41f667417f108b2384976dd41ca5e4"},"headline":"Fiche 8 \u2013 l\u2019individualisation de la r\u00e9mun\u00e9ration des cadres","datePublished":"2022-07-05T08:03:41+00:00","mainEntityOfPage":{"@id":"https:\/\/syndicoop.fr\/ufictsp\/fiche-8-lindividualisation-de-la-remuneration-des-cadres\/"},"wordCount":128,"commentCount":0,"publisher":{"@id":"https:\/\/syndicoop.fr\/ufictsp\/#organization"},"image":{"@id":"https:\/\/syndicoop.fr\/ufictsp\/fiche-8-lindividualisation-de-la-remuneration-des-cadres\/#primaryimage"},"thumbnailUrl":"https:\/\/syndicoop.fr\/ufictsp\/wp-content\/uploads\/sites\/35\/2021\/05\/Ufict-fdsp.jpg","keywords":["services publics","UFICT"],"articleSection":["Actus","UFICT"],"inLanguage":"fr-FR","potentialAction":[{"@type":"CommentAction","name":"Comment","target":["https:\/\/syndicoop.fr\/ufictsp\/fiche-8-lindividualisation-de-la-remuneration-des-cadres\/#respond"]}]},{"@type":"WebPage","@id":"https:\/\/syndicoop.fr\/ufictsp\/fiche-8-lindividualisation-de-la-remuneration-des-cadres\/","url":"https:\/\/syndicoop.fr\/ufictsp\/fiche-8-lindividualisation-de-la-remuneration-des-cadres\/","name":"Fiche 8 \u2013 l\u2019individualisation de la r\u00e9mun\u00e9ration des cadres - UFICT des services publics","isPartOf":{"@id":"https:\/\/syndicoop.fr\/ufictsp\/#website"},"primaryImageOfPage":{"@id":"https:\/\/syndicoop.fr\/ufictsp\/fiche-8-lindividualisation-de-la-remuneration-des-cadres\/#primaryimage"},"image":{"@id":"https:\/\/syndicoop.fr\/ufictsp\/fiche-8-lindividualisation-de-la-remuneration-des-cadres\/#primaryimage"},"thumbnailUrl":"https:\/\/syndicoop.fr\/ufictsp\/wp-content\/uploads\/sites\/35\/2021\/05\/Ufict-fdsp.jpg","datePublished":"2022-07-05T08:03:41+00:00","breadcrumb":{"@id":"https:\/\/syndicoop.fr\/ufictsp\/fiche-8-lindividualisation-de-la-remuneration-des-cadres\/#breadcrumb"},"inLanguage":"fr-FR","potentialAction":[{"@type":"ReadAction","target":["https:\/\/syndicoop.fr\/ufictsp\/fiche-8-lindividualisation-de-la-remuneration-des-cadres\/"]}]},{"@type":"ImageObject","inLanguage":"fr-FR","@id":"https:\/\/syndicoop.fr\/ufictsp\/fiche-8-lindividualisation-de-la-remuneration-des-cadres\/#primaryimage","url":"https:\/\/syndicoop.fr\/ufictsp\/wp-content\/uploads\/sites\/35\/2021\/05\/Ufict-fdsp.jpg","contentUrl":"https:\/\/syndicoop.fr\/ufictsp\/wp-content\/uploads\/sites\/35\/2021\/05\/Ufict-fdsp.jpg","width":804,"height":569},{"@type":"BreadcrumbList","@id":"https:\/\/syndicoop.fr\/ufictsp\/fiche-8-lindividualisation-de-la-remuneration-des-cadres\/#breadcrumb","itemListElement":[{"@type":"ListItem","position":1,"name":"Accueil","item":"https:\/\/syndicoop.fr\/ufictsp\/"},{"@type":"ListItem","position":2,"name":"Fiche 8 \u2013 l\u2019individualisation de la r\u00e9mun\u00e9ration des cadres"}]},{"@type":"WebSite","@id":"https:\/\/syndicoop.fr\/ufictsp\/#website","url":"https:\/\/syndicoop.fr\/ufictsp\/","name":"UFICT CGT des services publics","description":"Avec Syndicoop - la plateforme syndicale et coop\u00e9rative","publisher":{"@id":"https:\/\/syndicoop.fr\/ufictsp\/#organization"},"potentialAction":[{"@type":"SearchAction","target":{"@type":"EntryPoint","urlTemplate":"https:\/\/syndicoop.fr\/ufictsp\/?s={search_term_string}"},"query-input":{"@type":"PropertyValueSpecification","valueRequired":true,"valueName":"search_term_string"}}],"inLanguage":"fr-FR"},{"@type":"Organization","@id":"https:\/\/syndicoop.fr\/ufictsp\/#organization","name":"UFICT CGT des Services publics","url":"https:\/\/syndicoop.fr\/ufictsp\/","logo":{"@type":"ImageObject","inLanguage":"fr-FR","@id":"https:\/\/syndicoop.fr\/ufictsp\/#\/schema\/logo\/image\/","url":"https:\/\/syndicoop.fr\/ufictsp\/wp-content\/uploads\/sites\/35\/2019\/12\/Logoufictnational.png","contentUrl":"https:\/\/syndicoop.fr\/ufictsp\/wp-content\/uploads\/sites\/35\/2019\/12\/Logoufictnational.png","width":684,"height":464,"caption":"UFICT CGT des Services publics"},"image":{"@id":"https:\/\/syndicoop.fr\/ufictsp\/#\/schema\/logo\/image\/"}},{"@type":"Person","@id":"https:\/\/syndicoop.fr\/ufictsp\/#\/schema\/person\/3e41f667417f108b2384976dd41ca5e4","name":"Philippe CHAVROCHE","image":{"@type":"ImageObject","inLanguage":"fr-FR","@id":"https:\/\/syndicoop.fr\/ufictsp\/#\/schema\/person\/image\/","url":"https:\/\/syndicoop.fr\/ufictsp\/wp-content\/wphb-cache\/gravatar\/829\/829d4cab4b59e00e2f58aa72b0bdc31ax96.jpg","contentUrl":"https:\/\/syndicoop.fr\/ufictsp\/wp-content\/wphb-cache\/gravatar\/829\/829d4cab4b59e00e2f58aa72b0bdc31ax96.jpg","caption":"Philippe CHAVROCHE"}}]}},"_links":{"self":[{"href":"https:\/\/syndicoop.fr\/ufictsp\/wp-json\/wp\/v2\/posts\/2042","targetHints":{"allow":["GET"]}}],"collection":[{"href":"https:\/\/syndicoop.fr\/ufictsp\/wp-json\/wp\/v2\/posts"}],"about":[{"href":"https:\/\/syndicoop.fr\/ufictsp\/wp-json\/wp\/v2\/types\/post"}],"author":[{"embeddable":true,"href":"https:\/\/syndicoop.fr\/ufictsp\/wp-json\/wp\/v2\/users\/403"}],"replies":[{"embeddable":true,"href":"https:\/\/syndicoop.fr\/ufictsp\/wp-json\/wp\/v2\/comments?post=2042"}],"version-history":[{"count":0,"href":"https:\/\/syndicoop.fr\/ufictsp\/wp-json\/wp\/v2\/posts\/2042\/revisions"}],"wp:featuredmedia":[{"embeddable":true,"href":"https:\/\/syndicoop.fr\/ufictsp\/wp-json\/wp\/v2\/media\/1628"}],"wp:attachment":[{"href":"https:\/\/syndicoop.fr\/ufictsp\/wp-json\/wp\/v2\/media?parent=2042"}],"wp:term":[{"taxonomy":"category","embeddable":true,"href":"https:\/\/syndicoop.fr\/ufictsp\/wp-json\/wp\/v2\/categories?post=2042"},{"taxonomy":"post_tag","embeddable":true,"href":"https:\/\/syndicoop.fr\/ufictsp\/wp-json\/wp\/v2\/tags?post=2042"}],"curies":[{"name":"wp","href":"https:\/\/api.w.org\/{rel}","templated":true}]}}