{"id":2129,"date":"2022-11-24T15:39:21","date_gmt":"2022-11-24T14:39:21","guid":{"rendered":"https:\/\/syndicoop.fr\/ufictsp\/?p=2129"},"modified":"2022-11-30T20:01:06","modified_gmt":"2022-11-30T19:01:06","slug":"motion-signalement-de-violences-sexistes-et-ou-sexuelles","status":"publish","type":"post","link":"https:\/\/syndicoop.fr\/ufictsp\/motion-signalement-de-violences-sexistes-et-ou-sexuelles\/","title":{"rendered":"Motion Relative aux mesures conservatoires \u00e0 mettre en \u0153uvre par l\u2019UFICT CGT Services Publics suite \u00e0 signalement de violences sexistes et-ou sexuelles."},"content":{"rendered":"<p><img decoding=\"async\" class=\"aligncenter size-medium wp-image-1628 lazyload\" data-src=\"https:\/\/syndicoop.fr\/ufictsp\/wp-content\/uploads\/sites\/35\/2021\/05\/Ufict-fdsp-300x212.jpg\" alt=\"\" width=\"300\" height=\"212\" data-srcset=\"https:\/\/syndicoop.fr\/ufictsp\/wp-content\/uploads\/sites\/35\/2021\/05\/Ufict-fdsp-300x212.jpg 300w, https:\/\/syndicoop.fr\/ufictsp\/wp-content\/uploads\/sites\/35\/2021\/05\/Ufict-fdsp-768x544.jpg 768w, https:\/\/syndicoop.fr\/ufictsp\/wp-content\/uploads\/sites\/35\/2021\/05\/Ufict-fdsp.jpg 804w\" data-sizes=\"(max-width: 300px) 100vw, 300px\" src=\"data:image\/svg+xml;base64,PHN2ZyB3aWR0aD0iMSIgaGVpZ2h0PSIxIiB4bWxucz0iaHR0cDovL3d3dy53My5vcmcvMjAwMC9zdmciPjwvc3ZnPg==\" style=\"--smush-placeholder-width: 300px; --smush-placeholder-aspect-ratio: 300\/212;\" \/><\/p>\n<h4 class=\"entry-title ft-4 ft-alt ft-bold tleft\" style=\"text-align: center\">Motion Relative aux mesures conservatoires \u00e0 mettre en oeuvre par l\u2019UFICT CGT Services Publics suite \u00e0 signalement de violences sexistes et-ou sexuelles.<\/h4>\n<p><!--more--><\/p>\n<p>La Commission ex\u00e9cutive de l&rsquo;UFICT a vot\u00e9 le 07 octobre 2022 une motion relative aux mesures conservatoires \u00e0 mettre en \u0153uvre par l&rsquo;UFICT CGT Services Publics suite \u00e0 signalement de violences sexistes et-ou sexuelles.<\/p>\n<p>Cette motion a plusieurs objectifs : prendre en compte le principe de sinc\u00e9rit\u00e9 de la victime, permettre \u00e0 l&rsquo;UFICT CGT Services Publics de prot\u00e9ger tant la victime, la personne mise en cause, les autres \u00e9lu.es, mandat\u00e9.e.s et affili\u00e9.e.s de l&rsquo;UFICT que l&rsquo;organisation et, le cas \u00e9ch\u00e9ant, garantir \u00e0 toutes les parties, le cas \u00e9ch\u00e9ant, le d\u00e9roulement des \u00ab\u00a0enqu\u00eates\u00a0\u00bb dans un climat exempt de pression, restaurer un climat g\u00e9n\u00e9ral de confiance et non sexiste et mettre en \u0153uvre l&rsquo;engagement concret de l&rsquo;UFICT CGT Services Publics dans la lutte contre les violences sexistes et-ou sexuelles. Il s&rsquo;agit \u00e9galement d&rsquo;acter le fait que ses dirigeant.e.s soient form\u00e9.e.s \u00e0 cette lutte.<\/p>\n<p>Lien vers la motion au format PDF : <a href=\"https:\/\/syndicoop.fr\/kiosque\/journal\/motion-relative-aux-mesures-conservatoires-a-mettre-en-oeuvre-par-lufict-cgt-services-publics-suite-a-signalement-de-violences-sexistes-et-ou-sexuelles\/\">ici<\/a><\/p>\n","protected":false},"excerpt":{"rendered":"<p>Motion Relative aux mesures conservatoires \u00e0 mettre en oeuvre par l\u2019UFICT CGT Services Publics suite \u00e0 signalement de violences sexistes et-ou sexuelles.<\/p>\n","protected":false},"author":403,"featured_media":1628,"comment_status":"open","ping_status":"closed","sticky":false,"template":"","format":"standard","meta":{"_acf_changed":false,"footnotes":""},"categories":[1,31],"tags":[382,557,161],"class_list":["post-2129","post","type-post","status-publish","format-standard","has-post-thumbnail","hentry","category-actus","category-ufict","tag-lutte-contre-les-violences-sexistes-et-sexuelles","tag-motion","tag-ufict","featuring-alaune","featuring-enavant","themes-violences","documents-communique","secteur-toutes"],"acf":[],"yoast_head":"<!-- This site is optimized with the Yoast SEO plugin v26.3 - https:\/\/yoast.com\/wordpress\/plugins\/seo\/ -->\n<title>Motion Relative aux mesures conservatoires \u00e0 mettre en \u0153uvre par l\u2019UFICT CGT Services Publics suite \u00e0 signalement de violences sexistes et-ou sexuelles. - UFICT des services publics<\/title>\n<meta name=\"robots\" content=\"index, follow, max-snippet:-1, max-image-preview:large, max-video-preview:-1\" \/>\n<link rel=\"canonical\" href=\"https:\/\/syndicoop.fr\/ufictsp\/motion-signalement-de-violences-sexistes-et-ou-sexuelles\/\" \/>\n<meta property=\"og:locale\" content=\"fr_FR\" \/>\n<meta property=\"og:type\" content=\"article\" \/>\n<meta property=\"og:title\" content=\"Motion Relative aux mesures conservatoires \u00e0 mettre en \u0153uvre par l\u2019UFICT CGT Services Publics suite \u00e0 signalement de violences sexistes et-ou sexuelles. - UFICT des services publics\" \/>\n<meta property=\"og:description\" content=\"Motion Relative aux mesures conservatoires \u00e0 mettre en oeuvre par l\u2019UFICT CGT Services Publics suite \u00e0 signalement de violences sexistes et-ou sexuelles.\" \/>\n<meta property=\"og:url\" content=\"https:\/\/syndicoop.fr\/ufictsp\/motion-signalement-de-violences-sexistes-et-ou-sexuelles\/\" \/>\n<meta property=\"og:site_name\" content=\"UFICT des services publics\" \/>\n<meta property=\"article:published_time\" content=\"2022-11-24T14:39:21+00:00\" \/>\n<meta property=\"article:modified_time\" content=\"2022-11-30T19:01:06+00:00\" \/>\n<meta property=\"og:image\" content=\"https:\/\/syndicoop.fr\/ufictsp\/wp-content\/uploads\/sites\/35\/2021\/05\/Ufict-fdsp.jpg\" \/>\n\t<meta property=\"og:image:width\" content=\"804\" \/>\n\t<meta property=\"og:image:height\" content=\"569\" \/>\n\t<meta property=\"og:image:type\" content=\"image\/jpeg\" \/>\n<meta name=\"author\" content=\"Philippe CHAVROCHE\" \/>\n<meta name=\"twitter:card\" content=\"summary_large_image\" \/>\n<meta name=\"twitter:label1\" content=\"\u00c9crit par\" \/>\n\t<meta name=\"twitter:data1\" content=\"Philippe CHAVROCHE\" \/>\n\t<meta name=\"twitter:label2\" content=\"Dur\u00e9e de lecture estim\u00e9e\" \/>\n\t<meta name=\"twitter:data2\" content=\"1 minute\" \/>\n<script type=\"application\/ld+json\" class=\"yoast-schema-graph\">{\"@context\":\"https:\/\/schema.org\",\"@graph\":[{\"@type\":\"Article\",\"@id\":\"https:\/\/syndicoop.fr\/ufictsp\/motion-signalement-de-violences-sexistes-et-ou-sexuelles\/#article\",\"isPartOf\":{\"@id\":\"https:\/\/syndicoop.fr\/ufictsp\/motion-signalement-de-violences-sexistes-et-ou-sexuelles\/\"},\"author\":{\"name\":\"Philippe CHAVROCHE\",\"@id\":\"https:\/\/syndicoop.fr\/ufictsp\/#\/schema\/person\/3e41f667417f108b2384976dd41ca5e4\"},\"headline\":\"Motion Relative aux mesures conservatoires \u00e0 mettre en \u0153uvre par l\u2019UFICT CGT Services Publics suite \u00e0 signalement de violences sexistes et-ou sexuelles.\",\"datePublished\":\"2022-11-24T14:39:21+00:00\",\"dateModified\":\"2022-11-30T19:01:06+00:00\",\"mainEntityOfPage\":{\"@id\":\"https:\/\/syndicoop.fr\/ufictsp\/motion-signalement-de-violences-sexistes-et-ou-sexuelles\/\"},\"wordCount\":201,\"commentCount\":0,\"publisher\":{\"@id\":\"https:\/\/syndicoop.fr\/ufictsp\/#organization\"},\"image\":{\"@id\":\"https:\/\/syndicoop.fr\/ufictsp\/motion-signalement-de-violences-sexistes-et-ou-sexuelles\/#primaryimage\"},\"thumbnailUrl\":\"https:\/\/syndicoop.fr\/ufictsp\/wp-content\/uploads\/sites\/35\/2021\/05\/Ufict-fdsp.jpg\",\"keywords\":[\"Lutte contre les violences sexistes et sexuelles\",\"Motion\",\"UFICT\"],\"articleSection\":[\"Actus\",\"UFICT\"],\"inLanguage\":\"fr-FR\",\"potentialAction\":[{\"@type\":\"CommentAction\",\"name\":\"Comment\",\"target\":[\"https:\/\/syndicoop.fr\/ufictsp\/motion-signalement-de-violences-sexistes-et-ou-sexuelles\/#respond\"]}]},{\"@type\":\"WebPage\",\"@id\":\"https:\/\/syndicoop.fr\/ufictsp\/motion-signalement-de-violences-sexistes-et-ou-sexuelles\/\",\"url\":\"https:\/\/syndicoop.fr\/ufictsp\/motion-signalement-de-violences-sexistes-et-ou-sexuelles\/\",\"name\":\"Motion Relative aux mesures conservatoires \u00e0 mettre en \u0153uvre par l\u2019UFICT CGT Services Publics suite \u00e0 signalement de violences sexistes et-ou sexuelles. - UFICT des services publics\",\"isPartOf\":{\"@id\":\"https:\/\/syndicoop.fr\/ufictsp\/#website\"},\"primaryImageOfPage\":{\"@id\":\"https:\/\/syndicoop.fr\/ufictsp\/motion-signalement-de-violences-sexistes-et-ou-sexuelles\/#primaryimage\"},\"image\":{\"@id\":\"https:\/\/syndicoop.fr\/ufictsp\/motion-signalement-de-violences-sexistes-et-ou-sexuelles\/#primaryimage\"},\"thumbnailUrl\":\"https:\/\/syndicoop.fr\/ufictsp\/wp-content\/uploads\/sites\/35\/2021\/05\/Ufict-fdsp.jpg\",\"datePublished\":\"2022-11-24T14:39:21+00:00\",\"dateModified\":\"2022-11-30T19:01:06+00:00\",\"breadcrumb\":{\"@id\":\"https:\/\/syndicoop.fr\/ufictsp\/motion-signalement-de-violences-sexistes-et-ou-sexuelles\/#breadcrumb\"},\"inLanguage\":\"fr-FR\",\"potentialAction\":[{\"@type\":\"ReadAction\",\"target\":[\"https:\/\/syndicoop.fr\/ufictsp\/motion-signalement-de-violences-sexistes-et-ou-sexuelles\/\"]}]},{\"@type\":\"ImageObject\",\"inLanguage\":\"fr-FR\",\"@id\":\"https:\/\/syndicoop.fr\/ufictsp\/motion-signalement-de-violences-sexistes-et-ou-sexuelles\/#primaryimage\",\"url\":\"https:\/\/syndicoop.fr\/ufictsp\/wp-content\/uploads\/sites\/35\/2021\/05\/Ufict-fdsp.jpg\",\"contentUrl\":\"https:\/\/syndicoop.fr\/ufictsp\/wp-content\/uploads\/sites\/35\/2021\/05\/Ufict-fdsp.jpg\",\"width\":804,\"height\":569},{\"@type\":\"BreadcrumbList\",\"@id\":\"https:\/\/syndicoop.fr\/ufictsp\/motion-signalement-de-violences-sexistes-et-ou-sexuelles\/#breadcrumb\",\"itemListElement\":[{\"@type\":\"ListItem\",\"position\":1,\"name\":\"Accueil\",\"item\":\"https:\/\/syndicoop.fr\/ufictsp\/\"},{\"@type\":\"ListItem\",\"position\":2,\"name\":\"Motion Relative aux mesures conservatoires \u00e0 mettre en \u0153uvre par l\u2019UFICT CGT Services Publics suite \u00e0 signalement de violences sexistes et-ou sexuelles.\"}]},{\"@type\":\"WebSite\",\"@id\":\"https:\/\/syndicoop.fr\/ufictsp\/#website\",\"url\":\"https:\/\/syndicoop.fr\/ufictsp\/\",\"name\":\"UFICT CGT des services publics\",\"description\":\"Avec Syndicoop - la plateforme syndicale et coop\u00e9rative\",\"publisher\":{\"@id\":\"https:\/\/syndicoop.fr\/ufictsp\/#organization\"},\"potentialAction\":[{\"@type\":\"SearchAction\",\"target\":{\"@type\":\"EntryPoint\",\"urlTemplate\":\"https:\/\/syndicoop.fr\/ufictsp\/?s={search_term_string}\"},\"query-input\":{\"@type\":\"PropertyValueSpecification\",\"valueRequired\":true,\"valueName\":\"search_term_string\"}}],\"inLanguage\":\"fr-FR\"},{\"@type\":\"Organization\",\"@id\":\"https:\/\/syndicoop.fr\/ufictsp\/#organization\",\"name\":\"UFICT CGT des Services publics\",\"url\":\"https:\/\/syndicoop.fr\/ufictsp\/\",\"logo\":{\"@type\":\"ImageObject\",\"inLanguage\":\"fr-FR\",\"@id\":\"https:\/\/syndicoop.fr\/ufictsp\/#\/schema\/logo\/image\/\",\"url\":\"https:\/\/syndicoop.fr\/ufictsp\/wp-content\/uploads\/sites\/35\/2019\/12\/Logoufictnational.png\",\"contentUrl\":\"https:\/\/syndicoop.fr\/ufictsp\/wp-content\/uploads\/sites\/35\/2019\/12\/Logoufictnational.png\",\"width\":684,\"height\":464,\"caption\":\"UFICT CGT des Services publics\"},\"image\":{\"@id\":\"https:\/\/syndicoop.fr\/ufictsp\/#\/schema\/logo\/image\/\"}},{\"@type\":\"Person\",\"@id\":\"https:\/\/syndicoop.fr\/ufictsp\/#\/schema\/person\/3e41f667417f108b2384976dd41ca5e4\",\"name\":\"Philippe CHAVROCHE\",\"image\":{\"@type\":\"ImageObject\",\"inLanguage\":\"fr-FR\",\"@id\":\"https:\/\/syndicoop.fr\/ufictsp\/#\/schema\/person\/image\/\",\"url\":\"https:\/\/syndicoop.fr\/ufictsp\/wp-content\/wphb-cache\/gravatar\/829\/829d4cab4b59e00e2f58aa72b0bdc31ax96.jpg\",\"contentUrl\":\"https:\/\/syndicoop.fr\/ufictsp\/wp-content\/wphb-cache\/gravatar\/829\/829d4cab4b59e00e2f58aa72b0bdc31ax96.jpg\",\"caption\":\"Philippe CHAVROCHE\"}}]}<\/script>\n<!-- \/ Yoast SEO plugin. -->","yoast_head_json":{"title":"Motion Relative aux mesures conservatoires \u00e0 mettre en \u0153uvre par l\u2019UFICT CGT Services Publics suite \u00e0 signalement de violences sexistes et-ou sexuelles. - UFICT des services publics","robots":{"index":"index","follow":"follow","max-snippet":"max-snippet:-1","max-image-preview":"max-image-preview:large","max-video-preview":"max-video-preview:-1"},"canonical":"https:\/\/syndicoop.fr\/ufictsp\/motion-signalement-de-violences-sexistes-et-ou-sexuelles\/","og_locale":"fr_FR","og_type":"article","og_title":"Motion Relative aux mesures conservatoires \u00e0 mettre en \u0153uvre par l\u2019UFICT CGT Services Publics suite \u00e0 signalement de violences sexistes et-ou sexuelles. - UFICT des services publics","og_description":"Motion Relative aux mesures conservatoires \u00e0 mettre en oeuvre par l\u2019UFICT CGT Services Publics suite \u00e0 signalement de violences sexistes et-ou sexuelles.","og_url":"https:\/\/syndicoop.fr\/ufictsp\/motion-signalement-de-violences-sexistes-et-ou-sexuelles\/","og_site_name":"UFICT des services publics","article_published_time":"2022-11-24T14:39:21+00:00","article_modified_time":"2022-11-30T19:01:06+00:00","og_image":[{"width":804,"height":569,"url":"https:\/\/syndicoop.fr\/ufictsp\/wp-content\/uploads\/sites\/35\/2021\/05\/Ufict-fdsp.jpg","type":"image\/jpeg"}],"author":"Philippe CHAVROCHE","twitter_card":"summary_large_image","twitter_misc":{"\u00c9crit par":"Philippe CHAVROCHE","Dur\u00e9e de lecture estim\u00e9e":"1 minute"},"schema":{"@context":"https:\/\/schema.org","@graph":[{"@type":"Article","@id":"https:\/\/syndicoop.fr\/ufictsp\/motion-signalement-de-violences-sexistes-et-ou-sexuelles\/#article","isPartOf":{"@id":"https:\/\/syndicoop.fr\/ufictsp\/motion-signalement-de-violences-sexistes-et-ou-sexuelles\/"},"author":{"name":"Philippe CHAVROCHE","@id":"https:\/\/syndicoop.fr\/ufictsp\/#\/schema\/person\/3e41f667417f108b2384976dd41ca5e4"},"headline":"Motion Relative aux mesures conservatoires \u00e0 mettre en \u0153uvre par l\u2019UFICT CGT Services Publics suite \u00e0 signalement de violences sexistes et-ou sexuelles.","datePublished":"2022-11-24T14:39:21+00:00","dateModified":"2022-11-30T19:01:06+00:00","mainEntityOfPage":{"@id":"https:\/\/syndicoop.fr\/ufictsp\/motion-signalement-de-violences-sexistes-et-ou-sexuelles\/"},"wordCount":201,"commentCount":0,"publisher":{"@id":"https:\/\/syndicoop.fr\/ufictsp\/#organization"},"image":{"@id":"https:\/\/syndicoop.fr\/ufictsp\/motion-signalement-de-violences-sexistes-et-ou-sexuelles\/#primaryimage"},"thumbnailUrl":"https:\/\/syndicoop.fr\/ufictsp\/wp-content\/uploads\/sites\/35\/2021\/05\/Ufict-fdsp.jpg","keywords":["Lutte contre les violences sexistes et sexuelles","Motion","UFICT"],"articleSection":["Actus","UFICT"],"inLanguage":"fr-FR","potentialAction":[{"@type":"CommentAction","name":"Comment","target":["https:\/\/syndicoop.fr\/ufictsp\/motion-signalement-de-violences-sexistes-et-ou-sexuelles\/#respond"]}]},{"@type":"WebPage","@id":"https:\/\/syndicoop.fr\/ufictsp\/motion-signalement-de-violences-sexistes-et-ou-sexuelles\/","url":"https:\/\/syndicoop.fr\/ufictsp\/motion-signalement-de-violences-sexistes-et-ou-sexuelles\/","name":"Motion Relative aux mesures conservatoires \u00e0 mettre en \u0153uvre par l\u2019UFICT CGT Services Publics suite \u00e0 signalement de violences sexistes et-ou sexuelles. - UFICT des services publics","isPartOf":{"@id":"https:\/\/syndicoop.fr\/ufictsp\/#website"},"primaryImageOfPage":{"@id":"https:\/\/syndicoop.fr\/ufictsp\/motion-signalement-de-violences-sexistes-et-ou-sexuelles\/#primaryimage"},"image":{"@id":"https:\/\/syndicoop.fr\/ufictsp\/motion-signalement-de-violences-sexistes-et-ou-sexuelles\/#primaryimage"},"thumbnailUrl":"https:\/\/syndicoop.fr\/ufictsp\/wp-content\/uploads\/sites\/35\/2021\/05\/Ufict-fdsp.jpg","datePublished":"2022-11-24T14:39:21+00:00","dateModified":"2022-11-30T19:01:06+00:00","breadcrumb":{"@id":"https:\/\/syndicoop.fr\/ufictsp\/motion-signalement-de-violences-sexistes-et-ou-sexuelles\/#breadcrumb"},"inLanguage":"fr-FR","potentialAction":[{"@type":"ReadAction","target":["https:\/\/syndicoop.fr\/ufictsp\/motion-signalement-de-violences-sexistes-et-ou-sexuelles\/"]}]},{"@type":"ImageObject","inLanguage":"fr-FR","@id":"https:\/\/syndicoop.fr\/ufictsp\/motion-signalement-de-violences-sexistes-et-ou-sexuelles\/#primaryimage","url":"https:\/\/syndicoop.fr\/ufictsp\/wp-content\/uploads\/sites\/35\/2021\/05\/Ufict-fdsp.jpg","contentUrl":"https:\/\/syndicoop.fr\/ufictsp\/wp-content\/uploads\/sites\/35\/2021\/05\/Ufict-fdsp.jpg","width":804,"height":569},{"@type":"BreadcrumbList","@id":"https:\/\/syndicoop.fr\/ufictsp\/motion-signalement-de-violences-sexistes-et-ou-sexuelles\/#breadcrumb","itemListElement":[{"@type":"ListItem","position":1,"name":"Accueil","item":"https:\/\/syndicoop.fr\/ufictsp\/"},{"@type":"ListItem","position":2,"name":"Motion Relative aux mesures conservatoires \u00e0 mettre en \u0153uvre par l\u2019UFICT CGT Services Publics suite \u00e0 signalement de violences sexistes et-ou sexuelles."}]},{"@type":"WebSite","@id":"https:\/\/syndicoop.fr\/ufictsp\/#website","url":"https:\/\/syndicoop.fr\/ufictsp\/","name":"UFICT CGT des services publics","description":"Avec Syndicoop - la plateforme syndicale et coop\u00e9rative","publisher":{"@id":"https:\/\/syndicoop.fr\/ufictsp\/#organization"},"potentialAction":[{"@type":"SearchAction","target":{"@type":"EntryPoint","urlTemplate":"https:\/\/syndicoop.fr\/ufictsp\/?s={search_term_string}"},"query-input":{"@type":"PropertyValueSpecification","valueRequired":true,"valueName":"search_term_string"}}],"inLanguage":"fr-FR"},{"@type":"Organization","@id":"https:\/\/syndicoop.fr\/ufictsp\/#organization","name":"UFICT CGT des Services publics","url":"https:\/\/syndicoop.fr\/ufictsp\/","logo":{"@type":"ImageObject","inLanguage":"fr-FR","@id":"https:\/\/syndicoop.fr\/ufictsp\/#\/schema\/logo\/image\/","url":"https:\/\/syndicoop.fr\/ufictsp\/wp-content\/uploads\/sites\/35\/2019\/12\/Logoufictnational.png","contentUrl":"https:\/\/syndicoop.fr\/ufictsp\/wp-content\/uploads\/sites\/35\/2019\/12\/Logoufictnational.png","width":684,"height":464,"caption":"UFICT CGT des Services publics"},"image":{"@id":"https:\/\/syndicoop.fr\/ufictsp\/#\/schema\/logo\/image\/"}},{"@type":"Person","@id":"https:\/\/syndicoop.fr\/ufictsp\/#\/schema\/person\/3e41f667417f108b2384976dd41ca5e4","name":"Philippe CHAVROCHE","image":{"@type":"ImageObject","inLanguage":"fr-FR","@id":"https:\/\/syndicoop.fr\/ufictsp\/#\/schema\/person\/image\/","url":"https:\/\/syndicoop.fr\/ufictsp\/wp-content\/wphb-cache\/gravatar\/829\/829d4cab4b59e00e2f58aa72b0bdc31ax96.jpg","contentUrl":"https:\/\/syndicoop.fr\/ufictsp\/wp-content\/wphb-cache\/gravatar\/829\/829d4cab4b59e00e2f58aa72b0bdc31ax96.jpg","caption":"Philippe CHAVROCHE"}}]}},"_links":{"self":[{"href":"https:\/\/syndicoop.fr\/ufictsp\/wp-json\/wp\/v2\/posts\/2129","targetHints":{"allow":["GET"]}}],"collection":[{"href":"https:\/\/syndicoop.fr\/ufictsp\/wp-json\/wp\/v2\/posts"}],"about":[{"href":"https:\/\/syndicoop.fr\/ufictsp\/wp-json\/wp\/v2\/types\/post"}],"author":[{"embeddable":true,"href":"https:\/\/syndicoop.fr\/ufictsp\/wp-json\/wp\/v2\/users\/403"}],"replies":[{"embeddable":true,"href":"https:\/\/syndicoop.fr\/ufictsp\/wp-json\/wp\/v2\/comments?post=2129"}],"version-history":[{"count":0,"href":"https:\/\/syndicoop.fr\/ufictsp\/wp-json\/wp\/v2\/posts\/2129\/revisions"}],"wp:featuredmedia":[{"embeddable":true,"href":"https:\/\/syndicoop.fr\/ufictsp\/wp-json\/wp\/v2\/media\/1628"}],"wp:attachment":[{"href":"https:\/\/syndicoop.fr\/ufictsp\/wp-json\/wp\/v2\/media?parent=2129"}],"wp:term":[{"taxonomy":"category","embeddable":true,"href":"https:\/\/syndicoop.fr\/ufictsp\/wp-json\/wp\/v2\/categories?post=2129"},{"taxonomy":"post_tag","embeddable":true,"href":"https:\/\/syndicoop.fr\/ufictsp\/wp-json\/wp\/v2\/tags?post=2129"}],"curies":[{"name":"wp","href":"https:\/\/api.w.org\/{rel}","templated":true}]}}