{"id":2204,"date":"2023-06-29T16:11:36","date_gmt":"2023-06-29T14:11:36","guid":{"rendered":"https:\/\/syndicoop.fr\/ufictsp\/?p=2204"},"modified":"2023-06-29T16:11:36","modified_gmt":"2023-06-29T14:11:36","slug":"politique-de-sante-et-acces-aux-psychologues","status":"publish","type":"post","link":"https:\/\/syndicoop.fr\/ufictsp\/politique-de-sante-et-acces-aux-psychologues\/","title":{"rendered":"Politique de sant\u00e9 et acc\u00e8s aux psychologues."},"content":{"rendered":"<p><img decoding=\"async\" class=\"aligncenter size-large wp-image-2205 lazyload\" data-src=\"https:\/\/syndicoop.fr\/ufictsp\/wp-content\/uploads\/sites\/35\/2023\/06\/Bandeau-005-1024x391.png\" alt=\"\" width=\"1024\" height=\"391\" data-srcset=\"https:\/\/syndicoop.fr\/ufictsp\/wp-content\/uploads\/sites\/35\/2023\/06\/Bandeau-005-1024x391.png 1024w, https:\/\/syndicoop.fr\/ufictsp\/wp-content\/uploads\/sites\/35\/2023\/06\/Bandeau-005-300x114.png 300w, https:\/\/syndicoop.fr\/ufictsp\/wp-content\/uploads\/sites\/35\/2023\/06\/Bandeau-005-768x293.png 768w, https:\/\/syndicoop.fr\/ufictsp\/wp-content\/uploads\/sites\/35\/2023\/06\/Bandeau-005-1536x586.png 1536w, https:\/\/syndicoop.fr\/ufictsp\/wp-content\/uploads\/sites\/35\/2023\/06\/Bandeau-005.png 1848w\" data-sizes=\"(max-width: 1024px) 100vw, 1024px\" src=\"data:image\/svg+xml;base64,PHN2ZyB3aWR0aD0iMSIgaGVpZ2h0PSIxIiB4bWxucz0iaHR0cDovL3d3dy53My5vcmcvMjAwMC9zdmciPjwvc3ZnPg==\" style=\"--smush-placeholder-width: 1024px; --smush-placeholder-aspect-ratio: 1024\/391;\" \/><\/p>\n<p>A l\u2019occasion des \u00e9lections l\u00e9gislatives, nous invitons les psychologues \u00e0 interpeller les candidats au sujet de la place de notre profession dans la cit\u00e9.<br \/>\nBoycotter \u201cMonpsy\u201d, dispositif avec lequel nous avons toujours exprim\u00e9 notre d\u00e9saccord, ne suffit pas. Nous voulons une v\u00e9ritable politique de sant\u00e9 au sens large, dans laquelle les psychologues aient toute leur place.<br \/>\nNous condamnons la d\u00e9shumanisation de la politique sanitaire actuelle qui vise \u00e0 r\u00e9duire les services publics et \u00e0 asservir les professionnel.le.s \u00e0 une logique \u00e9conomique et budg\u00e9taire conditionn\u00e9e \u00e0 des objectifs quantifi\u00e9s.<\/p>\n<p><!--more--><\/p>\n<p>Vers la version PDF : <a href=\"https:\/\/syndicoop.fr\/ufictsp\/wp-content\/uploads\/sites\/35\/2023\/06\/UFMICT-Note-politique-sante-psychologues-_12-04-2022.pdf\">UFMICT Note politique sant\u00e9 psychologues _12 04 2022<\/a><\/p>\n<p>A l\u2019occasion des \u00e9lections l\u00e9gislatives, nous invitons les psychologues \u00e0 interpeller les candidats au sujet de la place de notre profession dans la cit\u00e9.<\/p>\n<p>Boycotter \u201cMonpsy\u201d, dispositif avec lequel nous avons toujours exprim\u00e9 notre d\u00e9saccord, ne suffit pas. Nous voulons une v\u00e9ritable politique de sant\u00e9 au sens large, dans laquelle les psychologues aient toute leur place.<\/p>\n<p>Nous condamnons la d\u00e9shumanisation de la politique sanitaire actuelle qui vise \u00e0 r\u00e9duire les services publics et \u00e0 asservir les professionnel.le.s \u00e0 une logique \u00e9conomique et budg\u00e9taire conditionn\u00e9e \u00e0 des objectifs quantifi\u00e9s.<\/p>\n<p>Nous revendiquons :<\/p>\n<p>f1. Un acc\u00e8s large de l\u2019ensemble de la population \u00e0 la consultation des psychologues, sans prescription ni adressage obligatoires par un m\u00e9decin, comme cela existe d\u00e9j\u00e0 dans d\u2019autres pays europ\u00e9ens (Belgique) ;<\/p>\n<p>f2. L\u2019augmentation des effectifs dans le service public, dans les services MCO, en psychiatrie, en EHPAD, dans l\u2019\u00c9ducation Nationale, \u00e0 la PJJ, dans les secteurs social et m\u00e9dico-social, et notamment dans la protection de l\u2019enfance ;<\/p>\n<p>f3. La prise en charge de la sant\u00e9 psychique par l\u2019assurance-maladie universelle qui doit \u00eatre renforc\u00e9e ;<\/p>\n<p>f4. Le conventionnement de l\u2019activit\u00e9 des psychologues lib\u00e9raux qui doivent \u00eatre rembours\u00e9s \u00e0 100 % par la S\u00e9curit\u00e9 Sociale, \u00e0 un tarif correspondant au niveau de qualification et \u00e0 la sp\u00e9cificit\u00e9 de l\u2019acte : premier entretien, bilan psychologique, entretien de soutien psychologique, psychoth\u00e9rapies individuelles ou de groupe etc\u2026<\/p>\n<p>f5. L\u2019abrogation de l\u2019arr\u00eat\u00e9 du 10 mars 2021 pour lequel un recours en Conseil d\u2019\u00c9tat est engag\u00e9. Les psychologues sont responsables des outils et m\u00e9thodes qu\u2019ils utilisent, comme le sp\u00e9cifie leur code de d\u00e9ontologie.<\/p>\n<p>f6. Le d\u00e9veloppement de Centres de Sant\u00e9 publics avec des postes de psychologues (aux c\u00f4t\u00e9s de m\u00e9decins et autres professionnel.le.s de sant\u00e9) en qualit\u00e9 de salari\u00e9.e.s1 comme pour l\u2019ensemble du personnel.<\/p>\n<p>&nbsp;<\/p>\n<p>1) https:\/\/ugictcgt.fr\/decryptage-4-exigences-et-12-propositions-pour-les-politiques-de-sante-et-preparation-de-lapres-crise\/#prop12<\/p>\n<p>&nbsp;<\/p>\n","protected":false},"excerpt":{"rendered":"<p>A l\u2019occasion des \u00e9lections l\u00e9gislatives, nous invitons les psychologues \u00e0 interpeller les candidats au sujet de la place de notre profession dans la cit\u00e9. Boycotter \u201cMonpsy\u201d, dispositif avec lequel nous avons toujours exprim\u00e9 notre d\u00e9saccord, ne suffit pas. Nous voulons une v\u00e9ritable politique de sant\u00e9 au sens large, dans laquelle les psychologues aient toute leur [&hellip;]<\/p>\n","protected":false},"author":403,"featured_media":0,"comment_status":"open","ping_status":"closed","sticky":false,"template":"","format":"standard","meta":{"_acf_changed":false,"footnotes":""},"categories":[577,576],"tags":[63,583,499,151,161],"class_list":["post-2204","post","type-post","status-publish","format-standard","hentry","category-collectifs","category-psychologue","tag-conditions-de-travail","tag-politique-de-sante","tag-psychologues","tag-services-publics","tag-ufict"],"acf":[],"yoast_head":"<!-- This site is optimized with the Yoast SEO plugin v26.3 - https:\/\/yoast.com\/wordpress\/plugins\/seo\/ -->\n<title>Politique de sant\u00e9 et acc\u00e8s aux psychologues. - UFICT des services publics<\/title>\n<meta name=\"robots\" content=\"index, follow, max-snippet:-1, max-image-preview:large, max-video-preview:-1\" \/>\n<link rel=\"canonical\" href=\"https:\/\/syndicoop.fr\/ufictsp\/politique-de-sante-et-acces-aux-psychologues\/\" \/>\n<meta property=\"og:locale\" content=\"fr_FR\" \/>\n<meta property=\"og:type\" content=\"article\" \/>\n<meta property=\"og:title\" content=\"Politique de sant\u00e9 et acc\u00e8s aux psychologues. - UFICT des services publics\" \/>\n<meta property=\"og:description\" content=\"A l\u2019occasion des \u00e9lections l\u00e9gislatives, nous invitons les psychologues \u00e0 interpeller les candidats au sujet de la place de notre profession dans la cit\u00e9. Boycotter \u201cMonpsy\u201d, dispositif avec lequel nous avons toujours exprim\u00e9 notre d\u00e9saccord, ne suffit pas. Nous voulons une v\u00e9ritable politique de sant\u00e9 au sens large, dans laquelle les psychologues aient toute leur [&hellip;]\" \/>\n<meta property=\"og:url\" content=\"https:\/\/syndicoop.fr\/ufictsp\/politique-de-sante-et-acces-aux-psychologues\/\" \/>\n<meta property=\"og:site_name\" content=\"UFICT des services publics\" \/>\n<meta property=\"article:published_time\" content=\"2023-06-29T14:11:36+00:00\" \/>\n<meta property=\"og:image\" content=\"https:\/\/syndicoop.fr\/ufictsp\/wp-content\/uploads\/sites\/35\/2023\/06\/Bandeau-005-1024x391.png\" \/>\n<meta name=\"author\" content=\"Philippe CHAVROCHE\" \/>\n<meta name=\"twitter:card\" content=\"summary_large_image\" \/>\n<meta name=\"twitter:label1\" content=\"\u00c9crit par\" \/>\n\t<meta name=\"twitter:data1\" content=\"Philippe CHAVROCHE\" \/>\n\t<meta name=\"twitter:label2\" content=\"Dur\u00e9e de lecture estim\u00e9e\" \/>\n\t<meta name=\"twitter:data2\" content=\"2 minutes\" \/>\n<script type=\"application\/ld+json\" class=\"yoast-schema-graph\">{\"@context\":\"https:\/\/schema.org\",\"@graph\":[{\"@type\":\"Article\",\"@id\":\"https:\/\/syndicoop.fr\/ufictsp\/politique-de-sante-et-acces-aux-psychologues\/#article\",\"isPartOf\":{\"@id\":\"https:\/\/syndicoop.fr\/ufictsp\/politique-de-sante-et-acces-aux-psychologues\/\"},\"author\":{\"name\":\"Philippe CHAVROCHE\",\"@id\":\"https:\/\/syndicoop.fr\/ufictsp\/#\/schema\/person\/3e41f667417f108b2384976dd41ca5e4\"},\"headline\":\"Politique de sant\u00e9 et acc\u00e8s aux psychologues.\",\"datePublished\":\"2023-06-29T14:11:36+00:00\",\"mainEntityOfPage\":{\"@id\":\"https:\/\/syndicoop.fr\/ufictsp\/politique-de-sante-et-acces-aux-psychologues\/\"},\"wordCount\":437,\"commentCount\":0,\"publisher\":{\"@id\":\"https:\/\/syndicoop.fr\/ufictsp\/#organization\"},\"image\":{\"@id\":\"https:\/\/syndicoop.fr\/ufictsp\/politique-de-sante-et-acces-aux-psychologues\/#primaryimage\"},\"thumbnailUrl\":\"https:\/\/syndicoop.fr\/ufictsp\/wp-content\/uploads\/sites\/35\/2023\/06\/Bandeau-005-1024x391.png\",\"keywords\":[\"Conditions de travail\",\"politique de sant\u00e9\",\"psychologues\",\"services publics\",\"UFICT\"],\"articleSection\":[\"Collectifs\",\"Psychologue\"],\"inLanguage\":\"fr-FR\",\"potentialAction\":[{\"@type\":\"CommentAction\",\"name\":\"Comment\",\"target\":[\"https:\/\/syndicoop.fr\/ufictsp\/politique-de-sante-et-acces-aux-psychologues\/#respond\"]}]},{\"@type\":\"WebPage\",\"@id\":\"https:\/\/syndicoop.fr\/ufictsp\/politique-de-sante-et-acces-aux-psychologues\/\",\"url\":\"https:\/\/syndicoop.fr\/ufictsp\/politique-de-sante-et-acces-aux-psychologues\/\",\"name\":\"Politique de sant\u00e9 et acc\u00e8s aux psychologues. - UFICT des services publics\",\"isPartOf\":{\"@id\":\"https:\/\/syndicoop.fr\/ufictsp\/#website\"},\"primaryImageOfPage\":{\"@id\":\"https:\/\/syndicoop.fr\/ufictsp\/politique-de-sante-et-acces-aux-psychologues\/#primaryimage\"},\"image\":{\"@id\":\"https:\/\/syndicoop.fr\/ufictsp\/politique-de-sante-et-acces-aux-psychologues\/#primaryimage\"},\"thumbnailUrl\":\"https:\/\/syndicoop.fr\/ufictsp\/wp-content\/uploads\/sites\/35\/2023\/06\/Bandeau-005-1024x391.png\",\"datePublished\":\"2023-06-29T14:11:36+00:00\",\"breadcrumb\":{\"@id\":\"https:\/\/syndicoop.fr\/ufictsp\/politique-de-sante-et-acces-aux-psychologues\/#breadcrumb\"},\"inLanguage\":\"fr-FR\",\"potentialAction\":[{\"@type\":\"ReadAction\",\"target\":[\"https:\/\/syndicoop.fr\/ufictsp\/politique-de-sante-et-acces-aux-psychologues\/\"]}]},{\"@type\":\"ImageObject\",\"inLanguage\":\"fr-FR\",\"@id\":\"https:\/\/syndicoop.fr\/ufictsp\/politique-de-sante-et-acces-aux-psychologues\/#primaryimage\",\"url\":\"https:\/\/syndicoop.fr\/ufictsp\/wp-content\/uploads\/sites\/35\/2023\/06\/Bandeau-005.png\",\"contentUrl\":\"https:\/\/syndicoop.fr\/ufictsp\/wp-content\/uploads\/sites\/35\/2023\/06\/Bandeau-005.png\",\"width\":1848,\"height\":705},{\"@type\":\"BreadcrumbList\",\"@id\":\"https:\/\/syndicoop.fr\/ufictsp\/politique-de-sante-et-acces-aux-psychologues\/#breadcrumb\",\"itemListElement\":[{\"@type\":\"ListItem\",\"position\":1,\"name\":\"Accueil\",\"item\":\"https:\/\/syndicoop.fr\/ufictsp\/\"},{\"@type\":\"ListItem\",\"position\":2,\"name\":\"Politique de sant\u00e9 et acc\u00e8s aux psychologues.\"}]},{\"@type\":\"WebSite\",\"@id\":\"https:\/\/syndicoop.fr\/ufictsp\/#website\",\"url\":\"https:\/\/syndicoop.fr\/ufictsp\/\",\"name\":\"UFICT CGT des services publics\",\"description\":\"Avec Syndicoop - la plateforme syndicale et coop\u00e9rative\",\"publisher\":{\"@id\":\"https:\/\/syndicoop.fr\/ufictsp\/#organization\"},\"potentialAction\":[{\"@type\":\"SearchAction\",\"target\":{\"@type\":\"EntryPoint\",\"urlTemplate\":\"https:\/\/syndicoop.fr\/ufictsp\/?s={search_term_string}\"},\"query-input\":{\"@type\":\"PropertyValueSpecification\",\"valueRequired\":true,\"valueName\":\"search_term_string\"}}],\"inLanguage\":\"fr-FR\"},{\"@type\":\"Organization\",\"@id\":\"https:\/\/syndicoop.fr\/ufictsp\/#organization\",\"name\":\"UFICT CGT des Services publics\",\"url\":\"https:\/\/syndicoop.fr\/ufictsp\/\",\"logo\":{\"@type\":\"ImageObject\",\"inLanguage\":\"fr-FR\",\"@id\":\"https:\/\/syndicoop.fr\/ufictsp\/#\/schema\/logo\/image\/\",\"url\":\"https:\/\/syndicoop.fr\/ufictsp\/wp-content\/uploads\/sites\/35\/2019\/12\/Logoufictnational.png\",\"contentUrl\":\"https:\/\/syndicoop.fr\/ufictsp\/wp-content\/uploads\/sites\/35\/2019\/12\/Logoufictnational.png\",\"width\":684,\"height\":464,\"caption\":\"UFICT CGT des Services publics\"},\"image\":{\"@id\":\"https:\/\/syndicoop.fr\/ufictsp\/#\/schema\/logo\/image\/\"}},{\"@type\":\"Person\",\"@id\":\"https:\/\/syndicoop.fr\/ufictsp\/#\/schema\/person\/3e41f667417f108b2384976dd41ca5e4\",\"name\":\"Philippe CHAVROCHE\",\"image\":{\"@type\":\"ImageObject\",\"inLanguage\":\"fr-FR\",\"@id\":\"https:\/\/syndicoop.fr\/ufictsp\/#\/schema\/person\/image\/\",\"url\":\"https:\/\/syndicoop.fr\/ufictsp\/wp-content\/wphb-cache\/gravatar\/829\/829d4cab4b59e00e2f58aa72b0bdc31ax96.jpg\",\"contentUrl\":\"https:\/\/syndicoop.fr\/ufictsp\/wp-content\/wphb-cache\/gravatar\/829\/829d4cab4b59e00e2f58aa72b0bdc31ax96.jpg\",\"caption\":\"Philippe CHAVROCHE\"}}]}<\/script>\n<!-- \/ Yoast SEO plugin. -->","yoast_head_json":{"title":"Politique de sant\u00e9 et acc\u00e8s aux psychologues. - UFICT des services publics","robots":{"index":"index","follow":"follow","max-snippet":"max-snippet:-1","max-image-preview":"max-image-preview:large","max-video-preview":"max-video-preview:-1"},"canonical":"https:\/\/syndicoop.fr\/ufictsp\/politique-de-sante-et-acces-aux-psychologues\/","og_locale":"fr_FR","og_type":"article","og_title":"Politique de sant\u00e9 et acc\u00e8s aux psychologues. - UFICT des services publics","og_description":"A l\u2019occasion des \u00e9lections l\u00e9gislatives, nous invitons les psychologues \u00e0 interpeller les candidats au sujet de la place de notre profession dans la cit\u00e9. Boycotter \u201cMonpsy\u201d, dispositif avec lequel nous avons toujours exprim\u00e9 notre d\u00e9saccord, ne suffit pas. Nous voulons une v\u00e9ritable politique de sant\u00e9 au sens large, dans laquelle les psychologues aient toute leur [&hellip;]","og_url":"https:\/\/syndicoop.fr\/ufictsp\/politique-de-sante-et-acces-aux-psychologues\/","og_site_name":"UFICT des services publics","article_published_time":"2023-06-29T14:11:36+00:00","og_image":[{"url":"https:\/\/syndicoop.fr\/ufictsp\/wp-content\/uploads\/sites\/35\/2023\/06\/Bandeau-005-1024x391.png","type":"","width":"","height":""}],"author":"Philippe CHAVROCHE","twitter_card":"summary_large_image","twitter_misc":{"\u00c9crit par":"Philippe CHAVROCHE","Dur\u00e9e de lecture estim\u00e9e":"2 minutes"},"schema":{"@context":"https:\/\/schema.org","@graph":[{"@type":"Article","@id":"https:\/\/syndicoop.fr\/ufictsp\/politique-de-sante-et-acces-aux-psychologues\/#article","isPartOf":{"@id":"https:\/\/syndicoop.fr\/ufictsp\/politique-de-sante-et-acces-aux-psychologues\/"},"author":{"name":"Philippe CHAVROCHE","@id":"https:\/\/syndicoop.fr\/ufictsp\/#\/schema\/person\/3e41f667417f108b2384976dd41ca5e4"},"headline":"Politique de sant\u00e9 et acc\u00e8s aux psychologues.","datePublished":"2023-06-29T14:11:36+00:00","mainEntityOfPage":{"@id":"https:\/\/syndicoop.fr\/ufictsp\/politique-de-sante-et-acces-aux-psychologues\/"},"wordCount":437,"commentCount":0,"publisher":{"@id":"https:\/\/syndicoop.fr\/ufictsp\/#organization"},"image":{"@id":"https:\/\/syndicoop.fr\/ufictsp\/politique-de-sante-et-acces-aux-psychologues\/#primaryimage"},"thumbnailUrl":"https:\/\/syndicoop.fr\/ufictsp\/wp-content\/uploads\/sites\/35\/2023\/06\/Bandeau-005-1024x391.png","keywords":["Conditions de travail","politique de sant\u00e9","psychologues","services publics","UFICT"],"articleSection":["Collectifs","Psychologue"],"inLanguage":"fr-FR","potentialAction":[{"@type":"CommentAction","name":"Comment","target":["https:\/\/syndicoop.fr\/ufictsp\/politique-de-sante-et-acces-aux-psychologues\/#respond"]}]},{"@type":"WebPage","@id":"https:\/\/syndicoop.fr\/ufictsp\/politique-de-sante-et-acces-aux-psychologues\/","url":"https:\/\/syndicoop.fr\/ufictsp\/politique-de-sante-et-acces-aux-psychologues\/","name":"Politique de sant\u00e9 et acc\u00e8s aux psychologues. - UFICT des services publics","isPartOf":{"@id":"https:\/\/syndicoop.fr\/ufictsp\/#website"},"primaryImageOfPage":{"@id":"https:\/\/syndicoop.fr\/ufictsp\/politique-de-sante-et-acces-aux-psychologues\/#primaryimage"},"image":{"@id":"https:\/\/syndicoop.fr\/ufictsp\/politique-de-sante-et-acces-aux-psychologues\/#primaryimage"},"thumbnailUrl":"https:\/\/syndicoop.fr\/ufictsp\/wp-content\/uploads\/sites\/35\/2023\/06\/Bandeau-005-1024x391.png","datePublished":"2023-06-29T14:11:36+00:00","breadcrumb":{"@id":"https:\/\/syndicoop.fr\/ufictsp\/politique-de-sante-et-acces-aux-psychologues\/#breadcrumb"},"inLanguage":"fr-FR","potentialAction":[{"@type":"ReadAction","target":["https:\/\/syndicoop.fr\/ufictsp\/politique-de-sante-et-acces-aux-psychologues\/"]}]},{"@type":"ImageObject","inLanguage":"fr-FR","@id":"https:\/\/syndicoop.fr\/ufictsp\/politique-de-sante-et-acces-aux-psychologues\/#primaryimage","url":"https:\/\/syndicoop.fr\/ufictsp\/wp-content\/uploads\/sites\/35\/2023\/06\/Bandeau-005.png","contentUrl":"https:\/\/syndicoop.fr\/ufictsp\/wp-content\/uploads\/sites\/35\/2023\/06\/Bandeau-005.png","width":1848,"height":705},{"@type":"BreadcrumbList","@id":"https:\/\/syndicoop.fr\/ufictsp\/politique-de-sante-et-acces-aux-psychologues\/#breadcrumb","itemListElement":[{"@type":"ListItem","position":1,"name":"Accueil","item":"https:\/\/syndicoop.fr\/ufictsp\/"},{"@type":"ListItem","position":2,"name":"Politique de sant\u00e9 et acc\u00e8s aux psychologues."}]},{"@type":"WebSite","@id":"https:\/\/syndicoop.fr\/ufictsp\/#website","url":"https:\/\/syndicoop.fr\/ufictsp\/","name":"UFICT CGT des services publics","description":"Avec Syndicoop - la plateforme syndicale et coop\u00e9rative","publisher":{"@id":"https:\/\/syndicoop.fr\/ufictsp\/#organization"},"potentialAction":[{"@type":"SearchAction","target":{"@type":"EntryPoint","urlTemplate":"https:\/\/syndicoop.fr\/ufictsp\/?s={search_term_string}"},"query-input":{"@type":"PropertyValueSpecification","valueRequired":true,"valueName":"search_term_string"}}],"inLanguage":"fr-FR"},{"@type":"Organization","@id":"https:\/\/syndicoop.fr\/ufictsp\/#organization","name":"UFICT CGT des Services publics","url":"https:\/\/syndicoop.fr\/ufictsp\/","logo":{"@type":"ImageObject","inLanguage":"fr-FR","@id":"https:\/\/syndicoop.fr\/ufictsp\/#\/schema\/logo\/image\/","url":"https:\/\/syndicoop.fr\/ufictsp\/wp-content\/uploads\/sites\/35\/2019\/12\/Logoufictnational.png","contentUrl":"https:\/\/syndicoop.fr\/ufictsp\/wp-content\/uploads\/sites\/35\/2019\/12\/Logoufictnational.png","width":684,"height":464,"caption":"UFICT CGT des Services publics"},"image":{"@id":"https:\/\/syndicoop.fr\/ufictsp\/#\/schema\/logo\/image\/"}},{"@type":"Person","@id":"https:\/\/syndicoop.fr\/ufictsp\/#\/schema\/person\/3e41f667417f108b2384976dd41ca5e4","name":"Philippe CHAVROCHE","image":{"@type":"ImageObject","inLanguage":"fr-FR","@id":"https:\/\/syndicoop.fr\/ufictsp\/#\/schema\/person\/image\/","url":"https:\/\/syndicoop.fr\/ufictsp\/wp-content\/wphb-cache\/gravatar\/829\/829d4cab4b59e00e2f58aa72b0bdc31ax96.jpg","contentUrl":"https:\/\/syndicoop.fr\/ufictsp\/wp-content\/wphb-cache\/gravatar\/829\/829d4cab4b59e00e2f58aa72b0bdc31ax96.jpg","caption":"Philippe CHAVROCHE"}}]}},"_links":{"self":[{"href":"https:\/\/syndicoop.fr\/ufictsp\/wp-json\/wp\/v2\/posts\/2204","targetHints":{"allow":["GET"]}}],"collection":[{"href":"https:\/\/syndicoop.fr\/ufictsp\/wp-json\/wp\/v2\/posts"}],"about":[{"href":"https:\/\/syndicoop.fr\/ufictsp\/wp-json\/wp\/v2\/types\/post"}],"author":[{"embeddable":true,"href":"https:\/\/syndicoop.fr\/ufictsp\/wp-json\/wp\/v2\/users\/403"}],"replies":[{"embeddable":true,"href":"https:\/\/syndicoop.fr\/ufictsp\/wp-json\/wp\/v2\/comments?post=2204"}],"version-history":[{"count":0,"href":"https:\/\/syndicoop.fr\/ufictsp\/wp-json\/wp\/v2\/posts\/2204\/revisions"}],"wp:attachment":[{"href":"https:\/\/syndicoop.fr\/ufictsp\/wp-json\/wp\/v2\/media?parent=2204"}],"wp:term":[{"taxonomy":"category","embeddable":true,"href":"https:\/\/syndicoop.fr\/ufictsp\/wp-json\/wp\/v2\/categories?post=2204"},{"taxonomy":"post_tag","embeddable":true,"href":"https:\/\/syndicoop.fr\/ufictsp\/wp-json\/wp\/v2\/tags?post=2204"}],"curies":[{"name":"wp","href":"https:\/\/api.w.org\/{rel}","templated":true}]}}