{"id":444,"date":"2018-04-25T12:30:10","date_gmt":"2018-04-25T10:30:10","guid":{"rendered":"http:\/\/ufictsp.reference-syndicale.fr\/?p=444"},"modified":"2019-08-22T17:09:03","modified_gmt":"2019-08-22T15:09:03","slug":"metropole-europeenne-de-lille-le-rifseep-ne-passe-pas-non-plus-chez-les-cadres","status":"publish","type":"post","link":"https:\/\/syndicoop.fr\/ufictsp\/metropole-europeenne-de-lille-le-rifseep-ne-passe-pas-non-plus-chez-les-cadres\/","title":{"rendered":"M\u00e9tropole europ\u00e9enne de Lille, le RIFSEEP ne passe pas non plus chez les cadres"},"content":{"rendered":"<h3><b><span style=\"color: #2b2b2b; font-family: 'Arial','sans-serif'; font-size: 18pt;\">Ing\u00e9nieurs, cadres et techniciens, chez nos cat\u00e9gories <\/span><\/b><b><span style=\"color: #2b2b2b; font-family: 'Arial','sans-serif'; font-size: 18pt;\">le RIFSEEP ne passe pas non plus ! <\/span><\/b><\/h3>\n<p>Le tract en PDF: <a href=\"http:\/\/ufictsp.reference-syndicale.fr\/files\/2018\/05\/2018_tract_rifseep_cadres_LOSC.pdf\">2018_tract_rifseep_cadres_LOSC<\/a><\/p>\n<table dir=\"LTR\" style=\"height: 647px;\" border=\"1\" width=\"723\" cellspacing=\"0\" cellpadding=\"7\">\n<tbody>\n<tr>\n<td valign=\"TOP\" width=\"50%\" height=\"222\"><span style=\"font-size: medium;\">Le 19 avril, \u00e0 l\u2019occasion de l\u2019Assembl\u00e9e G\u00e9n\u00e9rale du personnel et de la mobilisation qui s\u2019en est suivie, vous \u00e9tiez nombreux issus des cat\u00e9gories A et B de la MEL. <\/span><\/p>\n<p>Et parmi ceux qui n\u2019\u00e9taient pas pr\u00e9sents, nous savons que vous \u00eates nombreux \u00e9galement \u00e0 soutenir cette mobilisation, car dans la mise en oeuvre du RIFSEEP comme pour les r\u00e9organisations successives, cadres de la territoriale, vous \u00eates en premi\u00e8re ligne !<\/p>\n<p><b><\/b><span style=\"font-family: Calibri,Calibri; font-size: large;\"><b>Entre le marteau et l\u2019enclume vous \u00eates victimes de la m\u00e9thode impos\u00e9e par l\u2019Administration et en m\u00eame temps, vous devez en \u00eatre le vecteur <\/b><\/span><span style=\"font-size: medium;\">! <\/span><\/p>\n<p><span style=\"font-size: medium;\">Encadrants, vous avez particip\u00e9 \u00e0 la r\u00e9daction d\u2019une grille de classification des postes qui n\u2019est m\u00eame pas celle qui a \u00e9t\u00e9 pr\u00e9sent\u00e9e aux organisations syndicales et retenue dans le projet de RIFSEEP. <\/span><\/td>\n<td valign=\"TOP\" width=\"50%\" height=\"222\">Or, c\u2019est vous que l\u2019Administration a charg\u00e9 d\u2019annoncer les suppressions de primes aux agents !<\/p>\n<p>C\u2019est \u00e0 vous qu\u2019on impose d\u2019assumer l\u2019inscription des postes dans des cat\u00e9gories qui g\u00e9n\u00e8rent incompr\u00e9hension et rancoeur chez les agents. C\u2019est contre vous que les agents r\u00e9agissent !<\/p>\n<p>Cadres, Ing\u00e9nieurs, Techniciens, c\u2019est vous que l\u2019on met en concurrence quand pour un m\u00eame m\u00e9tier, les classifications ne sont pas les m\u00eames !<\/p>\n<p><b><\/b><span style=\"font-family: Calibri,Calibri; font-size: large;\"><b>Le principe de loyaut\u00e9 n\u2019est pas synonyme de soumission <\/b><\/span><span style=\"font-size: large;\">! <\/span><\/p>\n<p>Le 19 avril, l\u2019AG a vot\u00e9 le d\u00e9p\u00f4t d\u2019un pr\u00e9avis de gr\u00e8ve \u00e0 partir du 15 mai prochain, pour que nos revendications sur le RIFSEEP soient prises en compte par la MEL.<\/p>\n<p>D\u00e8s le 15 mai, r\u00e9agissons<\/p>\n<p><span style=\"font-family: Calibri,Calibri; font-size: large;\"><b>TOUS ENSEMBLE ! <\/b><\/span><\/td>\n<\/tr>\n<\/tbody>\n<\/table>\n<p>&nbsp;<\/p>\n<p>Le tract en PDF: <a href=\"http:\/\/ufictsp.reference-syndicale.fr\/files\/2018\/05\/2018_tract_rifseep_cadres_LOSC.pdf\">2018_tract_rifseep_cadres_LOSC<\/a><\/p>\n<p>&nbsp;<\/p>\n","protected":false},"excerpt":{"rendered":"<p>Ing\u00e9nieurs, cadres et techniciens, chez nos cat\u00e9gories le RIFSEEP ne passe pas non plus ! Le tract en PDF: 2018_tract_rifseep_cadres_LOSC Le 19 avril, \u00e0 l\u2019occasion de l\u2019Assembl\u00e9e G\u00e9n\u00e9rale du personnel et de la mobilisation qui s\u2019en est suivie, vous \u00e9tiez nombreux issus des cat\u00e9gories A et B de la MEL. Et parmi ceux qui n\u2019\u00e9taient [&hellip;]<\/p>\n","protected":false},"author":1,"featured_media":445,"comment_status":"open","ping_status":"closed","sticky":false,"template":"","format":"standard","meta":{"_acf_changed":false,"footnotes":""},"categories":[1,25],"tags":[95,101,114,137,143],"class_list":["post-444","post","type-post","status-publish","format-standard","has-post-thumbnail","hentry","category-actus","category-syndicats","tag-individualisation","tag-lille","tag-mel","tag-remuneration","tag-rifseep","perimetre-3-ic-a","themes-rifseep","documents-tracts","geographie-59-nord","secteur-toutes"],"acf":[],"yoast_head":"<!-- This site is optimized with the Yoast SEO plugin v26.3 - https:\/\/yoast.com\/wordpress\/plugins\/seo\/ -->\n<title>M\u00e9tropole europ\u00e9enne de Lille, le RIFSEEP ne passe pas non plus chez les cadres - UFICT des services publics<\/title>\n<meta name=\"robots\" content=\"index, follow, max-snippet:-1, max-image-preview:large, max-video-preview:-1\" \/>\n<link rel=\"canonical\" href=\"https:\/\/syndicoop.fr\/ufictsp\/metropole-europeenne-de-lille-le-rifseep-ne-passe-pas-non-plus-chez-les-cadres\/\" \/>\n<meta property=\"og:locale\" content=\"fr_FR\" \/>\n<meta property=\"og:type\" content=\"article\" \/>\n<meta property=\"og:title\" content=\"M\u00e9tropole europ\u00e9enne de Lille, le RIFSEEP ne passe pas non plus chez les cadres - UFICT des services publics\" \/>\n<meta property=\"og:description\" content=\"Ing\u00e9nieurs, cadres et techniciens, chez nos cat\u00e9gories le RIFSEEP ne passe pas non plus ! Le tract en PDF: 2018_tract_rifseep_cadres_LOSC Le 19 avril, \u00e0 l\u2019occasion de l\u2019Assembl\u00e9e G\u00e9n\u00e9rale du personnel et de la mobilisation qui s\u2019en est suivie, vous \u00e9tiez nombreux issus des cat\u00e9gories A et B de la MEL. Et parmi ceux qui n\u2019\u00e9taient [&hellip;]\" \/>\n<meta property=\"og:url\" content=\"https:\/\/syndicoop.fr\/ufictsp\/metropole-europeenne-de-lille-le-rifseep-ne-passe-pas-non-plus-chez-les-cadres\/\" \/>\n<meta property=\"og:site_name\" content=\"UFICT des services publics\" \/>\n<meta property=\"article:published_time\" content=\"2018-04-25T10:30:10+00:00\" \/>\n<meta property=\"article:modified_time\" content=\"2019-08-22T15:09:03+00:00\" \/>\n<meta property=\"og:image\" content=\"https:\/\/syndicoop.fr\/ufictsp\/wp-content\/uploads\/sites\/35\/2018\/05\/tractMELRIFSEEP.png\" \/>\n\t<meta property=\"og:image:width\" content=\"434\" \/>\n\t<meta property=\"og:image:height\" content=\"625\" \/>\n\t<meta property=\"og:image:type\" content=\"image\/png\" \/>\n<meta name=\"author\" content=\"Damien Ramage\" \/>\n<meta name=\"twitter:card\" content=\"summary_large_image\" \/>\n<meta name=\"twitter:creator\" content=\"@dramage\" \/>\n<meta name=\"twitter:label1\" content=\"\u00c9crit par\" \/>\n\t<meta name=\"twitter:data1\" content=\"Damien Ramage\" \/>\n\t<meta name=\"twitter:label2\" content=\"Dur\u00e9e de lecture estim\u00e9e\" \/>\n\t<meta name=\"twitter:data2\" content=\"2 minutes\" \/>\n<script type=\"application\/ld+json\" class=\"yoast-schema-graph\">{\"@context\":\"https:\/\/schema.org\",\"@graph\":[{\"@type\":\"Article\",\"@id\":\"https:\/\/syndicoop.fr\/ufictsp\/metropole-europeenne-de-lille-le-rifseep-ne-passe-pas-non-plus-chez-les-cadres\/#article\",\"isPartOf\":{\"@id\":\"https:\/\/syndicoop.fr\/ufictsp\/metropole-europeenne-de-lille-le-rifseep-ne-passe-pas-non-plus-chez-les-cadres\/\"},\"author\":{\"name\":\"Damien Ramage\",\"@id\":\"https:\/\/syndicoop.fr\/ufictsp\/#\/schema\/person\/571e6d31ae10b20bc5d5ae4634a5c1ae\"},\"headline\":\"M\u00e9tropole europ\u00e9enne de Lille, le RIFSEEP ne passe pas non plus chez les cadres\",\"datePublished\":\"2018-04-25T10:30:10+00:00\",\"dateModified\":\"2019-08-22T15:09:03+00:00\",\"mainEntityOfPage\":{\"@id\":\"https:\/\/syndicoop.fr\/ufictsp\/metropole-europeenne-de-lille-le-rifseep-ne-passe-pas-non-plus-chez-les-cadres\/\"},\"wordCount\":328,\"commentCount\":0,\"publisher\":{\"@id\":\"https:\/\/syndicoop.fr\/ufictsp\/#organization\"},\"image\":{\"@id\":\"https:\/\/syndicoop.fr\/ufictsp\/metropole-europeenne-de-lille-le-rifseep-ne-passe-pas-non-plus-chez-les-cadres\/#primaryimage\"},\"thumbnailUrl\":\"https:\/\/syndicoop.fr\/ufictsp\/wp-content\/uploads\/sites\/35\/2018\/05\/tractMELRIFSEEP.png\",\"keywords\":[\"Individualisation\",\"Lille\",\"MEL\",\"r\u00e9mun\u00e9ration\",\"RIFSEEP\"],\"articleSection\":[\"Actus\",\"Syndicats UFICT\"],\"inLanguage\":\"fr-FR\",\"potentialAction\":[{\"@type\":\"CommentAction\",\"name\":\"Comment\",\"target\":[\"https:\/\/syndicoop.fr\/ufictsp\/metropole-europeenne-de-lille-le-rifseep-ne-passe-pas-non-plus-chez-les-cadres\/#respond\"]}]},{\"@type\":\"WebPage\",\"@id\":\"https:\/\/syndicoop.fr\/ufictsp\/metropole-europeenne-de-lille-le-rifseep-ne-passe-pas-non-plus-chez-les-cadres\/\",\"url\":\"https:\/\/syndicoop.fr\/ufictsp\/metropole-europeenne-de-lille-le-rifseep-ne-passe-pas-non-plus-chez-les-cadres\/\",\"name\":\"M\u00e9tropole europ\u00e9enne de Lille, le RIFSEEP ne passe pas non plus chez les cadres - UFICT des services publics\",\"isPartOf\":{\"@id\":\"https:\/\/syndicoop.fr\/ufictsp\/#website\"},\"primaryImageOfPage\":{\"@id\":\"https:\/\/syndicoop.fr\/ufictsp\/metropole-europeenne-de-lille-le-rifseep-ne-passe-pas-non-plus-chez-les-cadres\/#primaryimage\"},\"image\":{\"@id\":\"https:\/\/syndicoop.fr\/ufictsp\/metropole-europeenne-de-lille-le-rifseep-ne-passe-pas-non-plus-chez-les-cadres\/#primaryimage\"},\"thumbnailUrl\":\"https:\/\/syndicoop.fr\/ufictsp\/wp-content\/uploads\/sites\/35\/2018\/05\/tractMELRIFSEEP.png\",\"datePublished\":\"2018-04-25T10:30:10+00:00\",\"dateModified\":\"2019-08-22T15:09:03+00:00\",\"breadcrumb\":{\"@id\":\"https:\/\/syndicoop.fr\/ufictsp\/metropole-europeenne-de-lille-le-rifseep-ne-passe-pas-non-plus-chez-les-cadres\/#breadcrumb\"},\"inLanguage\":\"fr-FR\",\"potentialAction\":[{\"@type\":\"ReadAction\",\"target\":[\"https:\/\/syndicoop.fr\/ufictsp\/metropole-europeenne-de-lille-le-rifseep-ne-passe-pas-non-plus-chez-les-cadres\/\"]}]},{\"@type\":\"ImageObject\",\"inLanguage\":\"fr-FR\",\"@id\":\"https:\/\/syndicoop.fr\/ufictsp\/metropole-europeenne-de-lille-le-rifseep-ne-passe-pas-non-plus-chez-les-cadres\/#primaryimage\",\"url\":\"https:\/\/syndicoop.fr\/ufictsp\/wp-content\/uploads\/sites\/35\/2018\/05\/tractMELRIFSEEP.png\",\"contentUrl\":\"https:\/\/syndicoop.fr\/ufictsp\/wp-content\/uploads\/sites\/35\/2018\/05\/tractMELRIFSEEP.png\",\"width\":434,\"height\":625},{\"@type\":\"BreadcrumbList\",\"@id\":\"https:\/\/syndicoop.fr\/ufictsp\/metropole-europeenne-de-lille-le-rifseep-ne-passe-pas-non-plus-chez-les-cadres\/#breadcrumb\",\"itemListElement\":[{\"@type\":\"ListItem\",\"position\":1,\"name\":\"Accueil\",\"item\":\"https:\/\/syndicoop.fr\/ufictsp\/\"},{\"@type\":\"ListItem\",\"position\":2,\"name\":\"M\u00e9tropole europ\u00e9enne de Lille, le RIFSEEP ne passe pas non plus chez les cadres\"}]},{\"@type\":\"WebSite\",\"@id\":\"https:\/\/syndicoop.fr\/ufictsp\/#website\",\"url\":\"https:\/\/syndicoop.fr\/ufictsp\/\",\"name\":\"UFICT CGT des services publics\",\"description\":\"Avec Syndicoop - la plateforme syndicale et coop\u00e9rative\",\"publisher\":{\"@id\":\"https:\/\/syndicoop.fr\/ufictsp\/#organization\"},\"potentialAction\":[{\"@type\":\"SearchAction\",\"target\":{\"@type\":\"EntryPoint\",\"urlTemplate\":\"https:\/\/syndicoop.fr\/ufictsp\/?s={search_term_string}\"},\"query-input\":{\"@type\":\"PropertyValueSpecification\",\"valueRequired\":true,\"valueName\":\"search_term_string\"}}],\"inLanguage\":\"fr-FR\"},{\"@type\":\"Organization\",\"@id\":\"https:\/\/syndicoop.fr\/ufictsp\/#organization\",\"name\":\"UFICT CGT des Services publics\",\"url\":\"https:\/\/syndicoop.fr\/ufictsp\/\",\"logo\":{\"@type\":\"ImageObject\",\"inLanguage\":\"fr-FR\",\"@id\":\"https:\/\/syndicoop.fr\/ufictsp\/#\/schema\/logo\/image\/\",\"url\":\"https:\/\/syndicoop.fr\/ufictsp\/wp-content\/uploads\/sites\/35\/2019\/12\/Logoufictnational.png\",\"contentUrl\":\"https:\/\/syndicoop.fr\/ufictsp\/wp-content\/uploads\/sites\/35\/2019\/12\/Logoufictnational.png\",\"width\":684,\"height\":464,\"caption\":\"UFICT CGT des Services publics\"},\"image\":{\"@id\":\"https:\/\/syndicoop.fr\/ufictsp\/#\/schema\/logo\/image\/\"}},{\"@type\":\"Person\",\"@id\":\"https:\/\/syndicoop.fr\/ufictsp\/#\/schema\/person\/571e6d31ae10b20bc5d5ae4634a5c1ae\",\"name\":\"Damien Ramage\",\"image\":{\"@type\":\"ImageObject\",\"inLanguage\":\"fr-FR\",\"@id\":\"https:\/\/syndicoop.fr\/ufictsp\/#\/schema\/person\/image\/\",\"url\":\"https:\/\/syndicoop.fr\/ufictsp\/wp-content\/wphb-cache\/gravatar\/549\/54942cdca053361bdb963b2eeabd3843x96.jpg\",\"contentUrl\":\"https:\/\/syndicoop.fr\/ufictsp\/wp-content\/wphb-cache\/gravatar\/549\/54942cdca053361bdb963b2eeabd3843x96.jpg\",\"caption\":\"Damien Ramage\"},\"sameAs\":[\"https:\/\/x.com\/dramage\"]}]}<\/script>\n<!-- \/ Yoast SEO plugin. -->","yoast_head_json":{"title":"M\u00e9tropole europ\u00e9enne de Lille, le RIFSEEP ne passe pas non plus chez les cadres - UFICT des services publics","robots":{"index":"index","follow":"follow","max-snippet":"max-snippet:-1","max-image-preview":"max-image-preview:large","max-video-preview":"max-video-preview:-1"},"canonical":"https:\/\/syndicoop.fr\/ufictsp\/metropole-europeenne-de-lille-le-rifseep-ne-passe-pas-non-plus-chez-les-cadres\/","og_locale":"fr_FR","og_type":"article","og_title":"M\u00e9tropole europ\u00e9enne de Lille, le RIFSEEP ne passe pas non plus chez les cadres - UFICT des services publics","og_description":"Ing\u00e9nieurs, cadres et techniciens, chez nos cat\u00e9gories le RIFSEEP ne passe pas non plus ! Le tract en PDF: 2018_tract_rifseep_cadres_LOSC Le 19 avril, \u00e0 l\u2019occasion de l\u2019Assembl\u00e9e G\u00e9n\u00e9rale du personnel et de la mobilisation qui s\u2019en est suivie, vous \u00e9tiez nombreux issus des cat\u00e9gories A et B de la MEL. Et parmi ceux qui n\u2019\u00e9taient [&hellip;]","og_url":"https:\/\/syndicoop.fr\/ufictsp\/metropole-europeenne-de-lille-le-rifseep-ne-passe-pas-non-plus-chez-les-cadres\/","og_site_name":"UFICT des services publics","article_published_time":"2018-04-25T10:30:10+00:00","article_modified_time":"2019-08-22T15:09:03+00:00","og_image":[{"width":434,"height":625,"url":"https:\/\/syndicoop.fr\/ufictsp\/wp-content\/uploads\/sites\/35\/2018\/05\/tractMELRIFSEEP.png","type":"image\/png"}],"author":"Damien Ramage","twitter_card":"summary_large_image","twitter_creator":"@dramage","twitter_misc":{"\u00c9crit par":"Damien Ramage","Dur\u00e9e de lecture estim\u00e9e":"2 minutes"},"schema":{"@context":"https:\/\/schema.org","@graph":[{"@type":"Article","@id":"https:\/\/syndicoop.fr\/ufictsp\/metropole-europeenne-de-lille-le-rifseep-ne-passe-pas-non-plus-chez-les-cadres\/#article","isPartOf":{"@id":"https:\/\/syndicoop.fr\/ufictsp\/metropole-europeenne-de-lille-le-rifseep-ne-passe-pas-non-plus-chez-les-cadres\/"},"author":{"name":"Damien Ramage","@id":"https:\/\/syndicoop.fr\/ufictsp\/#\/schema\/person\/571e6d31ae10b20bc5d5ae4634a5c1ae"},"headline":"M\u00e9tropole europ\u00e9enne de Lille, le RIFSEEP ne passe pas non plus chez les cadres","datePublished":"2018-04-25T10:30:10+00:00","dateModified":"2019-08-22T15:09:03+00:00","mainEntityOfPage":{"@id":"https:\/\/syndicoop.fr\/ufictsp\/metropole-europeenne-de-lille-le-rifseep-ne-passe-pas-non-plus-chez-les-cadres\/"},"wordCount":328,"commentCount":0,"publisher":{"@id":"https:\/\/syndicoop.fr\/ufictsp\/#organization"},"image":{"@id":"https:\/\/syndicoop.fr\/ufictsp\/metropole-europeenne-de-lille-le-rifseep-ne-passe-pas-non-plus-chez-les-cadres\/#primaryimage"},"thumbnailUrl":"https:\/\/syndicoop.fr\/ufictsp\/wp-content\/uploads\/sites\/35\/2018\/05\/tractMELRIFSEEP.png","keywords":["Individualisation","Lille","MEL","r\u00e9mun\u00e9ration","RIFSEEP"],"articleSection":["Actus","Syndicats UFICT"],"inLanguage":"fr-FR","potentialAction":[{"@type":"CommentAction","name":"Comment","target":["https:\/\/syndicoop.fr\/ufictsp\/metropole-europeenne-de-lille-le-rifseep-ne-passe-pas-non-plus-chez-les-cadres\/#respond"]}]},{"@type":"WebPage","@id":"https:\/\/syndicoop.fr\/ufictsp\/metropole-europeenne-de-lille-le-rifseep-ne-passe-pas-non-plus-chez-les-cadres\/","url":"https:\/\/syndicoop.fr\/ufictsp\/metropole-europeenne-de-lille-le-rifseep-ne-passe-pas-non-plus-chez-les-cadres\/","name":"M\u00e9tropole europ\u00e9enne de Lille, le RIFSEEP ne passe pas non plus chez les cadres - UFICT des services publics","isPartOf":{"@id":"https:\/\/syndicoop.fr\/ufictsp\/#website"},"primaryImageOfPage":{"@id":"https:\/\/syndicoop.fr\/ufictsp\/metropole-europeenne-de-lille-le-rifseep-ne-passe-pas-non-plus-chez-les-cadres\/#primaryimage"},"image":{"@id":"https:\/\/syndicoop.fr\/ufictsp\/metropole-europeenne-de-lille-le-rifseep-ne-passe-pas-non-plus-chez-les-cadres\/#primaryimage"},"thumbnailUrl":"https:\/\/syndicoop.fr\/ufictsp\/wp-content\/uploads\/sites\/35\/2018\/05\/tractMELRIFSEEP.png","datePublished":"2018-04-25T10:30:10+00:00","dateModified":"2019-08-22T15:09:03+00:00","breadcrumb":{"@id":"https:\/\/syndicoop.fr\/ufictsp\/metropole-europeenne-de-lille-le-rifseep-ne-passe-pas-non-plus-chez-les-cadres\/#breadcrumb"},"inLanguage":"fr-FR","potentialAction":[{"@type":"ReadAction","target":["https:\/\/syndicoop.fr\/ufictsp\/metropole-europeenne-de-lille-le-rifseep-ne-passe-pas-non-plus-chez-les-cadres\/"]}]},{"@type":"ImageObject","inLanguage":"fr-FR","@id":"https:\/\/syndicoop.fr\/ufictsp\/metropole-europeenne-de-lille-le-rifseep-ne-passe-pas-non-plus-chez-les-cadres\/#primaryimage","url":"https:\/\/syndicoop.fr\/ufictsp\/wp-content\/uploads\/sites\/35\/2018\/05\/tractMELRIFSEEP.png","contentUrl":"https:\/\/syndicoop.fr\/ufictsp\/wp-content\/uploads\/sites\/35\/2018\/05\/tractMELRIFSEEP.png","width":434,"height":625},{"@type":"BreadcrumbList","@id":"https:\/\/syndicoop.fr\/ufictsp\/metropole-europeenne-de-lille-le-rifseep-ne-passe-pas-non-plus-chez-les-cadres\/#breadcrumb","itemListElement":[{"@type":"ListItem","position":1,"name":"Accueil","item":"https:\/\/syndicoop.fr\/ufictsp\/"},{"@type":"ListItem","position":2,"name":"M\u00e9tropole europ\u00e9enne de Lille, le RIFSEEP ne passe pas non plus chez les cadres"}]},{"@type":"WebSite","@id":"https:\/\/syndicoop.fr\/ufictsp\/#website","url":"https:\/\/syndicoop.fr\/ufictsp\/","name":"UFICT CGT des services publics","description":"Avec Syndicoop - la plateforme syndicale et coop\u00e9rative","publisher":{"@id":"https:\/\/syndicoop.fr\/ufictsp\/#organization"},"potentialAction":[{"@type":"SearchAction","target":{"@type":"EntryPoint","urlTemplate":"https:\/\/syndicoop.fr\/ufictsp\/?s={search_term_string}"},"query-input":{"@type":"PropertyValueSpecification","valueRequired":true,"valueName":"search_term_string"}}],"inLanguage":"fr-FR"},{"@type":"Organization","@id":"https:\/\/syndicoop.fr\/ufictsp\/#organization","name":"UFICT CGT des Services publics","url":"https:\/\/syndicoop.fr\/ufictsp\/","logo":{"@type":"ImageObject","inLanguage":"fr-FR","@id":"https:\/\/syndicoop.fr\/ufictsp\/#\/schema\/logo\/image\/","url":"https:\/\/syndicoop.fr\/ufictsp\/wp-content\/uploads\/sites\/35\/2019\/12\/Logoufictnational.png","contentUrl":"https:\/\/syndicoop.fr\/ufictsp\/wp-content\/uploads\/sites\/35\/2019\/12\/Logoufictnational.png","width":684,"height":464,"caption":"UFICT CGT des Services publics"},"image":{"@id":"https:\/\/syndicoop.fr\/ufictsp\/#\/schema\/logo\/image\/"}},{"@type":"Person","@id":"https:\/\/syndicoop.fr\/ufictsp\/#\/schema\/person\/571e6d31ae10b20bc5d5ae4634a5c1ae","name":"Damien Ramage","image":{"@type":"ImageObject","inLanguage":"fr-FR","@id":"https:\/\/syndicoop.fr\/ufictsp\/#\/schema\/person\/image\/","url":"https:\/\/syndicoop.fr\/ufictsp\/wp-content\/wphb-cache\/gravatar\/549\/54942cdca053361bdb963b2eeabd3843x96.jpg","contentUrl":"https:\/\/syndicoop.fr\/ufictsp\/wp-content\/wphb-cache\/gravatar\/549\/54942cdca053361bdb963b2eeabd3843x96.jpg","caption":"Damien Ramage"},"sameAs":["https:\/\/x.com\/dramage"]}]}},"_links":{"self":[{"href":"https:\/\/syndicoop.fr\/ufictsp\/wp-json\/wp\/v2\/posts\/444","targetHints":{"allow":["GET"]}}],"collection":[{"href":"https:\/\/syndicoop.fr\/ufictsp\/wp-json\/wp\/v2\/posts"}],"about":[{"href":"https:\/\/syndicoop.fr\/ufictsp\/wp-json\/wp\/v2\/types\/post"}],"author":[{"embeddable":true,"href":"https:\/\/syndicoop.fr\/ufictsp\/wp-json\/wp\/v2\/users\/1"}],"replies":[{"embeddable":true,"href":"https:\/\/syndicoop.fr\/ufictsp\/wp-json\/wp\/v2\/comments?post=444"}],"version-history":[{"count":0,"href":"https:\/\/syndicoop.fr\/ufictsp\/wp-json\/wp\/v2\/posts\/444\/revisions"}],"wp:featuredmedia":[{"embeddable":true,"href":"https:\/\/syndicoop.fr\/ufictsp\/wp-json\/wp\/v2\/media\/445"}],"wp:attachment":[{"href":"https:\/\/syndicoop.fr\/ufictsp\/wp-json\/wp\/v2\/media?parent=444"}],"wp:term":[{"taxonomy":"category","embeddable":true,"href":"https:\/\/syndicoop.fr\/ufictsp\/wp-json\/wp\/v2\/categories?post=444"},{"taxonomy":"post_tag","embeddable":true,"href":"https:\/\/syndicoop.fr\/ufictsp\/wp-json\/wp\/v2\/tags?post=444"}],"curies":[{"name":"wp","href":"https:\/\/api.w.org\/{rel}","templated":true}]}}