{"id":506,"date":"2017-05-01T15:32:43","date_gmt":"2017-05-01T13:32:43","guid":{"rendered":"http:\/\/ufictsp.reference-syndicale.fr\/?p=506"},"modified":"2019-08-22T16:53:34","modified_gmt":"2019-08-22T14:53:34","slug":"abcedaire-du-management","status":"publish","type":"post","link":"https:\/\/syndicoop.fr\/ufictsp\/abcedaire-du-management\/","title":{"rendered":"ABC\u00e9daire du management"},"content":{"rendered":"<p>Il y a deux ans, la CGT de Nantes M\u00e9tropole\u00a0 publiait un Manuel de survie au management.<\/p>\n<p>Soucieuse de poursuivre son travail de \u00ab d\u00e9tricotage \u00bb de la novlangue manag\u00e9riale, elle vous offre cet ab\u00e9c\u00e9daire qui nous l\u2019esp\u00e9rons vous permettra de percevoir sous un nouveau jour les mots\/maux du management.<\/p>\n<p>.Un petit extrait avec la lettre P:<\/p>\n<p><strong>P<\/strong> comme<strong> Postit. Le postit est le viatique du consultant, son incontournable compagnon de route. Sans lui, il se sent perdu, comme amput\u00e9 d\u2019une partie de soi-m\u00eame. Avec lui, il peut faire mille choses \u00e9tonnantes\u00a0<\/strong><\/p>\n<p>&nbsp;<\/p>\n<p><a href=\"https:\/\/syndicoop.fr\/ufictsp\/wp-content\/uploads\/sites\/35\/2017\/05\/Abcdaire-web2017.pdf\">T\u00e9l\u00e9charger l&rsquo;Abcdaire-web2017<\/a><\/p>\n<p>&nbsp;<\/p>\n<p>&nbsp;<\/p>\n<p>Article li\u00e9:\u00a0\u00a0\u00a0<a href=\"https:\/\/syndicoop.fr\/ufictsp\/manuel-de-survie-au-management\/\" rel=\"bookmark\">Manuel de survie au management, un outil cr\u00e9\u00e9 pour vous par l\u2019UFICT<\/a><\/p>\n","protected":false},"excerpt":{"rendered":"<p>Il y a deux ans, la CGT de Nantes M\u00e9tropole\u00a0 publiait un Manuel de survie au management. Soucieuse de poursuivre son travail de \u00ab d\u00e9tricotage \u00bb de la novlangue manag\u00e9riale, elle vous offre cet ab\u00e9c\u00e9daire qui nous l\u2019esp\u00e9rons vous permettra de percevoir sous un nouveau jour les mots\/maux du management. .Un petit extrait avec la [&hellip;]<\/p>\n","protected":false},"author":1,"featured_media":507,"comment_status":"open","ping_status":"closed","sticky":false,"template":"","format":"standard","meta":{"_acf_changed":false,"footnotes":""},"categories":[1,25],"tags":[38,106,111,112],"class_list":["post-506","post","type-post","status-publish","format-standard","has-post-thumbnail","hentry","category-actus","category-syndicats","tag-abcedaire","tag-lideologie-manageriale","tag-management","tag-management-public","perimetre-3-ic-a","themes-management","documents-guides"],"acf":[],"yoast_head":"<!-- This site is optimized with the Yoast SEO plugin v26.3 - https:\/\/yoast.com\/wordpress\/plugins\/seo\/ -->\n<title>ABC\u00e9daire du management - UFICT des services publics<\/title>\n<meta name=\"robots\" content=\"index, follow, max-snippet:-1, max-image-preview:large, max-video-preview:-1\" \/>\n<link rel=\"canonical\" href=\"https:\/\/syndicoop.fr\/ufictsp\/abcedaire-du-management\/\" \/>\n<meta property=\"og:locale\" content=\"fr_FR\" \/>\n<meta property=\"og:type\" content=\"article\" \/>\n<meta property=\"og:title\" content=\"ABC\u00e9daire du management - UFICT des services publics\" \/>\n<meta property=\"og:description\" content=\"Il y a deux ans, la CGT de Nantes M\u00e9tropole\u00a0 publiait un Manuel de survie au management. Soucieuse de poursuivre son travail de \u00ab d\u00e9tricotage \u00bb de la novlangue manag\u00e9riale, elle vous offre cet ab\u00e9c\u00e9daire qui nous l\u2019esp\u00e9rons vous permettra de percevoir sous un nouveau jour les mots\/maux du management. .Un petit extrait avec la [&hellip;]\" \/>\n<meta property=\"og:url\" content=\"https:\/\/syndicoop.fr\/ufictsp\/abcedaire-du-management\/\" \/>\n<meta property=\"og:site_name\" content=\"UFICT des services publics\" \/>\n<meta property=\"article:published_time\" content=\"2017-05-01T13:32:43+00:00\" \/>\n<meta property=\"article:modified_time\" content=\"2019-08-22T14:53:34+00:00\" \/>\n<meta property=\"og:image\" content=\"https:\/\/syndicoop.fr\/ufictsp\/wp-content\/uploads\/sites\/35\/2018\/05\/Abcdaire-web2017.png\" \/>\n\t<meta property=\"og:image:width\" content=\"431\" \/>\n\t<meta property=\"og:image:height\" content=\"602\" \/>\n\t<meta property=\"og:image:type\" content=\"image\/png\" \/>\n<meta name=\"author\" content=\"Damien Ramage\" \/>\n<meta name=\"twitter:card\" content=\"summary_large_image\" \/>\n<meta name=\"twitter:creator\" content=\"@dramage\" \/>\n<meta name=\"twitter:label1\" content=\"\u00c9crit par\" \/>\n\t<meta name=\"twitter:data1\" content=\"Damien Ramage\" \/>\n\t<meta name=\"twitter:label2\" content=\"Dur\u00e9e de lecture estim\u00e9e\" \/>\n\t<meta name=\"twitter:data2\" content=\"1 minute\" \/>\n<script type=\"application\/ld+json\" class=\"yoast-schema-graph\">{\"@context\":\"https:\/\/schema.org\",\"@graph\":[{\"@type\":\"Article\",\"@id\":\"https:\/\/syndicoop.fr\/ufictsp\/abcedaire-du-management\/#article\",\"isPartOf\":{\"@id\":\"https:\/\/syndicoop.fr\/ufictsp\/abcedaire-du-management\/\"},\"author\":{\"name\":\"Damien Ramage\",\"@id\":\"https:\/\/syndicoop.fr\/ufictsp\/#\/schema\/person\/571e6d31ae10b20bc5d5ae4634a5c1ae\"},\"headline\":\"ABC\u00e9daire du management\",\"datePublished\":\"2017-05-01T13:32:43+00:00\",\"dateModified\":\"2019-08-22T14:53:34+00:00\",\"mainEntityOfPage\":{\"@id\":\"https:\/\/syndicoop.fr\/ufictsp\/abcedaire-du-management\/\"},\"wordCount\":126,\"commentCount\":0,\"publisher\":{\"@id\":\"https:\/\/syndicoop.fr\/ufictsp\/#organization\"},\"image\":{\"@id\":\"https:\/\/syndicoop.fr\/ufictsp\/abcedaire-du-management\/#primaryimage\"},\"thumbnailUrl\":\"https:\/\/syndicoop.fr\/ufictsp\/wp-content\/uploads\/sites\/35\/2018\/05\/Abcdaire-web2017.png\",\"keywords\":[\"Abcedaire\",\"L\u2019id\u00e9ologie manag\u00e9riale\",\"management\",\"Management public\"],\"articleSection\":[\"Actus\",\"Syndicats UFICT\"],\"inLanguage\":\"fr-FR\",\"potentialAction\":[{\"@type\":\"CommentAction\",\"name\":\"Comment\",\"target\":[\"https:\/\/syndicoop.fr\/ufictsp\/abcedaire-du-management\/#respond\"]}]},{\"@type\":\"WebPage\",\"@id\":\"https:\/\/syndicoop.fr\/ufictsp\/abcedaire-du-management\/\",\"url\":\"https:\/\/syndicoop.fr\/ufictsp\/abcedaire-du-management\/\",\"name\":\"ABC\u00e9daire du management - UFICT des services publics\",\"isPartOf\":{\"@id\":\"https:\/\/syndicoop.fr\/ufictsp\/#website\"},\"primaryImageOfPage\":{\"@id\":\"https:\/\/syndicoop.fr\/ufictsp\/abcedaire-du-management\/#primaryimage\"},\"image\":{\"@id\":\"https:\/\/syndicoop.fr\/ufictsp\/abcedaire-du-management\/#primaryimage\"},\"thumbnailUrl\":\"https:\/\/syndicoop.fr\/ufictsp\/wp-content\/uploads\/sites\/35\/2018\/05\/Abcdaire-web2017.png\",\"datePublished\":\"2017-05-01T13:32:43+00:00\",\"dateModified\":\"2019-08-22T14:53:34+00:00\",\"breadcrumb\":{\"@id\":\"https:\/\/syndicoop.fr\/ufictsp\/abcedaire-du-management\/#breadcrumb\"},\"inLanguage\":\"fr-FR\",\"potentialAction\":[{\"@type\":\"ReadAction\",\"target\":[\"https:\/\/syndicoop.fr\/ufictsp\/abcedaire-du-management\/\"]}]},{\"@type\":\"ImageObject\",\"inLanguage\":\"fr-FR\",\"@id\":\"https:\/\/syndicoop.fr\/ufictsp\/abcedaire-du-management\/#primaryimage\",\"url\":\"https:\/\/syndicoop.fr\/ufictsp\/wp-content\/uploads\/sites\/35\/2018\/05\/Abcdaire-web2017.png\",\"contentUrl\":\"https:\/\/syndicoop.fr\/ufictsp\/wp-content\/uploads\/sites\/35\/2018\/05\/Abcdaire-web2017.png\",\"width\":431,\"height\":602},{\"@type\":\"BreadcrumbList\",\"@id\":\"https:\/\/syndicoop.fr\/ufictsp\/abcedaire-du-management\/#breadcrumb\",\"itemListElement\":[{\"@type\":\"ListItem\",\"position\":1,\"name\":\"Accueil\",\"item\":\"https:\/\/syndicoop.fr\/ufictsp\/\"},{\"@type\":\"ListItem\",\"position\":2,\"name\":\"ABC\u00e9daire du management\"}]},{\"@type\":\"WebSite\",\"@id\":\"https:\/\/syndicoop.fr\/ufictsp\/#website\",\"url\":\"https:\/\/syndicoop.fr\/ufictsp\/\",\"name\":\"UFICT CGT des services publics\",\"description\":\"Avec Syndicoop - la plateforme syndicale et coop\u00e9rative\",\"publisher\":{\"@id\":\"https:\/\/syndicoop.fr\/ufictsp\/#organization\"},\"potentialAction\":[{\"@type\":\"SearchAction\",\"target\":{\"@type\":\"EntryPoint\",\"urlTemplate\":\"https:\/\/syndicoop.fr\/ufictsp\/?s={search_term_string}\"},\"query-input\":{\"@type\":\"PropertyValueSpecification\",\"valueRequired\":true,\"valueName\":\"search_term_string\"}}],\"inLanguage\":\"fr-FR\"},{\"@type\":\"Organization\",\"@id\":\"https:\/\/syndicoop.fr\/ufictsp\/#organization\",\"name\":\"UFICT CGT des Services publics\",\"url\":\"https:\/\/syndicoop.fr\/ufictsp\/\",\"logo\":{\"@type\":\"ImageObject\",\"inLanguage\":\"fr-FR\",\"@id\":\"https:\/\/syndicoop.fr\/ufictsp\/#\/schema\/logo\/image\/\",\"url\":\"https:\/\/syndicoop.fr\/ufictsp\/wp-content\/uploads\/sites\/35\/2019\/12\/Logoufictnational.png\",\"contentUrl\":\"https:\/\/syndicoop.fr\/ufictsp\/wp-content\/uploads\/sites\/35\/2019\/12\/Logoufictnational.png\",\"width\":684,\"height\":464,\"caption\":\"UFICT CGT des Services publics\"},\"image\":{\"@id\":\"https:\/\/syndicoop.fr\/ufictsp\/#\/schema\/logo\/image\/\"}},{\"@type\":\"Person\",\"@id\":\"https:\/\/syndicoop.fr\/ufictsp\/#\/schema\/person\/571e6d31ae10b20bc5d5ae4634a5c1ae\",\"name\":\"Damien Ramage\",\"image\":{\"@type\":\"ImageObject\",\"inLanguage\":\"fr-FR\",\"@id\":\"https:\/\/syndicoop.fr\/ufictsp\/#\/schema\/person\/image\/\",\"url\":\"https:\/\/syndicoop.fr\/ufictsp\/wp-content\/wphb-cache\/gravatar\/549\/54942cdca053361bdb963b2eeabd3843x96.jpg\",\"contentUrl\":\"https:\/\/syndicoop.fr\/ufictsp\/wp-content\/wphb-cache\/gravatar\/549\/54942cdca053361bdb963b2eeabd3843x96.jpg\",\"caption\":\"Damien Ramage\"},\"sameAs\":[\"https:\/\/x.com\/dramage\"]}]}<\/script>\n<!-- \/ Yoast SEO plugin. -->","yoast_head_json":{"title":"ABC\u00e9daire du management - UFICT des services publics","robots":{"index":"index","follow":"follow","max-snippet":"max-snippet:-1","max-image-preview":"max-image-preview:large","max-video-preview":"max-video-preview:-1"},"canonical":"https:\/\/syndicoop.fr\/ufictsp\/abcedaire-du-management\/","og_locale":"fr_FR","og_type":"article","og_title":"ABC\u00e9daire du management - UFICT des services publics","og_description":"Il y a deux ans, la CGT de Nantes M\u00e9tropole\u00a0 publiait un Manuel de survie au management. Soucieuse de poursuivre son travail de \u00ab d\u00e9tricotage \u00bb de la novlangue manag\u00e9riale, elle vous offre cet ab\u00e9c\u00e9daire qui nous l\u2019esp\u00e9rons vous permettra de percevoir sous un nouveau jour les mots\/maux du management. .Un petit extrait avec la [&hellip;]","og_url":"https:\/\/syndicoop.fr\/ufictsp\/abcedaire-du-management\/","og_site_name":"UFICT des services publics","article_published_time":"2017-05-01T13:32:43+00:00","article_modified_time":"2019-08-22T14:53:34+00:00","og_image":[{"width":431,"height":602,"url":"https:\/\/syndicoop.fr\/ufictsp\/wp-content\/uploads\/sites\/35\/2018\/05\/Abcdaire-web2017.png","type":"image\/png"}],"author":"Damien Ramage","twitter_card":"summary_large_image","twitter_creator":"@dramage","twitter_misc":{"\u00c9crit par":"Damien Ramage","Dur\u00e9e de lecture estim\u00e9e":"1 minute"},"schema":{"@context":"https:\/\/schema.org","@graph":[{"@type":"Article","@id":"https:\/\/syndicoop.fr\/ufictsp\/abcedaire-du-management\/#article","isPartOf":{"@id":"https:\/\/syndicoop.fr\/ufictsp\/abcedaire-du-management\/"},"author":{"name":"Damien Ramage","@id":"https:\/\/syndicoop.fr\/ufictsp\/#\/schema\/person\/571e6d31ae10b20bc5d5ae4634a5c1ae"},"headline":"ABC\u00e9daire du management","datePublished":"2017-05-01T13:32:43+00:00","dateModified":"2019-08-22T14:53:34+00:00","mainEntityOfPage":{"@id":"https:\/\/syndicoop.fr\/ufictsp\/abcedaire-du-management\/"},"wordCount":126,"commentCount":0,"publisher":{"@id":"https:\/\/syndicoop.fr\/ufictsp\/#organization"},"image":{"@id":"https:\/\/syndicoop.fr\/ufictsp\/abcedaire-du-management\/#primaryimage"},"thumbnailUrl":"https:\/\/syndicoop.fr\/ufictsp\/wp-content\/uploads\/sites\/35\/2018\/05\/Abcdaire-web2017.png","keywords":["Abcedaire","L\u2019id\u00e9ologie manag\u00e9riale","management","Management public"],"articleSection":["Actus","Syndicats UFICT"],"inLanguage":"fr-FR","potentialAction":[{"@type":"CommentAction","name":"Comment","target":["https:\/\/syndicoop.fr\/ufictsp\/abcedaire-du-management\/#respond"]}]},{"@type":"WebPage","@id":"https:\/\/syndicoop.fr\/ufictsp\/abcedaire-du-management\/","url":"https:\/\/syndicoop.fr\/ufictsp\/abcedaire-du-management\/","name":"ABC\u00e9daire du management - UFICT des services publics","isPartOf":{"@id":"https:\/\/syndicoop.fr\/ufictsp\/#website"},"primaryImageOfPage":{"@id":"https:\/\/syndicoop.fr\/ufictsp\/abcedaire-du-management\/#primaryimage"},"image":{"@id":"https:\/\/syndicoop.fr\/ufictsp\/abcedaire-du-management\/#primaryimage"},"thumbnailUrl":"https:\/\/syndicoop.fr\/ufictsp\/wp-content\/uploads\/sites\/35\/2018\/05\/Abcdaire-web2017.png","datePublished":"2017-05-01T13:32:43+00:00","dateModified":"2019-08-22T14:53:34+00:00","breadcrumb":{"@id":"https:\/\/syndicoop.fr\/ufictsp\/abcedaire-du-management\/#breadcrumb"},"inLanguage":"fr-FR","potentialAction":[{"@type":"ReadAction","target":["https:\/\/syndicoop.fr\/ufictsp\/abcedaire-du-management\/"]}]},{"@type":"ImageObject","inLanguage":"fr-FR","@id":"https:\/\/syndicoop.fr\/ufictsp\/abcedaire-du-management\/#primaryimage","url":"https:\/\/syndicoop.fr\/ufictsp\/wp-content\/uploads\/sites\/35\/2018\/05\/Abcdaire-web2017.png","contentUrl":"https:\/\/syndicoop.fr\/ufictsp\/wp-content\/uploads\/sites\/35\/2018\/05\/Abcdaire-web2017.png","width":431,"height":602},{"@type":"BreadcrumbList","@id":"https:\/\/syndicoop.fr\/ufictsp\/abcedaire-du-management\/#breadcrumb","itemListElement":[{"@type":"ListItem","position":1,"name":"Accueil","item":"https:\/\/syndicoop.fr\/ufictsp\/"},{"@type":"ListItem","position":2,"name":"ABC\u00e9daire du management"}]},{"@type":"WebSite","@id":"https:\/\/syndicoop.fr\/ufictsp\/#website","url":"https:\/\/syndicoop.fr\/ufictsp\/","name":"UFICT CGT des services publics","description":"Avec Syndicoop - la plateforme syndicale et coop\u00e9rative","publisher":{"@id":"https:\/\/syndicoop.fr\/ufictsp\/#organization"},"potentialAction":[{"@type":"SearchAction","target":{"@type":"EntryPoint","urlTemplate":"https:\/\/syndicoop.fr\/ufictsp\/?s={search_term_string}"},"query-input":{"@type":"PropertyValueSpecification","valueRequired":true,"valueName":"search_term_string"}}],"inLanguage":"fr-FR"},{"@type":"Organization","@id":"https:\/\/syndicoop.fr\/ufictsp\/#organization","name":"UFICT CGT des Services publics","url":"https:\/\/syndicoop.fr\/ufictsp\/","logo":{"@type":"ImageObject","inLanguage":"fr-FR","@id":"https:\/\/syndicoop.fr\/ufictsp\/#\/schema\/logo\/image\/","url":"https:\/\/syndicoop.fr\/ufictsp\/wp-content\/uploads\/sites\/35\/2019\/12\/Logoufictnational.png","contentUrl":"https:\/\/syndicoop.fr\/ufictsp\/wp-content\/uploads\/sites\/35\/2019\/12\/Logoufictnational.png","width":684,"height":464,"caption":"UFICT CGT des Services publics"},"image":{"@id":"https:\/\/syndicoop.fr\/ufictsp\/#\/schema\/logo\/image\/"}},{"@type":"Person","@id":"https:\/\/syndicoop.fr\/ufictsp\/#\/schema\/person\/571e6d31ae10b20bc5d5ae4634a5c1ae","name":"Damien Ramage","image":{"@type":"ImageObject","inLanguage":"fr-FR","@id":"https:\/\/syndicoop.fr\/ufictsp\/#\/schema\/person\/image\/","url":"https:\/\/syndicoop.fr\/ufictsp\/wp-content\/wphb-cache\/gravatar\/549\/54942cdca053361bdb963b2eeabd3843x96.jpg","contentUrl":"https:\/\/syndicoop.fr\/ufictsp\/wp-content\/wphb-cache\/gravatar\/549\/54942cdca053361bdb963b2eeabd3843x96.jpg","caption":"Damien Ramage"},"sameAs":["https:\/\/x.com\/dramage"]}]}},"_links":{"self":[{"href":"https:\/\/syndicoop.fr\/ufictsp\/wp-json\/wp\/v2\/posts\/506","targetHints":{"allow":["GET"]}}],"collection":[{"href":"https:\/\/syndicoop.fr\/ufictsp\/wp-json\/wp\/v2\/posts"}],"about":[{"href":"https:\/\/syndicoop.fr\/ufictsp\/wp-json\/wp\/v2\/types\/post"}],"author":[{"embeddable":true,"href":"https:\/\/syndicoop.fr\/ufictsp\/wp-json\/wp\/v2\/users\/1"}],"replies":[{"embeddable":true,"href":"https:\/\/syndicoop.fr\/ufictsp\/wp-json\/wp\/v2\/comments?post=506"}],"version-history":[{"count":0,"href":"https:\/\/syndicoop.fr\/ufictsp\/wp-json\/wp\/v2\/posts\/506\/revisions"}],"wp:featuredmedia":[{"embeddable":true,"href":"https:\/\/syndicoop.fr\/ufictsp\/wp-json\/wp\/v2\/media\/507"}],"wp:attachment":[{"href":"https:\/\/syndicoop.fr\/ufictsp\/wp-json\/wp\/v2\/media?parent=506"}],"wp:term":[{"taxonomy":"category","embeddable":true,"href":"https:\/\/syndicoop.fr\/ufictsp\/wp-json\/wp\/v2\/categories?post=506"},{"taxonomy":"post_tag","embeddable":true,"href":"https:\/\/syndicoop.fr\/ufictsp\/wp-json\/wp\/v2\/tags?post=506"}],"curies":[{"name":"wp","href":"https:\/\/api.w.org\/{rel}","templated":true}]}}