{"id":828,"date":"2018-10-25T17:15:13","date_gmt":"2018-10-25T15:15:13","guid":{"rendered":"https:\/\/syndicoop.fr\/6decembre\/?p=69"},"modified":"2019-08-23T13:47:15","modified_gmt":"2019-08-23T11:47:15","slug":"livret-les-propositions-de-la-cgt","status":"publish","type":"post","link":"https:\/\/syndicoop.fr\/ufictsp\/livret-les-propositions-de-la-cgt\/","title":{"rendered":"Livret : les propositions de la CGT pour les missions publiques, l&rsquo;int\u00e9r\u00eat g\u00e9n\u00e9ral et les citoyens"},"content":{"rendered":"<p><a href=\"https:\/\/syndicoop.fr\/kiosque\/journal\/les-propositions-de-la-cgt-pour-les-missions-publiques-linteret-general-et-les-citoyens\/\" target=\"_blank\" rel=\"noopener\"><img decoding=\"async\" class=\"alignnone size-full wp-image-70 lazyload\" data-src=\"https:\/\/syndicoop.fr\/6decembre\/wp-content\/uploads\/sites\/32\/2018\/10\/propositions-.png\" alt=\"\" width=\"1000\" height=\"747\" src=\"data:image\/svg+xml;base64,PHN2ZyB3aWR0aD0iMSIgaGVpZ2h0PSIxIiB4bWxucz0iaHR0cDovL3d3dy53My5vcmcvMjAwMC9zdmciPjwvc3ZnPg==\" style=\"--smush-placeholder-width: 1000px; --smush-placeholder-aspect-ratio: 1000\/747;\" \/><\/a><\/p>\n<p>&nbsp;<\/p>\n<p><strong>LA <\/strong><strong>FONCTION <\/strong><strong>PUBLIQUE <\/strong><strong>ET <\/strong><strong>L\u2019INT\u00c9R\u00caT <\/strong><strong>G\u00c9N\u00c9RAL : <\/strong><strong>UN COMBAT ESSENTIEL <\/strong><strong>POUR <\/strong><strong>LA<\/strong> <strong>CGT<\/strong><\/p>\n<p>D\u00e8s lors qu\u2019il s\u2019agit de progr\u00e8s social et de service public, la CGT ne m\u00e9nage pas ses efforts, ses engagements et ses propositions.<\/p>\n<p>Face \u00e0 l\u2019offensive lib\u00e9rale qui cherche, par des attaques multiples, \u00e0 mettre \u00e0 mal l\u2019int\u00e9r\u00eat g\u00e9n\u00e9ral pour toujours mieux servir la loi du profit, la CGT d\u00e9veloppe une autre conception de la soci\u00e9t\u00e9.<\/p>\n<p>Utilisant sans honte la caricature et les proc\u00e9d\u00e9s malhonn\u00eates, les promoteurs de ces politiques visant \u00e0 offrir toujours davantage aux plus fortun\u00e9s, font assaut de d\u00e9magogie et ils orientent les fonds publics vers les grandes entreprises priv\u00e9es au d\u00e9triment des besoins de la population.<\/p>\n<p>Ils pr\u00e9sentent la CGT comme une organisation syndicale r\u00e9fugi\u00e9e dans la contestation st\u00e9rile et fig\u00e9e dans le pass\u00e9.<\/p>\n<p>Apr\u00e8s, par exemple, nos propositions en faveur d\u2019une nouvelle ambition pour l\u2019industrie ou encore d\u2019un service public ferroviaire r\u00e9pondant mieux aux besoins de la population, ce document met en avant notre projet pour une Fonction publique, r\u00e9solument tourn\u00e9e vers tous les citoyens et \u00e0 m\u00eame de r\u00e9pondre aux d\u00e9fis majeurs d\u2019aujourd\u2019hui et de demain.<\/p>\n<p>En m\u00eame temps que nos l\u00e9gitimes exigences en mati\u00e8re d\u2019emplois, de temps de travail, d\u2019\u00e9galit\u00e9 professionnelle, de pouvoir d\u2019achat, de recon- naissance des qualifications et d\u2019\u00e9volution de carri\u00e8re, de protection sociale, nous avan\u00e7ons dans ce document des arguments et un projet autour des missions publiques.<\/p>\n<p>La Fonction publique que nous d\u00e9fendons et promouvons place les enjeux de citoyennet\u00e9, de satisfaction des besoins, d\u2019\u00e9galit\u00e9 de droits et d\u2019acc\u00e8s sur l\u2019ensemble des territoires et de d\u00e9veloppement humain durable comme autant de priorit\u00e9s incontournables.<\/p>\n<p>Toute la CGT, aujourd\u2019hui et demain, avec les citoyennes et les citoyens, les usag\u00e8res et les usagers, est pleinement engag\u00e9e dans l\u2019indispensable bataille visant \u00e0 faire de l\u2019ensemble des services publics et plus particuli\u00e8rement de la Fonction publique des outils d\u00e9mocratiques au service de l\u2019int\u00e9r\u00eat g\u00e9n\u00e9ral.<\/p>\n<p>C\u2019est cela, la vraie modernit\u00e9.<\/p>\n<p style=\"text-align: right\"><em>Par Philippe Martinez<\/em><br \/>\n<em>Secr\u00e9taire G\u00e9n\u00e9ral de la CGT<\/em><\/p>\n<p>&nbsp;<\/p>\n<h2><a href=\"https:\/\/syndicoop.fr\/kiosque\/journal\/les-propositions-de-la-cgt-pour-les-missions-publiques-linteret-general-et-les-citoyens\/\" target=\"_blank\" rel=\"noopener\">Consulter sur le kiosque syndicoop<\/a><\/h2>\n<h2><a href=\"https:\/\/syndicoop.fr\/kiosque\/wp-content\/uploads\/sites\/25\/2018\/10\/supp_cap2022_web.pdf\" target=\"_blank\" rel=\"noopener\">T\u00e9l\u00e9charger depuis le kiosque syndicoop<\/a><\/h2>\n","protected":false},"excerpt":{"rendered":"<p>La fonction publique et l&rsquo;int\u00e9r\u00eat g\u00e9n\u00e9ral : un combat essentiel pour la CGT<\/p>\n","protected":false},"author":1,"featured_media":72,"comment_status":"open","ping_status":"closed","sticky":false,"template":"","format":"standard","meta":{"_acf_changed":false,"footnotes":""},"categories":[1],"tags":[],"class_list":["post-828","post","type-post","status-publish","format-standard","has-post-thumbnail","hentry","category-actus","themes-elections-2018","documents-decryptages"],"acf":[],"yoast_head":"<!-- This site is optimized with the Yoast SEO plugin v26.3 - https:\/\/yoast.com\/wordpress\/plugins\/seo\/ -->\n<title>Livret : les propositions de la CGT pour les missions publiques, l&#039;int\u00e9r\u00eat g\u00e9n\u00e9ral et les citoyens - UFICT des services publics<\/title>\n<meta name=\"robots\" content=\"index, follow, max-snippet:-1, max-image-preview:large, max-video-preview:-1\" \/>\n<link rel=\"canonical\" href=\"https:\/\/syndicoop.fr\/ufictsp\/livret-les-propositions-de-la-cgt\/\" \/>\n<meta property=\"og:locale\" content=\"fr_FR\" \/>\n<meta property=\"og:type\" content=\"article\" \/>\n<meta property=\"og:title\" content=\"Livret : les propositions de la CGT pour les missions publiques, l&#039;int\u00e9r\u00eat g\u00e9n\u00e9ral et les citoyens - UFICT des services publics\" \/>\n<meta property=\"og:description\" content=\"La fonction publique et l&#039;int\u00e9r\u00eat g\u00e9n\u00e9ral : un combat essentiel pour la CGT\" \/>\n<meta property=\"og:url\" content=\"https:\/\/syndicoop.fr\/ufictsp\/livret-les-propositions-de-la-cgt\/\" \/>\n<meta property=\"og:site_name\" content=\"UFICT des services publics\" \/>\n<meta property=\"article:published_time\" content=\"2018-10-25T15:15:13+00:00\" \/>\n<meta property=\"article:modified_time\" content=\"2019-08-23T11:47:15+00:00\" \/>\n<meta property=\"og:image\" content=\"https:\/\/syndicoop.fr\/ufictsp\/wp-content\/uploads\/sites\/35\/2018\/10\/supp_cap2022_pattern.jpg\" \/>\n\t<meta property=\"og:image:width\" content=\"1600\" \/>\n\t<meta property=\"og:image:height\" content=\"900\" \/>\n\t<meta property=\"og:image:type\" content=\"image\/jpeg\" \/>\n<meta name=\"author\" content=\"Damien Ramage\" \/>\n<meta name=\"twitter:card\" content=\"summary_large_image\" \/>\n<meta name=\"twitter:creator\" content=\"@dramage\" \/>\n<meta name=\"twitter:label1\" content=\"\u00c9crit par\" \/>\n\t<meta name=\"twitter:data1\" content=\"Damien Ramage\" \/>\n\t<meta name=\"twitter:label2\" content=\"Dur\u00e9e de lecture estim\u00e9e\" \/>\n\t<meta name=\"twitter:data2\" content=\"2 minutes\" \/>\n<script type=\"application\/ld+json\" class=\"yoast-schema-graph\">{\"@context\":\"https:\/\/schema.org\",\"@graph\":[{\"@type\":\"Article\",\"@id\":\"https:\/\/syndicoop.fr\/ufictsp\/livret-les-propositions-de-la-cgt\/#article\",\"isPartOf\":{\"@id\":\"https:\/\/syndicoop.fr\/ufictsp\/livret-les-propositions-de-la-cgt\/\"},\"author\":{\"name\":\"Damien Ramage\",\"@id\":\"https:\/\/syndicoop.fr\/ufictsp\/#\/schema\/person\/571e6d31ae10b20bc5d5ae4634a5c1ae\"},\"headline\":\"Livret : les propositions de la CGT pour les missions publiques, l&rsquo;int\u00e9r\u00eat g\u00e9n\u00e9ral et les citoyens\",\"datePublished\":\"2018-10-25T15:15:13+00:00\",\"dateModified\":\"2019-08-23T11:47:15+00:00\",\"mainEntityOfPage\":{\"@id\":\"https:\/\/syndicoop.fr\/ufictsp\/livret-les-propositions-de-la-cgt\/\"},\"wordCount\":426,\"commentCount\":0,\"publisher\":{\"@id\":\"https:\/\/syndicoop.fr\/ufictsp\/#organization\"},\"image\":{\"@id\":\"https:\/\/syndicoop.fr\/ufictsp\/livret-les-propositions-de-la-cgt\/#primaryimage\"},\"thumbnailUrl\":\"https:\/\/syndicoop.fr\/ufictsp\/wp-content\/uploads\/sites\/35\/2018\/10\/supp_cap2022_pattern.jpg\",\"articleSection\":[\"Actus\"],\"inLanguage\":\"fr-FR\",\"potentialAction\":[{\"@type\":\"CommentAction\",\"name\":\"Comment\",\"target\":[\"https:\/\/syndicoop.fr\/ufictsp\/livret-les-propositions-de-la-cgt\/#respond\"]}]},{\"@type\":\"WebPage\",\"@id\":\"https:\/\/syndicoop.fr\/ufictsp\/livret-les-propositions-de-la-cgt\/\",\"url\":\"https:\/\/syndicoop.fr\/ufictsp\/livret-les-propositions-de-la-cgt\/\",\"name\":\"Livret : les propositions de la CGT pour les missions publiques, l'int\u00e9r\u00eat g\u00e9n\u00e9ral et les citoyens - UFICT des services publics\",\"isPartOf\":{\"@id\":\"https:\/\/syndicoop.fr\/ufictsp\/#website\"},\"primaryImageOfPage\":{\"@id\":\"https:\/\/syndicoop.fr\/ufictsp\/livret-les-propositions-de-la-cgt\/#primaryimage\"},\"image\":{\"@id\":\"https:\/\/syndicoop.fr\/ufictsp\/livret-les-propositions-de-la-cgt\/#primaryimage\"},\"thumbnailUrl\":\"https:\/\/syndicoop.fr\/ufictsp\/wp-content\/uploads\/sites\/35\/2018\/10\/supp_cap2022_pattern.jpg\",\"datePublished\":\"2018-10-25T15:15:13+00:00\",\"dateModified\":\"2019-08-23T11:47:15+00:00\",\"breadcrumb\":{\"@id\":\"https:\/\/syndicoop.fr\/ufictsp\/livret-les-propositions-de-la-cgt\/#breadcrumb\"},\"inLanguage\":\"fr-FR\",\"potentialAction\":[{\"@type\":\"ReadAction\",\"target\":[\"https:\/\/syndicoop.fr\/ufictsp\/livret-les-propositions-de-la-cgt\/\"]}]},{\"@type\":\"ImageObject\",\"inLanguage\":\"fr-FR\",\"@id\":\"https:\/\/syndicoop.fr\/ufictsp\/livret-les-propositions-de-la-cgt\/#primaryimage\",\"url\":\"https:\/\/syndicoop.fr\/ufictsp\/wp-content\/uploads\/sites\/35\/2018\/10\/supp_cap2022_pattern.jpg\",\"contentUrl\":\"https:\/\/syndicoop.fr\/ufictsp\/wp-content\/uploads\/sites\/35\/2018\/10\/supp_cap2022_pattern.jpg\",\"width\":1600,\"height\":900},{\"@type\":\"BreadcrumbList\",\"@id\":\"https:\/\/syndicoop.fr\/ufictsp\/livret-les-propositions-de-la-cgt\/#breadcrumb\",\"itemListElement\":[{\"@type\":\"ListItem\",\"position\":1,\"name\":\"Accueil\",\"item\":\"https:\/\/syndicoop.fr\/ufictsp\/\"},{\"@type\":\"ListItem\",\"position\":2,\"name\":\"Livret&#160;: les propositions de la CGT pour les missions publiques, l&#8217;int\u00e9r\u00eat g\u00e9n\u00e9ral et les citoyens\"}]},{\"@type\":\"WebSite\",\"@id\":\"https:\/\/syndicoop.fr\/ufictsp\/#website\",\"url\":\"https:\/\/syndicoop.fr\/ufictsp\/\",\"name\":\"UFICT CGT des services publics\",\"description\":\"Avec Syndicoop - la plateforme syndicale et coop\u00e9rative\",\"publisher\":{\"@id\":\"https:\/\/syndicoop.fr\/ufictsp\/#organization\"},\"potentialAction\":[{\"@type\":\"SearchAction\",\"target\":{\"@type\":\"EntryPoint\",\"urlTemplate\":\"https:\/\/syndicoop.fr\/ufictsp\/?s={search_term_string}\"},\"query-input\":{\"@type\":\"PropertyValueSpecification\",\"valueRequired\":true,\"valueName\":\"search_term_string\"}}],\"inLanguage\":\"fr-FR\"},{\"@type\":\"Organization\",\"@id\":\"https:\/\/syndicoop.fr\/ufictsp\/#organization\",\"name\":\"UFICT CGT des Services publics\",\"url\":\"https:\/\/syndicoop.fr\/ufictsp\/\",\"logo\":{\"@type\":\"ImageObject\",\"inLanguage\":\"fr-FR\",\"@id\":\"https:\/\/syndicoop.fr\/ufictsp\/#\/schema\/logo\/image\/\",\"url\":\"https:\/\/syndicoop.fr\/ufictsp\/wp-content\/uploads\/sites\/35\/2019\/12\/Logoufictnational.png\",\"contentUrl\":\"https:\/\/syndicoop.fr\/ufictsp\/wp-content\/uploads\/sites\/35\/2019\/12\/Logoufictnational.png\",\"width\":684,\"height\":464,\"caption\":\"UFICT CGT des Services publics\"},\"image\":{\"@id\":\"https:\/\/syndicoop.fr\/ufictsp\/#\/schema\/logo\/image\/\"}},{\"@type\":\"Person\",\"@id\":\"https:\/\/syndicoop.fr\/ufictsp\/#\/schema\/person\/571e6d31ae10b20bc5d5ae4634a5c1ae\",\"name\":\"Damien Ramage\",\"image\":{\"@type\":\"ImageObject\",\"inLanguage\":\"fr-FR\",\"@id\":\"https:\/\/syndicoop.fr\/ufictsp\/#\/schema\/person\/image\/\",\"url\":\"https:\/\/syndicoop.fr\/ufictsp\/wp-content\/wphb-cache\/gravatar\/549\/54942cdca053361bdb963b2eeabd3843x96.jpg\",\"contentUrl\":\"https:\/\/syndicoop.fr\/ufictsp\/wp-content\/wphb-cache\/gravatar\/549\/54942cdca053361bdb963b2eeabd3843x96.jpg\",\"caption\":\"Damien Ramage\"},\"sameAs\":[\"https:\/\/x.com\/dramage\"]}]}<\/script>\n<!-- \/ Yoast SEO plugin. -->","yoast_head_json":{"title":"Livret : les propositions de la CGT pour les missions publiques, l'int\u00e9r\u00eat g\u00e9n\u00e9ral et les citoyens - UFICT des services publics","robots":{"index":"index","follow":"follow","max-snippet":"max-snippet:-1","max-image-preview":"max-image-preview:large","max-video-preview":"max-video-preview:-1"},"canonical":"https:\/\/syndicoop.fr\/ufictsp\/livret-les-propositions-de-la-cgt\/","og_locale":"fr_FR","og_type":"article","og_title":"Livret : les propositions de la CGT pour les missions publiques, l'int\u00e9r\u00eat g\u00e9n\u00e9ral et les citoyens - UFICT des services publics","og_description":"La fonction publique et l'int\u00e9r\u00eat g\u00e9n\u00e9ral : un combat essentiel pour la CGT","og_url":"https:\/\/syndicoop.fr\/ufictsp\/livret-les-propositions-de-la-cgt\/","og_site_name":"UFICT des services publics","article_published_time":"2018-10-25T15:15:13+00:00","article_modified_time":"2019-08-23T11:47:15+00:00","og_image":[{"width":1600,"height":900,"url":"https:\/\/syndicoop.fr\/ufictsp\/wp-content\/uploads\/sites\/35\/2018\/10\/supp_cap2022_pattern.jpg","type":"image\/jpeg"}],"author":"Damien Ramage","twitter_card":"summary_large_image","twitter_creator":"@dramage","twitter_misc":{"\u00c9crit par":"Damien Ramage","Dur\u00e9e de lecture estim\u00e9e":"2 minutes"},"schema":{"@context":"https:\/\/schema.org","@graph":[{"@type":"Article","@id":"https:\/\/syndicoop.fr\/ufictsp\/livret-les-propositions-de-la-cgt\/#article","isPartOf":{"@id":"https:\/\/syndicoop.fr\/ufictsp\/livret-les-propositions-de-la-cgt\/"},"author":{"name":"Damien Ramage","@id":"https:\/\/syndicoop.fr\/ufictsp\/#\/schema\/person\/571e6d31ae10b20bc5d5ae4634a5c1ae"},"headline":"Livret : les propositions de la CGT pour les missions publiques, l&rsquo;int\u00e9r\u00eat g\u00e9n\u00e9ral et les citoyens","datePublished":"2018-10-25T15:15:13+00:00","dateModified":"2019-08-23T11:47:15+00:00","mainEntityOfPage":{"@id":"https:\/\/syndicoop.fr\/ufictsp\/livret-les-propositions-de-la-cgt\/"},"wordCount":426,"commentCount":0,"publisher":{"@id":"https:\/\/syndicoop.fr\/ufictsp\/#organization"},"image":{"@id":"https:\/\/syndicoop.fr\/ufictsp\/livret-les-propositions-de-la-cgt\/#primaryimage"},"thumbnailUrl":"https:\/\/syndicoop.fr\/ufictsp\/wp-content\/uploads\/sites\/35\/2018\/10\/supp_cap2022_pattern.jpg","articleSection":["Actus"],"inLanguage":"fr-FR","potentialAction":[{"@type":"CommentAction","name":"Comment","target":["https:\/\/syndicoop.fr\/ufictsp\/livret-les-propositions-de-la-cgt\/#respond"]}]},{"@type":"WebPage","@id":"https:\/\/syndicoop.fr\/ufictsp\/livret-les-propositions-de-la-cgt\/","url":"https:\/\/syndicoop.fr\/ufictsp\/livret-les-propositions-de-la-cgt\/","name":"Livret : les propositions de la CGT pour les missions publiques, l'int\u00e9r\u00eat g\u00e9n\u00e9ral et les citoyens - UFICT des services publics","isPartOf":{"@id":"https:\/\/syndicoop.fr\/ufictsp\/#website"},"primaryImageOfPage":{"@id":"https:\/\/syndicoop.fr\/ufictsp\/livret-les-propositions-de-la-cgt\/#primaryimage"},"image":{"@id":"https:\/\/syndicoop.fr\/ufictsp\/livret-les-propositions-de-la-cgt\/#primaryimage"},"thumbnailUrl":"https:\/\/syndicoop.fr\/ufictsp\/wp-content\/uploads\/sites\/35\/2018\/10\/supp_cap2022_pattern.jpg","datePublished":"2018-10-25T15:15:13+00:00","dateModified":"2019-08-23T11:47:15+00:00","breadcrumb":{"@id":"https:\/\/syndicoop.fr\/ufictsp\/livret-les-propositions-de-la-cgt\/#breadcrumb"},"inLanguage":"fr-FR","potentialAction":[{"@type":"ReadAction","target":["https:\/\/syndicoop.fr\/ufictsp\/livret-les-propositions-de-la-cgt\/"]}]},{"@type":"ImageObject","inLanguage":"fr-FR","@id":"https:\/\/syndicoop.fr\/ufictsp\/livret-les-propositions-de-la-cgt\/#primaryimage","url":"https:\/\/syndicoop.fr\/ufictsp\/wp-content\/uploads\/sites\/35\/2018\/10\/supp_cap2022_pattern.jpg","contentUrl":"https:\/\/syndicoop.fr\/ufictsp\/wp-content\/uploads\/sites\/35\/2018\/10\/supp_cap2022_pattern.jpg","width":1600,"height":900},{"@type":"BreadcrumbList","@id":"https:\/\/syndicoop.fr\/ufictsp\/livret-les-propositions-de-la-cgt\/#breadcrumb","itemListElement":[{"@type":"ListItem","position":1,"name":"Accueil","item":"https:\/\/syndicoop.fr\/ufictsp\/"},{"@type":"ListItem","position":2,"name":"Livret&#160;: les propositions de la CGT pour les missions publiques, l&#8217;int\u00e9r\u00eat g\u00e9n\u00e9ral et les citoyens"}]},{"@type":"WebSite","@id":"https:\/\/syndicoop.fr\/ufictsp\/#website","url":"https:\/\/syndicoop.fr\/ufictsp\/","name":"UFICT CGT des services publics","description":"Avec Syndicoop - la plateforme syndicale et coop\u00e9rative","publisher":{"@id":"https:\/\/syndicoop.fr\/ufictsp\/#organization"},"potentialAction":[{"@type":"SearchAction","target":{"@type":"EntryPoint","urlTemplate":"https:\/\/syndicoop.fr\/ufictsp\/?s={search_term_string}"},"query-input":{"@type":"PropertyValueSpecification","valueRequired":true,"valueName":"search_term_string"}}],"inLanguage":"fr-FR"},{"@type":"Organization","@id":"https:\/\/syndicoop.fr\/ufictsp\/#organization","name":"UFICT CGT des Services publics","url":"https:\/\/syndicoop.fr\/ufictsp\/","logo":{"@type":"ImageObject","inLanguage":"fr-FR","@id":"https:\/\/syndicoop.fr\/ufictsp\/#\/schema\/logo\/image\/","url":"https:\/\/syndicoop.fr\/ufictsp\/wp-content\/uploads\/sites\/35\/2019\/12\/Logoufictnational.png","contentUrl":"https:\/\/syndicoop.fr\/ufictsp\/wp-content\/uploads\/sites\/35\/2019\/12\/Logoufictnational.png","width":684,"height":464,"caption":"UFICT CGT des Services publics"},"image":{"@id":"https:\/\/syndicoop.fr\/ufictsp\/#\/schema\/logo\/image\/"}},{"@type":"Person","@id":"https:\/\/syndicoop.fr\/ufictsp\/#\/schema\/person\/571e6d31ae10b20bc5d5ae4634a5c1ae","name":"Damien Ramage","image":{"@type":"ImageObject","inLanguage":"fr-FR","@id":"https:\/\/syndicoop.fr\/ufictsp\/#\/schema\/person\/image\/","url":"https:\/\/syndicoop.fr\/ufictsp\/wp-content\/wphb-cache\/gravatar\/549\/54942cdca053361bdb963b2eeabd3843x96.jpg","contentUrl":"https:\/\/syndicoop.fr\/ufictsp\/wp-content\/wphb-cache\/gravatar\/549\/54942cdca053361bdb963b2eeabd3843x96.jpg","caption":"Damien Ramage"},"sameAs":["https:\/\/x.com\/dramage"]}]}},"_links":{"self":[{"href":"https:\/\/syndicoop.fr\/ufictsp\/wp-json\/wp\/v2\/posts\/828","targetHints":{"allow":["GET"]}}],"collection":[{"href":"https:\/\/syndicoop.fr\/ufictsp\/wp-json\/wp\/v2\/posts"}],"about":[{"href":"https:\/\/syndicoop.fr\/ufictsp\/wp-json\/wp\/v2\/types\/post"}],"author":[{"embeddable":true,"href":"https:\/\/syndicoop.fr\/ufictsp\/wp-json\/wp\/v2\/users\/1"}],"replies":[{"embeddable":true,"href":"https:\/\/syndicoop.fr\/ufictsp\/wp-json\/wp\/v2\/comments?post=828"}],"version-history":[{"count":0,"href":"https:\/\/syndicoop.fr\/ufictsp\/wp-json\/wp\/v2\/posts\/828\/revisions"}],"wp:featuredmedia":[{"embeddable":true,"href":"https:\/\/syndicoop.fr\/ufictsp\/wp-json\/wp\/v2\/media\/72"}],"wp:attachment":[{"href":"https:\/\/syndicoop.fr\/ufictsp\/wp-json\/wp\/v2\/media?parent=828"}],"wp:term":[{"taxonomy":"category","embeddable":true,"href":"https:\/\/syndicoop.fr\/ufictsp\/wp-json\/wp\/v2\/categories?post=828"},{"taxonomy":"post_tag","embeddable":true,"href":"https:\/\/syndicoop.fr\/ufictsp\/wp-json\/wp\/v2\/tags?post=828"}],"curies":[{"name":"wp","href":"https:\/\/api.w.org\/{rel}","templated":true}]}}