{"id":929,"date":"2018-11-13T15:26:46","date_gmt":"2018-11-13T14:26:46","guid":{"rendered":"http:\/\/ufictsp.reference-syndicale.fr\/?p=929"},"modified":"2019-08-22T16:50:56","modified_gmt":"2019-08-22T14:50:56","slug":"tous-ensemble-linfo-locale-nantes","status":"publish","type":"post","link":"https:\/\/syndicoop.fr\/ufictsp\/tous-ensemble-linfo-locale-nantes\/","title":{"rendered":"Tous ensemble &#8211; l&rsquo;info locale &#8211; Nantes"},"content":{"rendered":"<p>Dans ce bulletin, vous d\u00e9couvrirez des situations au travail qui peuvent faire \u00e9cho \u00e0 ce que vous vivez au quotidien dans votre service :<\/p>\n<ul>\n<li>des manques de moyens mat\u00e9riels et humains<\/li>\n<li>des r\u00e9organisations incessantes aux m\u00e9thodes floues<\/li>\n<li>des charges de travail en constante augmentation<\/li>\n<li>du management autoritaire ou l\u2019absence de management (quel est le pire quand on sait que le r\u00e9sultat est le m\u00eame ?)<\/li>\n<li>une perte de sens et du mal \u00eatre au travail pour de nombreux agents\u2026<\/li>\n<\/ul>\n<p>Bref, un grand \u00e9cart entre le discours de la Maire-Pr\u00e9sidente et la r\u00e9alit\u00e9 quotidienne de chacun, de l\u2019agent de terrain aux cadres encadrants.<\/p>\n<p>Ne restez pas seuls avec vos interrogations !<\/p>\n<p>Ensemble, avec la CGT, nous pouvons influer sur les choix de la collectivit\u00e9 :<\/p>\n<ul>\n<li>Arbre aux H\u00e9rons ?<\/li>\n<li>Ou un service public de qualit\u00e9 pour tou.te.s ?<\/li>\n<\/ul>\n<p>A nous de choisir<\/p>\n<p><strong>T\u00e9l\u00e9charger l&rsquo;<a href=\"http:\/\/ufictsp.reference-syndicale.fr\/files\/2018\/11\/SITE-info_locale_nov2018.pdf\">info_locale_nov2018<\/a><\/strong><\/p>\n","protected":false},"excerpt":{"rendered":"<p>Dans ce bulletin, vous d\u00e9couvrirez des situations au travail qui peuvent faire \u00e9cho \u00e0 ce que vous vivez au quotidien dans votre service : des manques de moyens mat\u00e9riels et humains des r\u00e9organisations incessantes aux m\u00e9thodes floues des charges de travail en constante augmentation du management autoritaire ou l\u2019absence de management (quel est le pire [&hellip;]<\/p>\n","protected":false},"author":1,"featured_media":20,"comment_status":"open","ping_status":"closed","sticky":false,"template":"","format":"standard","meta":{"_acf_changed":false,"footnotes":""},"categories":[25],"tags":[],"class_list":["post-929","post","type-post","status-publish","format-standard","has-post-thumbnail","hentry","category-syndicats","documents-articles"],"acf":[],"yoast_head":"<!-- This site is optimized with the Yoast SEO plugin v26.3 - https:\/\/yoast.com\/wordpress\/plugins\/seo\/ -->\n<title>Tous ensemble - l&#039;info locale - Nantes - UFICT des services publics<\/title>\n<meta name=\"robots\" content=\"index, follow, max-snippet:-1, max-image-preview:large, max-video-preview:-1\" \/>\n<link rel=\"canonical\" href=\"https:\/\/syndicoop.fr\/ufictsp\/tous-ensemble-linfo-locale-nantes\/\" \/>\n<meta property=\"og:locale\" content=\"fr_FR\" \/>\n<meta property=\"og:type\" content=\"article\" \/>\n<meta property=\"og:title\" content=\"Tous ensemble - l&#039;info locale - Nantes - UFICT des services publics\" \/>\n<meta property=\"og:description\" content=\"Dans ce bulletin, vous d\u00e9couvrirez des situations au travail qui peuvent faire \u00e9cho \u00e0 ce que vous vivez au quotidien dans votre service : des manques de moyens mat\u00e9riels et humains des r\u00e9organisations incessantes aux m\u00e9thodes floues des charges de travail en constante augmentation du management autoritaire ou l\u2019absence de management (quel est le pire [&hellip;]\" \/>\n<meta property=\"og:url\" content=\"https:\/\/syndicoop.fr\/ufictsp\/tous-ensemble-linfo-locale-nantes\/\" \/>\n<meta property=\"og:site_name\" content=\"UFICT des services publics\" \/>\n<meta property=\"article:published_time\" content=\"2018-11-13T14:26:46+00:00\" \/>\n<meta property=\"article:modified_time\" content=\"2019-08-22T14:50:56+00:00\" \/>\n<meta property=\"og:image\" content=\"https:\/\/syndicoop.fr\/ufictsp\/wp-content\/uploads\/sites\/35\/2014\/09\/jeune-megaphone.jpg\" \/>\n\t<meta property=\"og:image:width\" content=\"1000\" \/>\n\t<meta property=\"og:image:height\" content=\"759\" \/>\n\t<meta property=\"og:image:type\" content=\"image\/jpeg\" \/>\n<meta name=\"author\" content=\"Damien Ramage\" \/>\n<meta name=\"twitter:card\" content=\"summary_large_image\" \/>\n<meta name=\"twitter:creator\" content=\"@dramage\" \/>\n<meta name=\"twitter:label1\" content=\"\u00c9crit par\" \/>\n\t<meta name=\"twitter:data1\" content=\"Damien Ramage\" \/>\n\t<meta name=\"twitter:label2\" content=\"Dur\u00e9e de lecture estim\u00e9e\" \/>\n\t<meta name=\"twitter:data2\" content=\"1 minute\" \/>\n<script type=\"application\/ld+json\" class=\"yoast-schema-graph\">{\"@context\":\"https:\/\/schema.org\",\"@graph\":[{\"@type\":\"Article\",\"@id\":\"https:\/\/syndicoop.fr\/ufictsp\/tous-ensemble-linfo-locale-nantes\/#article\",\"isPartOf\":{\"@id\":\"https:\/\/syndicoop.fr\/ufictsp\/tous-ensemble-linfo-locale-nantes\/\"},\"author\":{\"name\":\"Damien Ramage\",\"@id\":\"https:\/\/syndicoop.fr\/ufictsp\/#\/schema\/person\/571e6d31ae10b20bc5d5ae4634a5c1ae\"},\"headline\":\"Tous ensemble &#8211; l&rsquo;info locale &#8211; Nantes\",\"datePublished\":\"2018-11-13T14:26:46+00:00\",\"dateModified\":\"2019-08-22T14:50:56+00:00\",\"mainEntityOfPage\":{\"@id\":\"https:\/\/syndicoop.fr\/ufictsp\/tous-ensemble-linfo-locale-nantes\/\"},\"wordCount\":160,\"commentCount\":0,\"publisher\":{\"@id\":\"https:\/\/syndicoop.fr\/ufictsp\/#organization\"},\"image\":{\"@id\":\"https:\/\/syndicoop.fr\/ufictsp\/tous-ensemble-linfo-locale-nantes\/#primaryimage\"},\"thumbnailUrl\":\"https:\/\/syndicoop.fr\/ufictsp\/wp-content\/uploads\/sites\/35\/2014\/09\/jeune-megaphone.jpg\",\"articleSection\":[\"Syndicats UFICT\"],\"inLanguage\":\"fr-FR\",\"potentialAction\":[{\"@type\":\"CommentAction\",\"name\":\"Comment\",\"target\":[\"https:\/\/syndicoop.fr\/ufictsp\/tous-ensemble-linfo-locale-nantes\/#respond\"]}]},{\"@type\":\"WebPage\",\"@id\":\"https:\/\/syndicoop.fr\/ufictsp\/tous-ensemble-linfo-locale-nantes\/\",\"url\":\"https:\/\/syndicoop.fr\/ufictsp\/tous-ensemble-linfo-locale-nantes\/\",\"name\":\"Tous ensemble - l'info locale - Nantes - UFICT des services publics\",\"isPartOf\":{\"@id\":\"https:\/\/syndicoop.fr\/ufictsp\/#website\"},\"primaryImageOfPage\":{\"@id\":\"https:\/\/syndicoop.fr\/ufictsp\/tous-ensemble-linfo-locale-nantes\/#primaryimage\"},\"image\":{\"@id\":\"https:\/\/syndicoop.fr\/ufictsp\/tous-ensemble-linfo-locale-nantes\/#primaryimage\"},\"thumbnailUrl\":\"https:\/\/syndicoop.fr\/ufictsp\/wp-content\/uploads\/sites\/35\/2014\/09\/jeune-megaphone.jpg\",\"datePublished\":\"2018-11-13T14:26:46+00:00\",\"dateModified\":\"2019-08-22T14:50:56+00:00\",\"breadcrumb\":{\"@id\":\"https:\/\/syndicoop.fr\/ufictsp\/tous-ensemble-linfo-locale-nantes\/#breadcrumb\"},\"inLanguage\":\"fr-FR\",\"potentialAction\":[{\"@type\":\"ReadAction\",\"target\":[\"https:\/\/syndicoop.fr\/ufictsp\/tous-ensemble-linfo-locale-nantes\/\"]}]},{\"@type\":\"ImageObject\",\"inLanguage\":\"fr-FR\",\"@id\":\"https:\/\/syndicoop.fr\/ufictsp\/tous-ensemble-linfo-locale-nantes\/#primaryimage\",\"url\":\"https:\/\/syndicoop.fr\/ufictsp\/wp-content\/uploads\/sites\/35\/2014\/09\/jeune-megaphone.jpg\",\"contentUrl\":\"https:\/\/syndicoop.fr\/ufictsp\/wp-content\/uploads\/sites\/35\/2014\/09\/jeune-megaphone.jpg\",\"width\":1000,\"height\":759},{\"@type\":\"BreadcrumbList\",\"@id\":\"https:\/\/syndicoop.fr\/ufictsp\/tous-ensemble-linfo-locale-nantes\/#breadcrumb\",\"itemListElement\":[{\"@type\":\"ListItem\",\"position\":1,\"name\":\"Accueil\",\"item\":\"https:\/\/syndicoop.fr\/ufictsp\/\"},{\"@type\":\"ListItem\",\"position\":2,\"name\":\"Tous ensemble &#8211; l&#8217;info locale &#8211; Nantes\"}]},{\"@type\":\"WebSite\",\"@id\":\"https:\/\/syndicoop.fr\/ufictsp\/#website\",\"url\":\"https:\/\/syndicoop.fr\/ufictsp\/\",\"name\":\"UFICT CGT des services publics\",\"description\":\"Avec Syndicoop - la plateforme syndicale et coop\u00e9rative\",\"publisher\":{\"@id\":\"https:\/\/syndicoop.fr\/ufictsp\/#organization\"},\"potentialAction\":[{\"@type\":\"SearchAction\",\"target\":{\"@type\":\"EntryPoint\",\"urlTemplate\":\"https:\/\/syndicoop.fr\/ufictsp\/?s={search_term_string}\"},\"query-input\":{\"@type\":\"PropertyValueSpecification\",\"valueRequired\":true,\"valueName\":\"search_term_string\"}}],\"inLanguage\":\"fr-FR\"},{\"@type\":\"Organization\",\"@id\":\"https:\/\/syndicoop.fr\/ufictsp\/#organization\",\"name\":\"UFICT CGT des Services publics\",\"url\":\"https:\/\/syndicoop.fr\/ufictsp\/\",\"logo\":{\"@type\":\"ImageObject\",\"inLanguage\":\"fr-FR\",\"@id\":\"https:\/\/syndicoop.fr\/ufictsp\/#\/schema\/logo\/image\/\",\"url\":\"https:\/\/syndicoop.fr\/ufictsp\/wp-content\/uploads\/sites\/35\/2019\/12\/Logoufictnational.png\",\"contentUrl\":\"https:\/\/syndicoop.fr\/ufictsp\/wp-content\/uploads\/sites\/35\/2019\/12\/Logoufictnational.png\",\"width\":684,\"height\":464,\"caption\":\"UFICT CGT des Services publics\"},\"image\":{\"@id\":\"https:\/\/syndicoop.fr\/ufictsp\/#\/schema\/logo\/image\/\"}},{\"@type\":\"Person\",\"@id\":\"https:\/\/syndicoop.fr\/ufictsp\/#\/schema\/person\/571e6d31ae10b20bc5d5ae4634a5c1ae\",\"name\":\"Damien Ramage\",\"image\":{\"@type\":\"ImageObject\",\"inLanguage\":\"fr-FR\",\"@id\":\"https:\/\/syndicoop.fr\/ufictsp\/#\/schema\/person\/image\/\",\"url\":\"https:\/\/syndicoop.fr\/ufictsp\/wp-content\/wphb-cache\/gravatar\/549\/54942cdca053361bdb963b2eeabd3843x96.jpg\",\"contentUrl\":\"https:\/\/syndicoop.fr\/ufictsp\/wp-content\/wphb-cache\/gravatar\/549\/54942cdca053361bdb963b2eeabd3843x96.jpg\",\"caption\":\"Damien Ramage\"},\"sameAs\":[\"https:\/\/x.com\/dramage\"]}]}<\/script>\n<!-- \/ Yoast SEO plugin. -->","yoast_head_json":{"title":"Tous ensemble - l'info locale - Nantes - UFICT des services publics","robots":{"index":"index","follow":"follow","max-snippet":"max-snippet:-1","max-image-preview":"max-image-preview:large","max-video-preview":"max-video-preview:-1"},"canonical":"https:\/\/syndicoop.fr\/ufictsp\/tous-ensemble-linfo-locale-nantes\/","og_locale":"fr_FR","og_type":"article","og_title":"Tous ensemble - l'info locale - Nantes - UFICT des services publics","og_description":"Dans ce bulletin, vous d\u00e9couvrirez des situations au travail qui peuvent faire \u00e9cho \u00e0 ce que vous vivez au quotidien dans votre service : des manques de moyens mat\u00e9riels et humains des r\u00e9organisations incessantes aux m\u00e9thodes floues des charges de travail en constante augmentation du management autoritaire ou l\u2019absence de management (quel est le pire [&hellip;]","og_url":"https:\/\/syndicoop.fr\/ufictsp\/tous-ensemble-linfo-locale-nantes\/","og_site_name":"UFICT des services publics","article_published_time":"2018-11-13T14:26:46+00:00","article_modified_time":"2019-08-22T14:50:56+00:00","og_image":[{"width":1000,"height":759,"url":"https:\/\/syndicoop.fr\/ufictsp\/wp-content\/uploads\/sites\/35\/2014\/09\/jeune-megaphone.jpg","type":"image\/jpeg"}],"author":"Damien Ramage","twitter_card":"summary_large_image","twitter_creator":"@dramage","twitter_misc":{"\u00c9crit par":"Damien Ramage","Dur\u00e9e de lecture estim\u00e9e":"1 minute"},"schema":{"@context":"https:\/\/schema.org","@graph":[{"@type":"Article","@id":"https:\/\/syndicoop.fr\/ufictsp\/tous-ensemble-linfo-locale-nantes\/#article","isPartOf":{"@id":"https:\/\/syndicoop.fr\/ufictsp\/tous-ensemble-linfo-locale-nantes\/"},"author":{"name":"Damien Ramage","@id":"https:\/\/syndicoop.fr\/ufictsp\/#\/schema\/person\/571e6d31ae10b20bc5d5ae4634a5c1ae"},"headline":"Tous ensemble &#8211; l&rsquo;info locale &#8211; Nantes","datePublished":"2018-11-13T14:26:46+00:00","dateModified":"2019-08-22T14:50:56+00:00","mainEntityOfPage":{"@id":"https:\/\/syndicoop.fr\/ufictsp\/tous-ensemble-linfo-locale-nantes\/"},"wordCount":160,"commentCount":0,"publisher":{"@id":"https:\/\/syndicoop.fr\/ufictsp\/#organization"},"image":{"@id":"https:\/\/syndicoop.fr\/ufictsp\/tous-ensemble-linfo-locale-nantes\/#primaryimage"},"thumbnailUrl":"https:\/\/syndicoop.fr\/ufictsp\/wp-content\/uploads\/sites\/35\/2014\/09\/jeune-megaphone.jpg","articleSection":["Syndicats UFICT"],"inLanguage":"fr-FR","potentialAction":[{"@type":"CommentAction","name":"Comment","target":["https:\/\/syndicoop.fr\/ufictsp\/tous-ensemble-linfo-locale-nantes\/#respond"]}]},{"@type":"WebPage","@id":"https:\/\/syndicoop.fr\/ufictsp\/tous-ensemble-linfo-locale-nantes\/","url":"https:\/\/syndicoop.fr\/ufictsp\/tous-ensemble-linfo-locale-nantes\/","name":"Tous ensemble - l'info locale - Nantes - UFICT des services publics","isPartOf":{"@id":"https:\/\/syndicoop.fr\/ufictsp\/#website"},"primaryImageOfPage":{"@id":"https:\/\/syndicoop.fr\/ufictsp\/tous-ensemble-linfo-locale-nantes\/#primaryimage"},"image":{"@id":"https:\/\/syndicoop.fr\/ufictsp\/tous-ensemble-linfo-locale-nantes\/#primaryimage"},"thumbnailUrl":"https:\/\/syndicoop.fr\/ufictsp\/wp-content\/uploads\/sites\/35\/2014\/09\/jeune-megaphone.jpg","datePublished":"2018-11-13T14:26:46+00:00","dateModified":"2019-08-22T14:50:56+00:00","breadcrumb":{"@id":"https:\/\/syndicoop.fr\/ufictsp\/tous-ensemble-linfo-locale-nantes\/#breadcrumb"},"inLanguage":"fr-FR","potentialAction":[{"@type":"ReadAction","target":["https:\/\/syndicoop.fr\/ufictsp\/tous-ensemble-linfo-locale-nantes\/"]}]},{"@type":"ImageObject","inLanguage":"fr-FR","@id":"https:\/\/syndicoop.fr\/ufictsp\/tous-ensemble-linfo-locale-nantes\/#primaryimage","url":"https:\/\/syndicoop.fr\/ufictsp\/wp-content\/uploads\/sites\/35\/2014\/09\/jeune-megaphone.jpg","contentUrl":"https:\/\/syndicoop.fr\/ufictsp\/wp-content\/uploads\/sites\/35\/2014\/09\/jeune-megaphone.jpg","width":1000,"height":759},{"@type":"BreadcrumbList","@id":"https:\/\/syndicoop.fr\/ufictsp\/tous-ensemble-linfo-locale-nantes\/#breadcrumb","itemListElement":[{"@type":"ListItem","position":1,"name":"Accueil","item":"https:\/\/syndicoop.fr\/ufictsp\/"},{"@type":"ListItem","position":2,"name":"Tous ensemble &#8211; l&#8217;info locale &#8211; Nantes"}]},{"@type":"WebSite","@id":"https:\/\/syndicoop.fr\/ufictsp\/#website","url":"https:\/\/syndicoop.fr\/ufictsp\/","name":"UFICT CGT des services publics","description":"Avec Syndicoop - la plateforme syndicale et coop\u00e9rative","publisher":{"@id":"https:\/\/syndicoop.fr\/ufictsp\/#organization"},"potentialAction":[{"@type":"SearchAction","target":{"@type":"EntryPoint","urlTemplate":"https:\/\/syndicoop.fr\/ufictsp\/?s={search_term_string}"},"query-input":{"@type":"PropertyValueSpecification","valueRequired":true,"valueName":"search_term_string"}}],"inLanguage":"fr-FR"},{"@type":"Organization","@id":"https:\/\/syndicoop.fr\/ufictsp\/#organization","name":"UFICT CGT des Services publics","url":"https:\/\/syndicoop.fr\/ufictsp\/","logo":{"@type":"ImageObject","inLanguage":"fr-FR","@id":"https:\/\/syndicoop.fr\/ufictsp\/#\/schema\/logo\/image\/","url":"https:\/\/syndicoop.fr\/ufictsp\/wp-content\/uploads\/sites\/35\/2019\/12\/Logoufictnational.png","contentUrl":"https:\/\/syndicoop.fr\/ufictsp\/wp-content\/uploads\/sites\/35\/2019\/12\/Logoufictnational.png","width":684,"height":464,"caption":"UFICT CGT des Services publics"},"image":{"@id":"https:\/\/syndicoop.fr\/ufictsp\/#\/schema\/logo\/image\/"}},{"@type":"Person","@id":"https:\/\/syndicoop.fr\/ufictsp\/#\/schema\/person\/571e6d31ae10b20bc5d5ae4634a5c1ae","name":"Damien Ramage","image":{"@type":"ImageObject","inLanguage":"fr-FR","@id":"https:\/\/syndicoop.fr\/ufictsp\/#\/schema\/person\/image\/","url":"https:\/\/syndicoop.fr\/ufictsp\/wp-content\/wphb-cache\/gravatar\/549\/54942cdca053361bdb963b2eeabd3843x96.jpg","contentUrl":"https:\/\/syndicoop.fr\/ufictsp\/wp-content\/wphb-cache\/gravatar\/549\/54942cdca053361bdb963b2eeabd3843x96.jpg","caption":"Damien Ramage"},"sameAs":["https:\/\/x.com\/dramage"]}]}},"_links":{"self":[{"href":"https:\/\/syndicoop.fr\/ufictsp\/wp-json\/wp\/v2\/posts\/929","targetHints":{"allow":["GET"]}}],"collection":[{"href":"https:\/\/syndicoop.fr\/ufictsp\/wp-json\/wp\/v2\/posts"}],"about":[{"href":"https:\/\/syndicoop.fr\/ufictsp\/wp-json\/wp\/v2\/types\/post"}],"author":[{"embeddable":true,"href":"https:\/\/syndicoop.fr\/ufictsp\/wp-json\/wp\/v2\/users\/1"}],"replies":[{"embeddable":true,"href":"https:\/\/syndicoop.fr\/ufictsp\/wp-json\/wp\/v2\/comments?post=929"}],"version-history":[{"count":0,"href":"https:\/\/syndicoop.fr\/ufictsp\/wp-json\/wp\/v2\/posts\/929\/revisions"}],"wp:featuredmedia":[{"embeddable":true,"href":"https:\/\/syndicoop.fr\/ufictsp\/wp-json\/wp\/v2\/media\/20"}],"wp:attachment":[{"href":"https:\/\/syndicoop.fr\/ufictsp\/wp-json\/wp\/v2\/media?parent=929"}],"wp:term":[{"taxonomy":"category","embeddable":true,"href":"https:\/\/syndicoop.fr\/ufictsp\/wp-json\/wp\/v2\/categories?post=929"},{"taxonomy":"post_tag","embeddable":true,"href":"https:\/\/syndicoop.fr\/ufictsp\/wp-json\/wp\/v2\/tags?post=929"}],"curies":[{"name":"wp","href":"https:\/\/api.w.org\/{rel}","templated":true}]}}