{"id":952,"date":"2018-12-10T16:53:10","date_gmt":"2018-12-10T15:53:10","guid":{"rendered":"http:\/\/ufictsp.reference-syndicale.fr\/?p=952"},"modified":"2018-12-10T16:53:10","modified_gmt":"2018-12-10T15:53:10","slug":"lheure-est-a-laction-pour-gagner-sur-les-revendications","status":"publish","type":"post","link":"https:\/\/syndicoop.fr\/ufictsp\/lheure-est-a-laction-pour-gagner-sur-les-revendications\/","title":{"rendered":"L&rsquo;heure est \u00e0 l&rsquo;action pour gagner sur les revendications !"},"content":{"rendered":"<p>Le mouvement des gilets jaunes, les luttes engag\u00e9es dans la p\u00e9riode, d\u00e9montrent que le monde du travail, la jeunesse, les retrait\u00e9s rejettent massivement la politique antisociale du gouvernement et sont disponibles pour la mobilisation collective.<\/p>\n<p>Gilets jaunes, gilets rouges, sans gilets, la F\u00e9d\u00e9ration CGT des Services publics soutient toutes celles et ceux qui luttent pour une r\u00e9partition des richesses au b\u00e9n\u00e9fice du plus grand nombre.<\/p>\n<p>La F\u00e9d\u00e9ration condamne toutes les violences et en premier lieu la violence sociale, celle des riches et de leur gouvernement qui chaque jour volent une part croissante des richesses cr\u00e9\u00e9es par le travail. Le gouvernement porte la responsabilit\u00e9 politique des morts et des bless\u00e9s, dont la liste s\u2019allonge chaque jour.<\/p>\n<p>Nous devons aujourd&rsquo;hui jeter nos forces syndicales dans la bataille. Dans le cadre du processus conf\u00e9d\u00e9ral d\u2019impulsion d\u2019un mois de d\u00e9cembre de lutte, la F\u00e9d\u00e9ration a donc d\u00e9cid\u00e9 <strong>le d\u00e9p\u00f4t d\u2019un<\/strong> <strong>pr\u00e9avis de gr\u00e8ve pour le samedi 8 d\u00e9cembre et pour la p\u00e9riode du 9 au 31 d\u00e9cembre<\/strong>.<\/p>\n<p>Durant les derniers jours de la campagne \u00e9lectorale, la F\u00e9d\u00e9ration appelle ses syndicats \u00e0 mettre en d\u00e9bat avec les agents la construction de la mobilisation sous les formes que d\u00e9cideront les personnels. La F\u00e9d\u00e9ration appelle les personnels de la Fonction publique territoriale \u00e0 participer massivement aux \u00e9lections professionnelles et \u00e0 porter leurs votes sur les listes CGT pour adresser un message clair et net de refus de la politique actuelle.<\/p>\n<p>Le pouvoir macroniste est all\u00e9 trop loin par orgueil et obsession des int\u00e9r\u00eats du capital. Il est aujourd&rsquo;hui dos au mur. Le moment est venu de le faire reculer et d&rsquo;arracher des avanc\u00e9es.<\/p>\n<p>Les conditions sont \u00e9galement propices dans les collectivit\u00e9s et entreprises du champ f\u00e9d\u00e9ral pour porter les revendications et obtenir des avanc\u00e9es.<\/p>\n<p>Pour l&rsquo;augmentation des salaires, pour l&rsquo;arr\u00eat du d\u00e9mant\u00e8lement de la Fonction publique, pour le r\u00e9tablissement de l&rsquo;imp\u00f4t sur la fortune, pour un moratoire sur l&rsquo;augmentation des taxes, contre la retraite par points, pour la d\u00e9fense des 35h et pour aller vers les 32h, pour faire payer les riches, agissons !<\/p>\n","protected":false},"excerpt":{"rendered":"<p>Le mouvement des gilets jaunes, les luttes engag\u00e9es dans la p\u00e9riode, d\u00e9montrent que le monde du travail, la jeunesse, les retrait\u00e9s rejettent massivement la politique antisociale du gouvernement et sont disponibles pour la mobilisation collective. Gilets jaunes, gilets rouges, sans gilets, la F\u00e9d\u00e9ration CGT des Services publics soutient toutes celles et ceux qui luttent pour [&hellip;]<\/p>\n","protected":false},"author":1,"featured_media":953,"comment_status":"open","ping_status":"closed","sticky":false,"template":"","format":"standard","meta":{"_acf_changed":false,"footnotes":""},"categories":[13],"tags":[],"class_list":["post-952","post","type-post","status-publish","format-standard","has-post-thumbnail","hentry","category-fede"],"acf":[],"yoast_head":"<!-- This site is optimized with the Yoast SEO plugin v26.3 - https:\/\/yoast.com\/wordpress\/plugins\/seo\/ -->\n<title>L&#039;heure est \u00e0 l&#039;action pour gagner sur les revendications ! - UFICT des services publics<\/title>\n<meta name=\"robots\" content=\"index, follow, max-snippet:-1, max-image-preview:large, max-video-preview:-1\" \/>\n<link rel=\"canonical\" href=\"https:\/\/syndicoop.fr\/ufictsp\/lheure-est-a-laction-pour-gagner-sur-les-revendications\/\" \/>\n<meta property=\"og:locale\" content=\"fr_FR\" \/>\n<meta property=\"og:type\" content=\"article\" \/>\n<meta property=\"og:title\" content=\"L&#039;heure est \u00e0 l&#039;action pour gagner sur les revendications ! - UFICT des services publics\" \/>\n<meta property=\"og:description\" content=\"Le mouvement des gilets jaunes, les luttes engag\u00e9es dans la p\u00e9riode, d\u00e9montrent que le monde du travail, la jeunesse, les retrait\u00e9s rejettent massivement la politique antisociale du gouvernement et sont disponibles pour la mobilisation collective. Gilets jaunes, gilets rouges, sans gilets, la F\u00e9d\u00e9ration CGT des Services publics soutient toutes celles et ceux qui luttent pour [&hellip;]\" \/>\n<meta property=\"og:url\" content=\"https:\/\/syndicoop.fr\/ufictsp\/lheure-est-a-laction-pour-gagner-sur-les-revendications\/\" \/>\n<meta property=\"og:site_name\" content=\"UFICT des services publics\" \/>\n<meta property=\"article:published_time\" content=\"2018-12-10T15:53:10+00:00\" \/>\n<meta property=\"og:image\" content=\"https:\/\/syndicoop.fr\/ufictsp\/wp-content\/uploads\/sites\/35\/2018\/12\/japheth-mast-329255-unsplash.jpg\" \/>\n\t<meta property=\"og:image:width\" content=\"4512\" \/>\n\t<meta property=\"og:image:height\" content=\"3008\" \/>\n\t<meta property=\"og:image:type\" content=\"image\/jpeg\" \/>\n<meta name=\"author\" content=\"Damien Ramage\" \/>\n<meta name=\"twitter:card\" content=\"summary_large_image\" \/>\n<meta name=\"twitter:creator\" content=\"@dramage\" \/>\n<meta name=\"twitter:label1\" content=\"\u00c9crit par\" \/>\n\t<meta name=\"twitter:data1\" content=\"Damien Ramage\" \/>\n\t<meta name=\"twitter:label2\" content=\"Dur\u00e9e de lecture estim\u00e9e\" \/>\n\t<meta name=\"twitter:data2\" content=\"2 minutes\" \/>\n<script type=\"application\/ld+json\" class=\"yoast-schema-graph\">{\"@context\":\"https:\/\/schema.org\",\"@graph\":[{\"@type\":\"Article\",\"@id\":\"https:\/\/syndicoop.fr\/ufictsp\/lheure-est-a-laction-pour-gagner-sur-les-revendications\/#article\",\"isPartOf\":{\"@id\":\"https:\/\/syndicoop.fr\/ufictsp\/lheure-est-a-laction-pour-gagner-sur-les-revendications\/\"},\"author\":{\"name\":\"Damien Ramage\",\"@id\":\"https:\/\/syndicoop.fr\/ufictsp\/#\/schema\/person\/571e6d31ae10b20bc5d5ae4634a5c1ae\"},\"headline\":\"L&rsquo;heure est \u00e0 l&rsquo;action pour gagner sur les revendications !\",\"datePublished\":\"2018-12-10T15:53:10+00:00\",\"mainEntityOfPage\":{\"@id\":\"https:\/\/syndicoop.fr\/ufictsp\/lheure-est-a-laction-pour-gagner-sur-les-revendications\/\"},\"wordCount\":387,\"commentCount\":0,\"publisher\":{\"@id\":\"https:\/\/syndicoop.fr\/ufictsp\/#organization\"},\"image\":{\"@id\":\"https:\/\/syndicoop.fr\/ufictsp\/lheure-est-a-laction-pour-gagner-sur-les-revendications\/#primaryimage\"},\"thumbnailUrl\":\"https:\/\/syndicoop.fr\/ufictsp\/wp-content\/uploads\/sites\/35\/2018\/12\/japheth-mast-329255-unsplash.jpg\",\"articleSection\":[\"F\u00e9d\u00e9ration des Services Publics\"],\"inLanguage\":\"fr-FR\",\"potentialAction\":[{\"@type\":\"CommentAction\",\"name\":\"Comment\",\"target\":[\"https:\/\/syndicoop.fr\/ufictsp\/lheure-est-a-laction-pour-gagner-sur-les-revendications\/#respond\"]}]},{\"@type\":\"WebPage\",\"@id\":\"https:\/\/syndicoop.fr\/ufictsp\/lheure-est-a-laction-pour-gagner-sur-les-revendications\/\",\"url\":\"https:\/\/syndicoop.fr\/ufictsp\/lheure-est-a-laction-pour-gagner-sur-les-revendications\/\",\"name\":\"L'heure est \u00e0 l'action pour gagner sur les revendications ! - UFICT des services publics\",\"isPartOf\":{\"@id\":\"https:\/\/syndicoop.fr\/ufictsp\/#website\"},\"primaryImageOfPage\":{\"@id\":\"https:\/\/syndicoop.fr\/ufictsp\/lheure-est-a-laction-pour-gagner-sur-les-revendications\/#primaryimage\"},\"image\":{\"@id\":\"https:\/\/syndicoop.fr\/ufictsp\/lheure-est-a-laction-pour-gagner-sur-les-revendications\/#primaryimage\"},\"thumbnailUrl\":\"https:\/\/syndicoop.fr\/ufictsp\/wp-content\/uploads\/sites\/35\/2018\/12\/japheth-mast-329255-unsplash.jpg\",\"datePublished\":\"2018-12-10T15:53:10+00:00\",\"breadcrumb\":{\"@id\":\"https:\/\/syndicoop.fr\/ufictsp\/lheure-est-a-laction-pour-gagner-sur-les-revendications\/#breadcrumb\"},\"inLanguage\":\"fr-FR\",\"potentialAction\":[{\"@type\":\"ReadAction\",\"target\":[\"https:\/\/syndicoop.fr\/ufictsp\/lheure-est-a-laction-pour-gagner-sur-les-revendications\/\"]}]},{\"@type\":\"ImageObject\",\"inLanguage\":\"fr-FR\",\"@id\":\"https:\/\/syndicoop.fr\/ufictsp\/lheure-est-a-laction-pour-gagner-sur-les-revendications\/#primaryimage\",\"url\":\"https:\/\/syndicoop.fr\/ufictsp\/wp-content\/uploads\/sites\/35\/2018\/12\/japheth-mast-329255-unsplash.jpg\",\"contentUrl\":\"https:\/\/syndicoop.fr\/ufictsp\/wp-content\/uploads\/sites\/35\/2018\/12\/japheth-mast-329255-unsplash.jpg\",\"width\":4512,\"height\":3008},{\"@type\":\"BreadcrumbList\",\"@id\":\"https:\/\/syndicoop.fr\/ufictsp\/lheure-est-a-laction-pour-gagner-sur-les-revendications\/#breadcrumb\",\"itemListElement\":[{\"@type\":\"ListItem\",\"position\":1,\"name\":\"Accueil\",\"item\":\"https:\/\/syndicoop.fr\/ufictsp\/\"},{\"@type\":\"ListItem\",\"position\":2,\"name\":\"L&#8217;heure est \u00e0 l&#8217;action pour gagner sur les revendications&#160;!\"}]},{\"@type\":\"WebSite\",\"@id\":\"https:\/\/syndicoop.fr\/ufictsp\/#website\",\"url\":\"https:\/\/syndicoop.fr\/ufictsp\/\",\"name\":\"UFICT CGT des services publics\",\"description\":\"Avec Syndicoop - la plateforme syndicale et coop\u00e9rative\",\"publisher\":{\"@id\":\"https:\/\/syndicoop.fr\/ufictsp\/#organization\"},\"potentialAction\":[{\"@type\":\"SearchAction\",\"target\":{\"@type\":\"EntryPoint\",\"urlTemplate\":\"https:\/\/syndicoop.fr\/ufictsp\/?s={search_term_string}\"},\"query-input\":{\"@type\":\"PropertyValueSpecification\",\"valueRequired\":true,\"valueName\":\"search_term_string\"}}],\"inLanguage\":\"fr-FR\"},{\"@type\":\"Organization\",\"@id\":\"https:\/\/syndicoop.fr\/ufictsp\/#organization\",\"name\":\"UFICT CGT des Services publics\",\"url\":\"https:\/\/syndicoop.fr\/ufictsp\/\",\"logo\":{\"@type\":\"ImageObject\",\"inLanguage\":\"fr-FR\",\"@id\":\"https:\/\/syndicoop.fr\/ufictsp\/#\/schema\/logo\/image\/\",\"url\":\"https:\/\/syndicoop.fr\/ufictsp\/wp-content\/uploads\/sites\/35\/2019\/12\/Logoufictnational.png\",\"contentUrl\":\"https:\/\/syndicoop.fr\/ufictsp\/wp-content\/uploads\/sites\/35\/2019\/12\/Logoufictnational.png\",\"width\":684,\"height\":464,\"caption\":\"UFICT CGT des Services publics\"},\"image\":{\"@id\":\"https:\/\/syndicoop.fr\/ufictsp\/#\/schema\/logo\/image\/\"}},{\"@type\":\"Person\",\"@id\":\"https:\/\/syndicoop.fr\/ufictsp\/#\/schema\/person\/571e6d31ae10b20bc5d5ae4634a5c1ae\",\"name\":\"Damien Ramage\",\"image\":{\"@type\":\"ImageObject\",\"inLanguage\":\"fr-FR\",\"@id\":\"https:\/\/syndicoop.fr\/ufictsp\/#\/schema\/person\/image\/\",\"url\":\"https:\/\/syndicoop.fr\/ufictsp\/wp-content\/wphb-cache\/gravatar\/549\/54942cdca053361bdb963b2eeabd3843x96.jpg\",\"contentUrl\":\"https:\/\/syndicoop.fr\/ufictsp\/wp-content\/wphb-cache\/gravatar\/549\/54942cdca053361bdb963b2eeabd3843x96.jpg\",\"caption\":\"Damien Ramage\"},\"sameAs\":[\"https:\/\/x.com\/dramage\"]}]}<\/script>\n<!-- \/ Yoast SEO plugin. -->","yoast_head_json":{"title":"L'heure est \u00e0 l'action pour gagner sur les revendications ! - UFICT des services publics","robots":{"index":"index","follow":"follow","max-snippet":"max-snippet:-1","max-image-preview":"max-image-preview:large","max-video-preview":"max-video-preview:-1"},"canonical":"https:\/\/syndicoop.fr\/ufictsp\/lheure-est-a-laction-pour-gagner-sur-les-revendications\/","og_locale":"fr_FR","og_type":"article","og_title":"L'heure est \u00e0 l'action pour gagner sur les revendications ! - UFICT des services publics","og_description":"Le mouvement des gilets jaunes, les luttes engag\u00e9es dans la p\u00e9riode, d\u00e9montrent que le monde du travail, la jeunesse, les retrait\u00e9s rejettent massivement la politique antisociale du gouvernement et sont disponibles pour la mobilisation collective. Gilets jaunes, gilets rouges, sans gilets, la F\u00e9d\u00e9ration CGT des Services publics soutient toutes celles et ceux qui luttent pour [&hellip;]","og_url":"https:\/\/syndicoop.fr\/ufictsp\/lheure-est-a-laction-pour-gagner-sur-les-revendications\/","og_site_name":"UFICT des services publics","article_published_time":"2018-12-10T15:53:10+00:00","og_image":[{"width":4512,"height":3008,"url":"https:\/\/syndicoop.fr\/ufictsp\/wp-content\/uploads\/sites\/35\/2018\/12\/japheth-mast-329255-unsplash.jpg","type":"image\/jpeg"}],"author":"Damien Ramage","twitter_card":"summary_large_image","twitter_creator":"@dramage","twitter_misc":{"\u00c9crit par":"Damien Ramage","Dur\u00e9e de lecture estim\u00e9e":"2 minutes"},"schema":{"@context":"https:\/\/schema.org","@graph":[{"@type":"Article","@id":"https:\/\/syndicoop.fr\/ufictsp\/lheure-est-a-laction-pour-gagner-sur-les-revendications\/#article","isPartOf":{"@id":"https:\/\/syndicoop.fr\/ufictsp\/lheure-est-a-laction-pour-gagner-sur-les-revendications\/"},"author":{"name":"Damien Ramage","@id":"https:\/\/syndicoop.fr\/ufictsp\/#\/schema\/person\/571e6d31ae10b20bc5d5ae4634a5c1ae"},"headline":"L&rsquo;heure est \u00e0 l&rsquo;action pour gagner sur les revendications !","datePublished":"2018-12-10T15:53:10+00:00","mainEntityOfPage":{"@id":"https:\/\/syndicoop.fr\/ufictsp\/lheure-est-a-laction-pour-gagner-sur-les-revendications\/"},"wordCount":387,"commentCount":0,"publisher":{"@id":"https:\/\/syndicoop.fr\/ufictsp\/#organization"},"image":{"@id":"https:\/\/syndicoop.fr\/ufictsp\/lheure-est-a-laction-pour-gagner-sur-les-revendications\/#primaryimage"},"thumbnailUrl":"https:\/\/syndicoop.fr\/ufictsp\/wp-content\/uploads\/sites\/35\/2018\/12\/japheth-mast-329255-unsplash.jpg","articleSection":["F\u00e9d\u00e9ration des Services Publics"],"inLanguage":"fr-FR","potentialAction":[{"@type":"CommentAction","name":"Comment","target":["https:\/\/syndicoop.fr\/ufictsp\/lheure-est-a-laction-pour-gagner-sur-les-revendications\/#respond"]}]},{"@type":"WebPage","@id":"https:\/\/syndicoop.fr\/ufictsp\/lheure-est-a-laction-pour-gagner-sur-les-revendications\/","url":"https:\/\/syndicoop.fr\/ufictsp\/lheure-est-a-laction-pour-gagner-sur-les-revendications\/","name":"L'heure est \u00e0 l'action pour gagner sur les revendications ! - UFICT des services publics","isPartOf":{"@id":"https:\/\/syndicoop.fr\/ufictsp\/#website"},"primaryImageOfPage":{"@id":"https:\/\/syndicoop.fr\/ufictsp\/lheure-est-a-laction-pour-gagner-sur-les-revendications\/#primaryimage"},"image":{"@id":"https:\/\/syndicoop.fr\/ufictsp\/lheure-est-a-laction-pour-gagner-sur-les-revendications\/#primaryimage"},"thumbnailUrl":"https:\/\/syndicoop.fr\/ufictsp\/wp-content\/uploads\/sites\/35\/2018\/12\/japheth-mast-329255-unsplash.jpg","datePublished":"2018-12-10T15:53:10+00:00","breadcrumb":{"@id":"https:\/\/syndicoop.fr\/ufictsp\/lheure-est-a-laction-pour-gagner-sur-les-revendications\/#breadcrumb"},"inLanguage":"fr-FR","potentialAction":[{"@type":"ReadAction","target":["https:\/\/syndicoop.fr\/ufictsp\/lheure-est-a-laction-pour-gagner-sur-les-revendications\/"]}]},{"@type":"ImageObject","inLanguage":"fr-FR","@id":"https:\/\/syndicoop.fr\/ufictsp\/lheure-est-a-laction-pour-gagner-sur-les-revendications\/#primaryimage","url":"https:\/\/syndicoop.fr\/ufictsp\/wp-content\/uploads\/sites\/35\/2018\/12\/japheth-mast-329255-unsplash.jpg","contentUrl":"https:\/\/syndicoop.fr\/ufictsp\/wp-content\/uploads\/sites\/35\/2018\/12\/japheth-mast-329255-unsplash.jpg","width":4512,"height":3008},{"@type":"BreadcrumbList","@id":"https:\/\/syndicoop.fr\/ufictsp\/lheure-est-a-laction-pour-gagner-sur-les-revendications\/#breadcrumb","itemListElement":[{"@type":"ListItem","position":1,"name":"Accueil","item":"https:\/\/syndicoop.fr\/ufictsp\/"},{"@type":"ListItem","position":2,"name":"L&#8217;heure est \u00e0 l&#8217;action pour gagner sur les revendications&#160;!"}]},{"@type":"WebSite","@id":"https:\/\/syndicoop.fr\/ufictsp\/#website","url":"https:\/\/syndicoop.fr\/ufictsp\/","name":"UFICT CGT des services publics","description":"Avec Syndicoop - la plateforme syndicale et coop\u00e9rative","publisher":{"@id":"https:\/\/syndicoop.fr\/ufictsp\/#organization"},"potentialAction":[{"@type":"SearchAction","target":{"@type":"EntryPoint","urlTemplate":"https:\/\/syndicoop.fr\/ufictsp\/?s={search_term_string}"},"query-input":{"@type":"PropertyValueSpecification","valueRequired":true,"valueName":"search_term_string"}}],"inLanguage":"fr-FR"},{"@type":"Organization","@id":"https:\/\/syndicoop.fr\/ufictsp\/#organization","name":"UFICT CGT des Services publics","url":"https:\/\/syndicoop.fr\/ufictsp\/","logo":{"@type":"ImageObject","inLanguage":"fr-FR","@id":"https:\/\/syndicoop.fr\/ufictsp\/#\/schema\/logo\/image\/","url":"https:\/\/syndicoop.fr\/ufictsp\/wp-content\/uploads\/sites\/35\/2019\/12\/Logoufictnational.png","contentUrl":"https:\/\/syndicoop.fr\/ufictsp\/wp-content\/uploads\/sites\/35\/2019\/12\/Logoufictnational.png","width":684,"height":464,"caption":"UFICT CGT des Services publics"},"image":{"@id":"https:\/\/syndicoop.fr\/ufictsp\/#\/schema\/logo\/image\/"}},{"@type":"Person","@id":"https:\/\/syndicoop.fr\/ufictsp\/#\/schema\/person\/571e6d31ae10b20bc5d5ae4634a5c1ae","name":"Damien Ramage","image":{"@type":"ImageObject","inLanguage":"fr-FR","@id":"https:\/\/syndicoop.fr\/ufictsp\/#\/schema\/person\/image\/","url":"https:\/\/syndicoop.fr\/ufictsp\/wp-content\/wphb-cache\/gravatar\/549\/54942cdca053361bdb963b2eeabd3843x96.jpg","contentUrl":"https:\/\/syndicoop.fr\/ufictsp\/wp-content\/wphb-cache\/gravatar\/549\/54942cdca053361bdb963b2eeabd3843x96.jpg","caption":"Damien Ramage"},"sameAs":["https:\/\/x.com\/dramage"]}]}},"_links":{"self":[{"href":"https:\/\/syndicoop.fr\/ufictsp\/wp-json\/wp\/v2\/posts\/952","targetHints":{"allow":["GET"]}}],"collection":[{"href":"https:\/\/syndicoop.fr\/ufictsp\/wp-json\/wp\/v2\/posts"}],"about":[{"href":"https:\/\/syndicoop.fr\/ufictsp\/wp-json\/wp\/v2\/types\/post"}],"author":[{"embeddable":true,"href":"https:\/\/syndicoop.fr\/ufictsp\/wp-json\/wp\/v2\/users\/1"}],"replies":[{"embeddable":true,"href":"https:\/\/syndicoop.fr\/ufictsp\/wp-json\/wp\/v2\/comments?post=952"}],"version-history":[{"count":0,"href":"https:\/\/syndicoop.fr\/ufictsp\/wp-json\/wp\/v2\/posts\/952\/revisions"}],"wp:featuredmedia":[{"embeddable":true,"href":"https:\/\/syndicoop.fr\/ufictsp\/wp-json\/wp\/v2\/media\/953"}],"wp:attachment":[{"href":"https:\/\/syndicoop.fr\/ufictsp\/wp-json\/wp\/v2\/media?parent=952"}],"wp:term":[{"taxonomy":"category","embeddable":true,"href":"https:\/\/syndicoop.fr\/ufictsp\/wp-json\/wp\/v2\/categories?post=952"},{"taxonomy":"post_tag","embeddable":true,"href":"https:\/\/syndicoop.fr\/ufictsp\/wp-json\/wp\/v2\/tags?post=952"}],"curies":[{"name":"wp","href":"https:\/\/api.w.org\/{rel}","templated":true}]}}