{"id":955,"date":"2018-12-10T17:56:05","date_gmt":"2018-12-10T16:56:05","guid":{"rendered":"http:\/\/ufictsp.reference-syndicale.fr\/?p=955"},"modified":"2018-12-10T17:56:05","modified_gmt":"2018-12-10T16:56:05","slug":"face-a-la-colere-des-territoires-macron-livre-en-pature-les-agents-publics-territoriaux","status":"publish","type":"post","link":"https:\/\/syndicoop.fr\/ufictsp\/face-a-la-colere-des-territoires-macron-livre-en-pature-les-agents-publics-territoriaux\/","title":{"rendered":"Face \u00e0 la col\u00e8re des territoires, Macron livre en p\u00e2ture les agents publics territoriaux"},"content":{"rendered":"<p><strong>Le Pr\u00e9sident n\u2019a pas h\u00e9sit\u00e9, alors qu\u2019il est largement contest\u00e9 sur sa politique d\u2019aust\u00e9rit\u00e9, \u00e0 faire preuve de d\u00e9magogie en tapant sur un de ses boucs \u00e9missaires habituels : le fonctionnaire territorial. Alors que les citoyens d\u00e9noncent la vie ch\u00e8re et la disparition de leurs services publics de proximit\u00e9, Macron fait de la surench\u00e8re dans la r\u00e9duction des d\u00e9penses publiques.<\/strong><\/p>\n<p>Dans son allocution devant des Maires r\u00e9unis \u00e0 l\u2019\u00c9lys\u00e9e, Macron a voulu donner des gages aux \u00e9lus avec des pr\u00e9conisations issues de CAP 2022 qui pr\u00e9figurent le projet de loi Fonction publique 2019. \u00c0 qui, \u00e0 part \u00e0 quelques baronnies, Macron veut-il faire croire que le d\u00e9mant\u00e8lement de la Fonction publique territoriale constituerait un levier de d\u00e9veloppement des collectivit\u00e9s !?<\/p>\n<p>La CGT fait confiance au bon sens des employeurs qui ont d\u00e9velopp\u00e9 des politiques volontaristes avec les\u00a0\u00e9quipes de professionnels territoriaux pour r\u00e9pondre aux besoins des populations.<\/p>\n<p><strong>Le Statut g\u00e9n\u00e9ral des fonctionnaires est fond\u00e9 sur les principes d\u2019\u00e9galit\u00e9, d\u2019ind\u00e9pendance et de responsabilit\u00e9, il est avant tout une garantie pour les citoyens et les usagers des services publics. La CGT r\u00e9affirme que l\u2019Unicit\u00e9 de la Fonction publique est \u00e0 renforcer non \u00e0 combattre.<\/strong><\/p>\n<p>Il s\u2019agit de permettre aux fonctionnaires territoriaux de rendre un service public de mani\u00e8re neutre et impartiale en les mettant \u00e0 l\u2019abri des pressions politiques, patronales, \u00e9conomiques, financi\u00e8res\u2026 y compris en leur permettant de refuser un ordre contraire \u00e0 la loi. Si pour Monsieur Macron cela constitue un \u00ab \u00e9tau \u00bb, nous sommes tr\u00e8s inquiets pour la d\u00e9mocratie.<\/p>\n<p>Les moyens financiers, notamment pour les r\u00e9mun\u00e9rations des agents, doivent \u00eatre compris dans les dotations de l\u2019\u00c9tat (DGF). Le gel du point d\u2019indice depuis 2010 a d\u00e9j\u00e0 permis 7 milliards d\u2019\u00e9conomies sur le dos de la Fonction publique, les carri\u00e8res sont aussi rallong\u00e9es avec les mesures PPCR. \u00c0 qualification \u00e9gale, le salaire des agents est en grave d\u00e9crochage par rapport au priv\u00e9. Rappelons que l\u2019\u00e9vasion fiscale c\u2019est 60 \u00e0 100 milliards par an, la suppression de l\u2019ISF 3,5 milliards, les agents des collectivit\u00e9s sont bien loin des choy\u00e9s premiers de cord\u00e9e !<\/p>\n<p>Rappelons aussi que les accords sur le temps de travail sont essentiellement des compensations \u00e0 l\u2019impossibilit\u00e9 financi\u00e8re des collectivit\u00e9s de r\u00e9mun\u00e9rer correctement et permettre l\u2019attractivit\u00e9 de leurs postes. Le service public territorial, avec ses importantes amplitudes d\u2019ouverture, implique que 75 % des agents d\u00e9passent parfois, souvent ou tous les jours, leurs horaires de travail ; 42 % travaillent le samedi et 30 % le dimanche ! Plut\u00f4t que de respecter les instances paritaires repr\u00e9sentatives existantes des agents et des employeurs (CSFPT, CNFPT), le Pr\u00e9sident favorise la cr\u00e9ation d\u2019un syndicat patronal de la Territoriale, en contradiction avec son m\u00e9pris affich\u00e9 pour les \u00ab corps interm\u00e9diaires \u00bb.<\/p>\n<p>Bonne occasion pour d\u00e9lester l\u2019\u00c9tat de ses responsabilit\u00e9s, nous appelons les \u00e9lus \u00e0 ne pas tomber dans ce pi\u00e8ge. Embaucher davantage sur la base de contrats pour \u00ab plus de souplesse \u00bb : Ces mesures s\u2019inscrivent bien dans la ligne directrice d\u2019Emmanuel Macron qui est de remettre en cause tous les droits collectifs, statuts, normes, au profit de l\u2019individualisation et des rapports de gr\u00e9 \u00e0 gr\u00e9, facteur aggravant l\u2019exploitation du travail salari\u00e9. Aujourd\u2019hui, 27 % des emplois de la FPT d\u00e9rogent d\u00e9j\u00e0 \u00e0 la norme, g\u00e9n\u00e9raliser le recours au contrat, qui plus est de droit priv\u00e9, aggraverait le client\u00e9lisme et d\u00e9rogerait gravement \u00e0 l\u2019int\u00e9r\u00eat g\u00e9n\u00e9ral.<\/p>\n<p><strong>Mal pay\u00e9s, soumis \u00e0 des horaires atypiques, les agents territoriaux n\u2019ont pas \u00e0 subir la stigmatisation pr\u00e9sidentielle. La r\u00e9ponse aux besoins criants des territoires et des collectivit\u00e9s doit passer par des choix politiques s\u00e9rieux, d\u00e9tach\u00e9s des dogmes du lib\u00e9ralisme.<\/strong><\/p>\n<p><strong><a href=\"http:\/\/ufictsp.reference-syndicale.fr\/files\/2018\/12\/tract_congres_maires-1.pdf\" target=\"_blank\" rel=\"noopener\">T\u00e9l\u00e9charger le .pdf du tract pour congres maires <\/a><\/strong><\/p>\n","protected":false},"excerpt":{"rendered":"<p>Le Pr\u00e9sident n\u2019a pas h\u00e9sit\u00e9, alors qu\u2019il est largement contest\u00e9 sur sa politique d\u2019aust\u00e9rit\u00e9, \u00e0 faire preuve de d\u00e9magogie en tapant sur un de ses boucs \u00e9missaires habituels : le fonctionnaire territorial. Alors que les citoyens d\u00e9noncent la vie ch\u00e8re et la disparition de leurs services publics de proximit\u00e9, Macron fait de la surench\u00e8re dans [&hellip;]<\/p>\n","protected":false},"author":1,"featured_media":0,"comment_status":"open","ping_status":"closed","sticky":false,"template":"","format":"standard","meta":{"_acf_changed":false,"footnotes":""},"categories":[13],"tags":[],"class_list":["post-955","post","type-post","status-publish","format-standard","hentry","category-fede"],"acf":[],"yoast_head":"<!-- This site is optimized with the Yoast SEO plugin v26.3 - https:\/\/yoast.com\/wordpress\/plugins\/seo\/ -->\n<title>Face \u00e0 la col\u00e8re des territoires, Macron livre en p\u00e2ture les agents publics territoriaux - UFICT des services publics<\/title>\n<meta name=\"robots\" content=\"index, follow, max-snippet:-1, max-image-preview:large, max-video-preview:-1\" \/>\n<link rel=\"canonical\" href=\"https:\/\/syndicoop.fr\/ufictsp\/face-a-la-colere-des-territoires-macron-livre-en-pature-les-agents-publics-territoriaux\/\" \/>\n<meta property=\"og:locale\" content=\"fr_FR\" \/>\n<meta property=\"og:type\" content=\"article\" \/>\n<meta property=\"og:title\" content=\"Face \u00e0 la col\u00e8re des territoires, Macron livre en p\u00e2ture les agents publics territoriaux - UFICT des services publics\" \/>\n<meta property=\"og:description\" content=\"Le Pr\u00e9sident n\u2019a pas h\u00e9sit\u00e9, alors qu\u2019il est largement contest\u00e9 sur sa politique d\u2019aust\u00e9rit\u00e9, \u00e0 faire preuve de d\u00e9magogie en tapant sur un de ses boucs \u00e9missaires habituels : le fonctionnaire territorial. Alors que les citoyens d\u00e9noncent la vie ch\u00e8re et la disparition de leurs services publics de proximit\u00e9, Macron fait de la surench\u00e8re dans [&hellip;]\" \/>\n<meta property=\"og:url\" content=\"https:\/\/syndicoop.fr\/ufictsp\/face-a-la-colere-des-territoires-macron-livre-en-pature-les-agents-publics-territoriaux\/\" \/>\n<meta property=\"og:site_name\" content=\"UFICT des services publics\" \/>\n<meta property=\"article:published_time\" content=\"2018-12-10T16:56:05+00:00\" \/>\n<meta name=\"author\" content=\"Damien Ramage\" \/>\n<meta name=\"twitter:card\" content=\"summary_large_image\" \/>\n<meta name=\"twitter:creator\" content=\"@dramage\" \/>\n<meta name=\"twitter:label1\" content=\"\u00c9crit par\" \/>\n\t<meta name=\"twitter:data1\" content=\"Damien Ramage\" \/>\n\t<meta name=\"twitter:label2\" content=\"Dur\u00e9e de lecture estim\u00e9e\" \/>\n\t<meta name=\"twitter:data2\" content=\"3 minutes\" \/>\n<script type=\"application\/ld+json\" class=\"yoast-schema-graph\">{\"@context\":\"https:\/\/schema.org\",\"@graph\":[{\"@type\":\"Article\",\"@id\":\"https:\/\/syndicoop.fr\/ufictsp\/face-a-la-colere-des-territoires-macron-livre-en-pature-les-agents-publics-territoriaux\/#article\",\"isPartOf\":{\"@id\":\"https:\/\/syndicoop.fr\/ufictsp\/face-a-la-colere-des-territoires-macron-livre-en-pature-les-agents-publics-territoriaux\/\"},\"author\":{\"name\":\"Damien Ramage\",\"@id\":\"https:\/\/syndicoop.fr\/ufictsp\/#\/schema\/person\/571e6d31ae10b20bc5d5ae4634a5c1ae\"},\"headline\":\"Face \u00e0 la col\u00e8re des territoires, Macron livre en p\u00e2ture les agents publics territoriaux\",\"datePublished\":\"2018-12-10T16:56:05+00:00\",\"mainEntityOfPage\":{\"@id\":\"https:\/\/syndicoop.fr\/ufictsp\/face-a-la-colere-des-territoires-macron-livre-en-pature-les-agents-publics-territoriaux\/\"},\"wordCount\":666,\"commentCount\":0,\"publisher\":{\"@id\":\"https:\/\/syndicoop.fr\/ufictsp\/#organization\"},\"articleSection\":[\"F\u00e9d\u00e9ration des Services Publics\"],\"inLanguage\":\"fr-FR\",\"potentialAction\":[{\"@type\":\"CommentAction\",\"name\":\"Comment\",\"target\":[\"https:\/\/syndicoop.fr\/ufictsp\/face-a-la-colere-des-territoires-macron-livre-en-pature-les-agents-publics-territoriaux\/#respond\"]}]},{\"@type\":\"WebPage\",\"@id\":\"https:\/\/syndicoop.fr\/ufictsp\/face-a-la-colere-des-territoires-macron-livre-en-pature-les-agents-publics-territoriaux\/\",\"url\":\"https:\/\/syndicoop.fr\/ufictsp\/face-a-la-colere-des-territoires-macron-livre-en-pature-les-agents-publics-territoriaux\/\",\"name\":\"Face \u00e0 la col\u00e8re des territoires, Macron livre en p\u00e2ture les agents publics territoriaux - UFICT des services publics\",\"isPartOf\":{\"@id\":\"https:\/\/syndicoop.fr\/ufictsp\/#website\"},\"datePublished\":\"2018-12-10T16:56:05+00:00\",\"breadcrumb\":{\"@id\":\"https:\/\/syndicoop.fr\/ufictsp\/face-a-la-colere-des-territoires-macron-livre-en-pature-les-agents-publics-territoriaux\/#breadcrumb\"},\"inLanguage\":\"fr-FR\",\"potentialAction\":[{\"@type\":\"ReadAction\",\"target\":[\"https:\/\/syndicoop.fr\/ufictsp\/face-a-la-colere-des-territoires-macron-livre-en-pature-les-agents-publics-territoriaux\/\"]}]},{\"@type\":\"BreadcrumbList\",\"@id\":\"https:\/\/syndicoop.fr\/ufictsp\/face-a-la-colere-des-territoires-macron-livre-en-pature-les-agents-publics-territoriaux\/#breadcrumb\",\"itemListElement\":[{\"@type\":\"ListItem\",\"position\":1,\"name\":\"Accueil\",\"item\":\"https:\/\/syndicoop.fr\/ufictsp\/\"},{\"@type\":\"ListItem\",\"position\":2,\"name\":\"Face \u00e0 la col\u00e8re des territoires, Macron livre en p\u00e2ture les agents publics territoriaux\"}]},{\"@type\":\"WebSite\",\"@id\":\"https:\/\/syndicoop.fr\/ufictsp\/#website\",\"url\":\"https:\/\/syndicoop.fr\/ufictsp\/\",\"name\":\"UFICT CGT des services publics\",\"description\":\"Avec Syndicoop - la plateforme syndicale et coop\u00e9rative\",\"publisher\":{\"@id\":\"https:\/\/syndicoop.fr\/ufictsp\/#organization\"},\"potentialAction\":[{\"@type\":\"SearchAction\",\"target\":{\"@type\":\"EntryPoint\",\"urlTemplate\":\"https:\/\/syndicoop.fr\/ufictsp\/?s={search_term_string}\"},\"query-input\":{\"@type\":\"PropertyValueSpecification\",\"valueRequired\":true,\"valueName\":\"search_term_string\"}}],\"inLanguage\":\"fr-FR\"},{\"@type\":\"Organization\",\"@id\":\"https:\/\/syndicoop.fr\/ufictsp\/#organization\",\"name\":\"UFICT CGT des Services publics\",\"url\":\"https:\/\/syndicoop.fr\/ufictsp\/\",\"logo\":{\"@type\":\"ImageObject\",\"inLanguage\":\"fr-FR\",\"@id\":\"https:\/\/syndicoop.fr\/ufictsp\/#\/schema\/logo\/image\/\",\"url\":\"https:\/\/syndicoop.fr\/ufictsp\/wp-content\/uploads\/sites\/35\/2019\/12\/Logoufictnational.png\",\"contentUrl\":\"https:\/\/syndicoop.fr\/ufictsp\/wp-content\/uploads\/sites\/35\/2019\/12\/Logoufictnational.png\",\"width\":684,\"height\":464,\"caption\":\"UFICT CGT des Services publics\"},\"image\":{\"@id\":\"https:\/\/syndicoop.fr\/ufictsp\/#\/schema\/logo\/image\/\"}},{\"@type\":\"Person\",\"@id\":\"https:\/\/syndicoop.fr\/ufictsp\/#\/schema\/person\/571e6d31ae10b20bc5d5ae4634a5c1ae\",\"name\":\"Damien Ramage\",\"image\":{\"@type\":\"ImageObject\",\"inLanguage\":\"fr-FR\",\"@id\":\"https:\/\/syndicoop.fr\/ufictsp\/#\/schema\/person\/image\/\",\"url\":\"https:\/\/syndicoop.fr\/ufictsp\/wp-content\/wphb-cache\/gravatar\/549\/54942cdca053361bdb963b2eeabd3843x96.jpg\",\"contentUrl\":\"https:\/\/syndicoop.fr\/ufictsp\/wp-content\/wphb-cache\/gravatar\/549\/54942cdca053361bdb963b2eeabd3843x96.jpg\",\"caption\":\"Damien Ramage\"},\"sameAs\":[\"https:\/\/x.com\/dramage\"]}]}<\/script>\n<!-- \/ Yoast SEO plugin. -->","yoast_head_json":{"title":"Face \u00e0 la col\u00e8re des territoires, Macron livre en p\u00e2ture les agents publics territoriaux - UFICT des services publics","robots":{"index":"index","follow":"follow","max-snippet":"max-snippet:-1","max-image-preview":"max-image-preview:large","max-video-preview":"max-video-preview:-1"},"canonical":"https:\/\/syndicoop.fr\/ufictsp\/face-a-la-colere-des-territoires-macron-livre-en-pature-les-agents-publics-territoriaux\/","og_locale":"fr_FR","og_type":"article","og_title":"Face \u00e0 la col\u00e8re des territoires, Macron livre en p\u00e2ture les agents publics territoriaux - UFICT des services publics","og_description":"Le Pr\u00e9sident n\u2019a pas h\u00e9sit\u00e9, alors qu\u2019il est largement contest\u00e9 sur sa politique d\u2019aust\u00e9rit\u00e9, \u00e0 faire preuve de d\u00e9magogie en tapant sur un de ses boucs \u00e9missaires habituels : le fonctionnaire territorial. Alors que les citoyens d\u00e9noncent la vie ch\u00e8re et la disparition de leurs services publics de proximit\u00e9, Macron fait de la surench\u00e8re dans [&hellip;]","og_url":"https:\/\/syndicoop.fr\/ufictsp\/face-a-la-colere-des-territoires-macron-livre-en-pature-les-agents-publics-territoriaux\/","og_site_name":"UFICT des services publics","article_published_time":"2018-12-10T16:56:05+00:00","author":"Damien Ramage","twitter_card":"summary_large_image","twitter_creator":"@dramage","twitter_misc":{"\u00c9crit par":"Damien Ramage","Dur\u00e9e de lecture estim\u00e9e":"3 minutes"},"schema":{"@context":"https:\/\/schema.org","@graph":[{"@type":"Article","@id":"https:\/\/syndicoop.fr\/ufictsp\/face-a-la-colere-des-territoires-macron-livre-en-pature-les-agents-publics-territoriaux\/#article","isPartOf":{"@id":"https:\/\/syndicoop.fr\/ufictsp\/face-a-la-colere-des-territoires-macron-livre-en-pature-les-agents-publics-territoriaux\/"},"author":{"name":"Damien Ramage","@id":"https:\/\/syndicoop.fr\/ufictsp\/#\/schema\/person\/571e6d31ae10b20bc5d5ae4634a5c1ae"},"headline":"Face \u00e0 la col\u00e8re des territoires, Macron livre en p\u00e2ture les agents publics territoriaux","datePublished":"2018-12-10T16:56:05+00:00","mainEntityOfPage":{"@id":"https:\/\/syndicoop.fr\/ufictsp\/face-a-la-colere-des-territoires-macron-livre-en-pature-les-agents-publics-territoriaux\/"},"wordCount":666,"commentCount":0,"publisher":{"@id":"https:\/\/syndicoop.fr\/ufictsp\/#organization"},"articleSection":["F\u00e9d\u00e9ration des Services Publics"],"inLanguage":"fr-FR","potentialAction":[{"@type":"CommentAction","name":"Comment","target":["https:\/\/syndicoop.fr\/ufictsp\/face-a-la-colere-des-territoires-macron-livre-en-pature-les-agents-publics-territoriaux\/#respond"]}]},{"@type":"WebPage","@id":"https:\/\/syndicoop.fr\/ufictsp\/face-a-la-colere-des-territoires-macron-livre-en-pature-les-agents-publics-territoriaux\/","url":"https:\/\/syndicoop.fr\/ufictsp\/face-a-la-colere-des-territoires-macron-livre-en-pature-les-agents-publics-territoriaux\/","name":"Face \u00e0 la col\u00e8re des territoires, Macron livre en p\u00e2ture les agents publics territoriaux - UFICT des services publics","isPartOf":{"@id":"https:\/\/syndicoop.fr\/ufictsp\/#website"},"datePublished":"2018-12-10T16:56:05+00:00","breadcrumb":{"@id":"https:\/\/syndicoop.fr\/ufictsp\/face-a-la-colere-des-territoires-macron-livre-en-pature-les-agents-publics-territoriaux\/#breadcrumb"},"inLanguage":"fr-FR","potentialAction":[{"@type":"ReadAction","target":["https:\/\/syndicoop.fr\/ufictsp\/face-a-la-colere-des-territoires-macron-livre-en-pature-les-agents-publics-territoriaux\/"]}]},{"@type":"BreadcrumbList","@id":"https:\/\/syndicoop.fr\/ufictsp\/face-a-la-colere-des-territoires-macron-livre-en-pature-les-agents-publics-territoriaux\/#breadcrumb","itemListElement":[{"@type":"ListItem","position":1,"name":"Accueil","item":"https:\/\/syndicoop.fr\/ufictsp\/"},{"@type":"ListItem","position":2,"name":"Face \u00e0 la col\u00e8re des territoires, Macron livre en p\u00e2ture les agents publics territoriaux"}]},{"@type":"WebSite","@id":"https:\/\/syndicoop.fr\/ufictsp\/#website","url":"https:\/\/syndicoop.fr\/ufictsp\/","name":"UFICT CGT des services publics","description":"Avec Syndicoop - la plateforme syndicale et coop\u00e9rative","publisher":{"@id":"https:\/\/syndicoop.fr\/ufictsp\/#organization"},"potentialAction":[{"@type":"SearchAction","target":{"@type":"EntryPoint","urlTemplate":"https:\/\/syndicoop.fr\/ufictsp\/?s={search_term_string}"},"query-input":{"@type":"PropertyValueSpecification","valueRequired":true,"valueName":"search_term_string"}}],"inLanguage":"fr-FR"},{"@type":"Organization","@id":"https:\/\/syndicoop.fr\/ufictsp\/#organization","name":"UFICT CGT des Services publics","url":"https:\/\/syndicoop.fr\/ufictsp\/","logo":{"@type":"ImageObject","inLanguage":"fr-FR","@id":"https:\/\/syndicoop.fr\/ufictsp\/#\/schema\/logo\/image\/","url":"https:\/\/syndicoop.fr\/ufictsp\/wp-content\/uploads\/sites\/35\/2019\/12\/Logoufictnational.png","contentUrl":"https:\/\/syndicoop.fr\/ufictsp\/wp-content\/uploads\/sites\/35\/2019\/12\/Logoufictnational.png","width":684,"height":464,"caption":"UFICT CGT des Services publics"},"image":{"@id":"https:\/\/syndicoop.fr\/ufictsp\/#\/schema\/logo\/image\/"}},{"@type":"Person","@id":"https:\/\/syndicoop.fr\/ufictsp\/#\/schema\/person\/571e6d31ae10b20bc5d5ae4634a5c1ae","name":"Damien Ramage","image":{"@type":"ImageObject","inLanguage":"fr-FR","@id":"https:\/\/syndicoop.fr\/ufictsp\/#\/schema\/person\/image\/","url":"https:\/\/syndicoop.fr\/ufictsp\/wp-content\/wphb-cache\/gravatar\/549\/54942cdca053361bdb963b2eeabd3843x96.jpg","contentUrl":"https:\/\/syndicoop.fr\/ufictsp\/wp-content\/wphb-cache\/gravatar\/549\/54942cdca053361bdb963b2eeabd3843x96.jpg","caption":"Damien Ramage"},"sameAs":["https:\/\/x.com\/dramage"]}]}},"_links":{"self":[{"href":"https:\/\/syndicoop.fr\/ufictsp\/wp-json\/wp\/v2\/posts\/955","targetHints":{"allow":["GET"]}}],"collection":[{"href":"https:\/\/syndicoop.fr\/ufictsp\/wp-json\/wp\/v2\/posts"}],"about":[{"href":"https:\/\/syndicoop.fr\/ufictsp\/wp-json\/wp\/v2\/types\/post"}],"author":[{"embeddable":true,"href":"https:\/\/syndicoop.fr\/ufictsp\/wp-json\/wp\/v2\/users\/1"}],"replies":[{"embeddable":true,"href":"https:\/\/syndicoop.fr\/ufictsp\/wp-json\/wp\/v2\/comments?post=955"}],"version-history":[{"count":0,"href":"https:\/\/syndicoop.fr\/ufictsp\/wp-json\/wp\/v2\/posts\/955\/revisions"}],"wp:attachment":[{"href":"https:\/\/syndicoop.fr\/ufictsp\/wp-json\/wp\/v2\/media?parent=955"}],"wp:term":[{"taxonomy":"category","embeddable":true,"href":"https:\/\/syndicoop.fr\/ufictsp\/wp-json\/wp\/v2\/categories?post=955"},{"taxonomy":"post_tag","embeddable":true,"href":"https:\/\/syndicoop.fr\/ufictsp\/wp-json\/wp\/v2\/tags?post=955"}],"curies":[{"name":"wp","href":"https:\/\/api.w.org\/{rel}","templated":true}]}}