{"id":97,"date":"2018-10-29T17:08:47","date_gmt":"2018-10-29T16:08:47","guid":{"rendered":"https:\/\/syndicoop.fr\/6decembre\/?p=97"},"modified":"2019-08-22T17:09:02","modified_gmt":"2019-08-22T15:09:02","slug":"14-revendications","status":"publish","type":"post","link":"https:\/\/syndicoop.fr\/ufictsp\/14-revendications\/","title":{"rendered":"14 revendications pour les ing\u00e9s, cadres techs de la fonction publique"},"content":{"rendered":"<h2 class=\"p3\">S\u00e9curiser<\/h2>\n<ul>\n<li class=\"p4\"><strong>1.<\/strong> La d\u00e9fense du statut des fonctionnaires et l\u2019abandon du projet de recrutement de cadres dans la Fonction publique par le biais de CDI de droit priv\u00e9\u00a0;<\/li>\n<li class=\"p4\"><strong>2.<\/strong> Des cr\u00e9ations d\u2019emploi statutaires et l\u2019arr\u00eat du plan de suppression de 120 000 postes de fonctionnaires.<span class=\"s5\">\u202f<\/span><\/li>\n<\/ul>\n<h2 class=\"p3\">Revaloriser<\/h2>\n<ul>\n<li class=\"p4\"><strong>3.<\/strong> L\u2019augmentation des salaires par une forte revalorisation du point d\u2019indice et la reconnaissance des qualifications par la refonte des grilles indiciaires, sur la base de la revendication CGT smic \u00e0 1800 \u20ac brut, (commentaires mettre grille CGT)\u00a0;<\/li>\n<li class=\"p4\"><strong>4.<\/strong> La reconnaissance du travail effectu\u00e9 par un v\u00e9ritable d\u00e9roulement de carri\u00e8re (doublement du salaire entre le d\u00e9but et la fin de carri\u00e8re)\u00a0;<\/li>\n<li class=\"p4\"><strong>5.<\/strong> La reconnaissance et le paiement pour les cadres des heures suppl\u00e9mentaires effectu\u00e9es et la fin de l\u2019\u00e9cr\u00eatement pour les agents de cat\u00e9gorie B.<span class=\"s5\">\u202f<\/span><\/li>\n<\/ul>\n<h2 class=\"p3\">Prot\u00e9ger<\/h2>\n<ul>\n<li class=\"p4\"><strong>6.<\/strong> Le maintien et le renforcement de nos syst\u00e8mes de retraite\u00a0;<\/li>\n<li class=\"p4\"><strong>7.<\/strong> L\u2019abrogation du jour de carence ;<\/li>\n<li class=\"p4\"><strong>8.<\/strong> La revalorisation des carri\u00e8res, la revalorisation des fili\u00e8res et des corps \u00e0 pr\u00e9dominance f\u00e9minine afin d\u2019appliquer le principe : \u00ab un salaire \u00e9gal pour un travail de valeur \u00e9gale \u00bb\u00a0;<\/li>\n<li class=\"p4\"><strong>9.<\/strong> Le droit \u00e0 la d\u00e9connection ;<\/li>\n<li class=\"p4\"><strong>10.<\/strong> La garantie accord\u00e9e aux cadres d\u2019exercer un droit d\u2019alerte.<span class=\"s5\">\u202f<\/span><span class=\"s6\">\u03c5<\/span><\/li>\n<\/ul>\n<h2 class=\"p3\">\u00c9voluer<\/h2>\n<ul>\n<li class=\"p4\"><strong>11.<\/strong> Les moyens n\u00e9cessaires \u00e0 la formation professionnelle : 10% du temps de travail doit \u00eatre consacr\u00e9 \u00e0 la formation, qui doit \u00eatre suivie de progressions de carri\u00e8re ;<\/li>\n<li class=\"p4\"><strong>12.<\/strong> Un management et un accompagnement individualis\u00e9 permettant de r\u00e9pondre aux aspirations d\u2019\u00e9volution et de mobilit\u00e9 professionnelle de chacune et chacun\u00a0;<\/li>\n<li class=\"p4\"><strong>13.<\/strong> L\u2019ouverture d\u2019un r\u00e9el d\u00e9bat sur les missions de services publics pour r\u00e9pondre aux enjeux de soci\u00e9t\u00e9 (vieillissement, \u00e9galit\u00e9 F\/H, continuit\u00e9 territoriale, r\u00e9volution num\u00e9rique, environnement\u2026) et construire un projet de soci\u00e9t\u00e9 commun garant du progr\u00e8s social\u00a0;<\/li>\n<li class=\"p4\"><strong>14.<\/strong> La fin de l\u2019utilisation et de l\u2019enseignement du <i>New Public Management<\/i> dans les \u00e9coles du service public, mise en \u0153uvre d\u2019un management alternatif tel que le d\u00e9fend l\u2019UGICT.<span class=\"s5\">\u202f<\/span><\/li>\n<\/ul>\n<p>&nbsp;<\/p>\n<p><strong>Voir aussi\u00a0<a href=\"https:\/\/syndicoop.fr\/6decembre\/tracts\/\">les tracts nationaux Ing\u00e9s cadres techs CGT<\/a><\/strong><\/p>\n","protected":false},"excerpt":{"rendered":"<p>Tir\u00e9s des tracts nationaux Ing\u00e9s cadres techs CGT pour les \u00e9l\u00e9ctions<\/p>\n","protected":false},"author":1,"featured_media":759,"comment_status":"open","ping_status":"closed","sticky":false,"template":"","format":"standard","meta":{"_acf_changed":false,"footnotes":""},"categories":[31],"tags":[],"class_list":["post-97","post","type-post","status-publish","format-standard","has-post-thumbnail","hentry","category-ufict","themes-elections-2018","documents-tracts"],"acf":[],"yoast_head":"<!-- This site is optimized with the Yoast SEO plugin v26.3 - https:\/\/yoast.com\/wordpress\/plugins\/seo\/ -->\n<title>14 revendications pour les ing\u00e9s, cadres techs de la fonction publique - UFICT des services publics<\/title>\n<meta name=\"robots\" content=\"index, follow, max-snippet:-1, max-image-preview:large, max-video-preview:-1\" \/>\n<link rel=\"canonical\" href=\"https:\/\/syndicoop.fr\/ufictsp\/14-revendications\/\" \/>\n<meta property=\"og:locale\" content=\"fr_FR\" \/>\n<meta property=\"og:type\" content=\"article\" \/>\n<meta property=\"og:title\" content=\"14 revendications pour les ing\u00e9s, cadres techs de la fonction publique - UFICT des services publics\" \/>\n<meta property=\"og:description\" content=\"Tir\u00e9s des tracts nationaux Ing\u00e9s cadres techs CGT pour les \u00e9l\u00e9ctions\" \/>\n<meta property=\"og:url\" content=\"https:\/\/syndicoop.fr\/ufictsp\/14-revendications\/\" \/>\n<meta property=\"og:site_name\" content=\"UFICT des services publics\" \/>\n<meta property=\"article:published_time\" content=\"2018-10-29T16:08:47+00:00\" \/>\n<meta property=\"article:modified_time\" content=\"2019-08-22T15:09:02+00:00\" \/>\n<meta property=\"og:image\" content=\"https:\/\/syndicoop.fr\/ufictsp\/wp-content\/uploads\/sites\/35\/2018\/11\/cadre-dos-jeune-encadrement-statut.jpg\" \/>\n\t<meta property=\"og:image:width\" content=\"2400\" \/>\n\t<meta property=\"og:image:height\" content=\"1600\" \/>\n\t<meta property=\"og:image:type\" content=\"image\/jpeg\" \/>\n<meta name=\"author\" content=\"Damien Ramage\" \/>\n<meta name=\"twitter:card\" content=\"summary_large_image\" \/>\n<meta name=\"twitter:creator\" content=\"@dramage\" \/>\n<meta name=\"twitter:label1\" content=\"\u00c9crit par\" \/>\n\t<meta name=\"twitter:data1\" content=\"Damien Ramage\" \/>\n\t<meta name=\"twitter:label2\" content=\"Dur\u00e9e de lecture estim\u00e9e\" \/>\n\t<meta name=\"twitter:data2\" content=\"2 minutes\" \/>\n<script type=\"application\/ld+json\" class=\"yoast-schema-graph\">{\"@context\":\"https:\/\/schema.org\",\"@graph\":[{\"@type\":\"Article\",\"@id\":\"https:\/\/syndicoop.fr\/ufictsp\/14-revendications\/#article\",\"isPartOf\":{\"@id\":\"https:\/\/syndicoop.fr\/ufictsp\/14-revendications\/\"},\"author\":{\"name\":\"Damien Ramage\",\"@id\":\"https:\/\/syndicoop.fr\/ufictsp\/#\/schema\/person\/571e6d31ae10b20bc5d5ae4634a5c1ae\"},\"headline\":\"14 revendications pour les ing\u00e9s, cadres techs de la fonction publique\",\"datePublished\":\"2018-10-29T16:08:47+00:00\",\"dateModified\":\"2019-08-22T15:09:02+00:00\",\"mainEntityOfPage\":{\"@id\":\"https:\/\/syndicoop.fr\/ufictsp\/14-revendications\/\"},\"wordCount\":356,\"commentCount\":0,\"publisher\":{\"@id\":\"https:\/\/syndicoop.fr\/ufictsp\/#organization\"},\"image\":{\"@id\":\"https:\/\/syndicoop.fr\/ufictsp\/14-revendications\/#primaryimage\"},\"thumbnailUrl\":\"https:\/\/syndicoop.fr\/ufictsp\/wp-content\/uploads\/sites\/35\/2018\/11\/cadre-dos-jeune-encadrement-statut.jpg\",\"articleSection\":[\"UFICT\"],\"inLanguage\":\"fr-FR\",\"potentialAction\":[{\"@type\":\"CommentAction\",\"name\":\"Comment\",\"target\":[\"https:\/\/syndicoop.fr\/ufictsp\/14-revendications\/#respond\"]}]},{\"@type\":\"WebPage\",\"@id\":\"https:\/\/syndicoop.fr\/ufictsp\/14-revendications\/\",\"url\":\"https:\/\/syndicoop.fr\/ufictsp\/14-revendications\/\",\"name\":\"14 revendications pour les ing\u00e9s, cadres techs de la fonction publique - UFICT des services publics\",\"isPartOf\":{\"@id\":\"https:\/\/syndicoop.fr\/ufictsp\/#website\"},\"primaryImageOfPage\":{\"@id\":\"https:\/\/syndicoop.fr\/ufictsp\/14-revendications\/#primaryimage\"},\"image\":{\"@id\":\"https:\/\/syndicoop.fr\/ufictsp\/14-revendications\/#primaryimage\"},\"thumbnailUrl\":\"https:\/\/syndicoop.fr\/ufictsp\/wp-content\/uploads\/sites\/35\/2018\/11\/cadre-dos-jeune-encadrement-statut.jpg\",\"datePublished\":\"2018-10-29T16:08:47+00:00\",\"dateModified\":\"2019-08-22T15:09:02+00:00\",\"breadcrumb\":{\"@id\":\"https:\/\/syndicoop.fr\/ufictsp\/14-revendications\/#breadcrumb\"},\"inLanguage\":\"fr-FR\",\"potentialAction\":[{\"@type\":\"ReadAction\",\"target\":[\"https:\/\/syndicoop.fr\/ufictsp\/14-revendications\/\"]}]},{\"@type\":\"ImageObject\",\"inLanguage\":\"fr-FR\",\"@id\":\"https:\/\/syndicoop.fr\/ufictsp\/14-revendications\/#primaryimage\",\"url\":\"https:\/\/syndicoop.fr\/ufictsp\/wp-content\/uploads\/sites\/35\/2018\/11\/cadre-dos-jeune-encadrement-statut.jpg\",\"contentUrl\":\"https:\/\/syndicoop.fr\/ufictsp\/wp-content\/uploads\/sites\/35\/2018\/11\/cadre-dos-jeune-encadrement-statut.jpg\",\"width\":2400,\"height\":1600},{\"@type\":\"BreadcrumbList\",\"@id\":\"https:\/\/syndicoop.fr\/ufictsp\/14-revendications\/#breadcrumb\",\"itemListElement\":[{\"@type\":\"ListItem\",\"position\":1,\"name\":\"Accueil\",\"item\":\"https:\/\/syndicoop.fr\/ufictsp\/\"},{\"@type\":\"ListItem\",\"position\":2,\"name\":\"14 revendications pour les ing\u00e9s, cadres techs de la fonction publique\"}]},{\"@type\":\"WebSite\",\"@id\":\"https:\/\/syndicoop.fr\/ufictsp\/#website\",\"url\":\"https:\/\/syndicoop.fr\/ufictsp\/\",\"name\":\"UFICT CGT des services publics\",\"description\":\"Avec Syndicoop - la plateforme syndicale et coop\u00e9rative\",\"publisher\":{\"@id\":\"https:\/\/syndicoop.fr\/ufictsp\/#organization\"},\"potentialAction\":[{\"@type\":\"SearchAction\",\"target\":{\"@type\":\"EntryPoint\",\"urlTemplate\":\"https:\/\/syndicoop.fr\/ufictsp\/?s={search_term_string}\"},\"query-input\":{\"@type\":\"PropertyValueSpecification\",\"valueRequired\":true,\"valueName\":\"search_term_string\"}}],\"inLanguage\":\"fr-FR\"},{\"@type\":\"Organization\",\"@id\":\"https:\/\/syndicoop.fr\/ufictsp\/#organization\",\"name\":\"UFICT CGT des Services publics\",\"url\":\"https:\/\/syndicoop.fr\/ufictsp\/\",\"logo\":{\"@type\":\"ImageObject\",\"inLanguage\":\"fr-FR\",\"@id\":\"https:\/\/syndicoop.fr\/ufictsp\/#\/schema\/logo\/image\/\",\"url\":\"https:\/\/syndicoop.fr\/ufictsp\/wp-content\/uploads\/sites\/35\/2019\/12\/Logoufictnational.png\",\"contentUrl\":\"https:\/\/syndicoop.fr\/ufictsp\/wp-content\/uploads\/sites\/35\/2019\/12\/Logoufictnational.png\",\"width\":684,\"height\":464,\"caption\":\"UFICT CGT des Services publics\"},\"image\":{\"@id\":\"https:\/\/syndicoop.fr\/ufictsp\/#\/schema\/logo\/image\/\"}},{\"@type\":\"Person\",\"@id\":\"https:\/\/syndicoop.fr\/ufictsp\/#\/schema\/person\/571e6d31ae10b20bc5d5ae4634a5c1ae\",\"name\":\"Damien Ramage\",\"image\":{\"@type\":\"ImageObject\",\"inLanguage\":\"fr-FR\",\"@id\":\"https:\/\/syndicoop.fr\/ufictsp\/#\/schema\/person\/image\/\",\"url\":\"https:\/\/syndicoop.fr\/ufictsp\/wp-content\/wphb-cache\/gravatar\/549\/54942cdca053361bdb963b2eeabd3843x96.jpg\",\"contentUrl\":\"https:\/\/syndicoop.fr\/ufictsp\/wp-content\/wphb-cache\/gravatar\/549\/54942cdca053361bdb963b2eeabd3843x96.jpg\",\"caption\":\"Damien Ramage\"},\"sameAs\":[\"https:\/\/x.com\/dramage\"]}]}<\/script>\n<!-- \/ Yoast SEO plugin. -->","yoast_head_json":{"title":"14 revendications pour les ing\u00e9s, cadres techs de la fonction publique - UFICT des services publics","robots":{"index":"index","follow":"follow","max-snippet":"max-snippet:-1","max-image-preview":"max-image-preview:large","max-video-preview":"max-video-preview:-1"},"canonical":"https:\/\/syndicoop.fr\/ufictsp\/14-revendications\/","og_locale":"fr_FR","og_type":"article","og_title":"14 revendications pour les ing\u00e9s, cadres techs de la fonction publique - UFICT des services publics","og_description":"Tir\u00e9s des tracts nationaux Ing\u00e9s cadres techs CGT pour les \u00e9l\u00e9ctions","og_url":"https:\/\/syndicoop.fr\/ufictsp\/14-revendications\/","og_site_name":"UFICT des services publics","article_published_time":"2018-10-29T16:08:47+00:00","article_modified_time":"2019-08-22T15:09:02+00:00","og_image":[{"width":2400,"height":1600,"url":"https:\/\/syndicoop.fr\/ufictsp\/wp-content\/uploads\/sites\/35\/2018\/11\/cadre-dos-jeune-encadrement-statut.jpg","type":"image\/jpeg"}],"author":"Damien Ramage","twitter_card":"summary_large_image","twitter_creator":"@dramage","twitter_misc":{"\u00c9crit par":"Damien Ramage","Dur\u00e9e de lecture estim\u00e9e":"2 minutes"},"schema":{"@context":"https:\/\/schema.org","@graph":[{"@type":"Article","@id":"https:\/\/syndicoop.fr\/ufictsp\/14-revendications\/#article","isPartOf":{"@id":"https:\/\/syndicoop.fr\/ufictsp\/14-revendications\/"},"author":{"name":"Damien Ramage","@id":"https:\/\/syndicoop.fr\/ufictsp\/#\/schema\/person\/571e6d31ae10b20bc5d5ae4634a5c1ae"},"headline":"14 revendications pour les ing\u00e9s, cadres techs de la fonction publique","datePublished":"2018-10-29T16:08:47+00:00","dateModified":"2019-08-22T15:09:02+00:00","mainEntityOfPage":{"@id":"https:\/\/syndicoop.fr\/ufictsp\/14-revendications\/"},"wordCount":356,"commentCount":0,"publisher":{"@id":"https:\/\/syndicoop.fr\/ufictsp\/#organization"},"image":{"@id":"https:\/\/syndicoop.fr\/ufictsp\/14-revendications\/#primaryimage"},"thumbnailUrl":"https:\/\/syndicoop.fr\/ufictsp\/wp-content\/uploads\/sites\/35\/2018\/11\/cadre-dos-jeune-encadrement-statut.jpg","articleSection":["UFICT"],"inLanguage":"fr-FR","potentialAction":[{"@type":"CommentAction","name":"Comment","target":["https:\/\/syndicoop.fr\/ufictsp\/14-revendications\/#respond"]}]},{"@type":"WebPage","@id":"https:\/\/syndicoop.fr\/ufictsp\/14-revendications\/","url":"https:\/\/syndicoop.fr\/ufictsp\/14-revendications\/","name":"14 revendications pour les ing\u00e9s, cadres techs de la fonction publique - UFICT des services publics","isPartOf":{"@id":"https:\/\/syndicoop.fr\/ufictsp\/#website"},"primaryImageOfPage":{"@id":"https:\/\/syndicoop.fr\/ufictsp\/14-revendications\/#primaryimage"},"image":{"@id":"https:\/\/syndicoop.fr\/ufictsp\/14-revendications\/#primaryimage"},"thumbnailUrl":"https:\/\/syndicoop.fr\/ufictsp\/wp-content\/uploads\/sites\/35\/2018\/11\/cadre-dos-jeune-encadrement-statut.jpg","datePublished":"2018-10-29T16:08:47+00:00","dateModified":"2019-08-22T15:09:02+00:00","breadcrumb":{"@id":"https:\/\/syndicoop.fr\/ufictsp\/14-revendications\/#breadcrumb"},"inLanguage":"fr-FR","potentialAction":[{"@type":"ReadAction","target":["https:\/\/syndicoop.fr\/ufictsp\/14-revendications\/"]}]},{"@type":"ImageObject","inLanguage":"fr-FR","@id":"https:\/\/syndicoop.fr\/ufictsp\/14-revendications\/#primaryimage","url":"https:\/\/syndicoop.fr\/ufictsp\/wp-content\/uploads\/sites\/35\/2018\/11\/cadre-dos-jeune-encadrement-statut.jpg","contentUrl":"https:\/\/syndicoop.fr\/ufictsp\/wp-content\/uploads\/sites\/35\/2018\/11\/cadre-dos-jeune-encadrement-statut.jpg","width":2400,"height":1600},{"@type":"BreadcrumbList","@id":"https:\/\/syndicoop.fr\/ufictsp\/14-revendications\/#breadcrumb","itemListElement":[{"@type":"ListItem","position":1,"name":"Accueil","item":"https:\/\/syndicoop.fr\/ufictsp\/"},{"@type":"ListItem","position":2,"name":"14 revendications pour les ing\u00e9s, cadres techs de la fonction publique"}]},{"@type":"WebSite","@id":"https:\/\/syndicoop.fr\/ufictsp\/#website","url":"https:\/\/syndicoop.fr\/ufictsp\/","name":"UFICT CGT des services publics","description":"Avec Syndicoop - la plateforme syndicale et coop\u00e9rative","publisher":{"@id":"https:\/\/syndicoop.fr\/ufictsp\/#organization"},"potentialAction":[{"@type":"SearchAction","target":{"@type":"EntryPoint","urlTemplate":"https:\/\/syndicoop.fr\/ufictsp\/?s={search_term_string}"},"query-input":{"@type":"PropertyValueSpecification","valueRequired":true,"valueName":"search_term_string"}}],"inLanguage":"fr-FR"},{"@type":"Organization","@id":"https:\/\/syndicoop.fr\/ufictsp\/#organization","name":"UFICT CGT des Services publics","url":"https:\/\/syndicoop.fr\/ufictsp\/","logo":{"@type":"ImageObject","inLanguage":"fr-FR","@id":"https:\/\/syndicoop.fr\/ufictsp\/#\/schema\/logo\/image\/","url":"https:\/\/syndicoop.fr\/ufictsp\/wp-content\/uploads\/sites\/35\/2019\/12\/Logoufictnational.png","contentUrl":"https:\/\/syndicoop.fr\/ufictsp\/wp-content\/uploads\/sites\/35\/2019\/12\/Logoufictnational.png","width":684,"height":464,"caption":"UFICT CGT des Services publics"},"image":{"@id":"https:\/\/syndicoop.fr\/ufictsp\/#\/schema\/logo\/image\/"}},{"@type":"Person","@id":"https:\/\/syndicoop.fr\/ufictsp\/#\/schema\/person\/571e6d31ae10b20bc5d5ae4634a5c1ae","name":"Damien Ramage","image":{"@type":"ImageObject","inLanguage":"fr-FR","@id":"https:\/\/syndicoop.fr\/ufictsp\/#\/schema\/person\/image\/","url":"https:\/\/syndicoop.fr\/ufictsp\/wp-content\/wphb-cache\/gravatar\/549\/54942cdca053361bdb963b2eeabd3843x96.jpg","contentUrl":"https:\/\/syndicoop.fr\/ufictsp\/wp-content\/wphb-cache\/gravatar\/549\/54942cdca053361bdb963b2eeabd3843x96.jpg","caption":"Damien Ramage"},"sameAs":["https:\/\/x.com\/dramage"]}]}},"_links":{"self":[{"href":"https:\/\/syndicoop.fr\/ufictsp\/wp-json\/wp\/v2\/posts\/97","targetHints":{"allow":["GET"]}}],"collection":[{"href":"https:\/\/syndicoop.fr\/ufictsp\/wp-json\/wp\/v2\/posts"}],"about":[{"href":"https:\/\/syndicoop.fr\/ufictsp\/wp-json\/wp\/v2\/types\/post"}],"author":[{"embeddable":true,"href":"https:\/\/syndicoop.fr\/ufictsp\/wp-json\/wp\/v2\/users\/1"}],"replies":[{"embeddable":true,"href":"https:\/\/syndicoop.fr\/ufictsp\/wp-json\/wp\/v2\/comments?post=97"}],"version-history":[{"count":0,"href":"https:\/\/syndicoop.fr\/ufictsp\/wp-json\/wp\/v2\/posts\/97\/revisions"}],"wp:featuredmedia":[{"embeddable":true,"href":"https:\/\/syndicoop.fr\/ufictsp\/wp-json\/wp\/v2\/media\/759"}],"wp:attachment":[{"href":"https:\/\/syndicoop.fr\/ufictsp\/wp-json\/wp\/v2\/media?parent=97"}],"wp:term":[{"taxonomy":"category","embeddable":true,"href":"https:\/\/syndicoop.fr\/ufictsp\/wp-json\/wp\/v2\/categories?post=97"},{"taxonomy":"post_tag","embeddable":true,"href":"https:\/\/syndicoop.fr\/ufictsp\/wp-json\/wp\/v2\/tags?post=97"}],"curies":[{"name":"wp","href":"https:\/\/api.w.org\/{rel}","templated":true}]}}