{"id":982,"date":"2019-01-08T14:30:44","date_gmt":"2019-01-08T13:30:44","guid":{"rendered":"http:\/\/ufictsp.reference-syndicale.fr\/?p=982"},"modified":"2019-12-22T17:27:40","modified_gmt":"2019-12-22T16:27:40","slug":"quel-management-a-lere-du-numerique","status":"publish","type":"post","link":"https:\/\/syndicoop.fr\/ufictsp\/quel-management-a-lere-du-numerique\/","title":{"rendered":"Quel management \u00e0 l\u2019\u00e8re du num\u00e9rique ?"},"content":{"rendered":"<h2 id=\"emanciper-le-management\">\u00c9manciper le management<\/h2>\n<p>Alors que la r\u00e9volution num\u00e9rique devait inciter les entreprises \u00e0 transformer leur organisation et passer d\u2019un mod\u00e8le pyramidal \u00e0 une structure plus collaborative et transversale, une r\u00e9cente enqu\u00eate r\u00e9v\u00e8le que les personnes interrog\u00e9es ressentent davantage le c\u00f4t\u00e9 hi\u00e9rarchique plut\u00f4t que coop\u00e9ratif (62\u00a0% vs 38\u00a0%) et l\u2019opacit\u00e9 au d\u00e9triment de la transparence dans les processus de d\u00e9cision (63\u00a0% vs 37\u00a0%). Doit-on s\u2019en \u00e9tonner\u00a0?<\/p>\n<p>Pas vraiment, car 72\u00a0% des cadres ne se sentent pas associ\u00e9s aux choix strat\u00e9giques de leur entreprise et 54\u00a0% estiment que leur \u00e9thique professionnelle entre en contradiction avec les choix et les pratiques de leur entreprise.<\/p>\n<p>La mutation num\u00e9rique n\u00e9cessite une capacit\u00e9 d\u2019adaptation et de renouvellement continu du fonctionnement des organisations de travail et des m\u00e9tiers. Or, ce n\u2019est plus seulement par l\u2019innovation technologique ou par des proc\u00e9d\u00e9s facilement transposables, que se construit une efficacit\u00e9 globale de l\u2019entreprise mais par une transformation profonde des modes de management permettant l\u2019expression des savoirs faire et l\u2019\u00e9coute des salari\u00e9\u00b7e\u00b7s.<\/p>\n<p>L\u2019enjeu est aujourd\u2019hui de r\u00e9ussir une mobilisation des capacit\u00e9s humaines, par des relations de travail qui donnent du sens et favorisent les bons comportements, tels que la coop\u00e9ration, la cr\u00e9ativit\u00e9, l\u2019ouverture, la transparence, le partage d\u2019informations et de connaissances. Il s\u2019agit de revoir les pratiques manag\u00e9riales afin de valoriser le \u00ab\u00a0bien travailler\u00a0\u00bb et de concevoir des solutions organisationnelles partag\u00e9es pour gagner l\u2019engagement des \u00e9quipes.<\/p>\n<p>Les effets de ces transformations sur le contenu du travail, la fa\u00e7on de travailler et les p\u00e9rim\u00e8tres des m\u00e9tiers sont si vastes et interd\u00e9pendants qu\u2019ils n\u00e9cessitent une analyse globale qui int\u00e8gre l\u2019apport et l\u2019expertise des v\u00e9ritables experts du travail\u00a0: celles et ceux qui r\u00e9alisent l\u2019activit\u00e9. 60 cadres, managers, expert\u00b7e\u00b7s, chef\u00b7fes de projets, chef\u00b7fes d\u2019\u00e9quipes ont \u00e9t\u00e9 rencontr\u00e9s dans le cadre de notre projet QVT &amp; Num\u00e9rique, pour au total plus de 300 t\u00e9moignages de terrain o\u00f9 l\u2019encadrement de proximit\u00e9 exprime \u00e0 la fois ses difficult\u00e9s et ses attentes \u00e0 partir du v\u00e9cu professionnel.<\/p>\n<p>Le prisme du travail \u00e9claire sur les enjeux et les r\u00e9ponses \u00e0 construire en mati\u00e8re de qualit\u00e9 de vie et de travail\u00a0; et c\u2019est le management de proximit\u00e9 qui est le mieux \u00e0 m\u00eame d\u2019\u00e9laborer les solutions partag\u00e9es avec les collectifs de travail afin de garantir la coh\u00e9sion sociale, si on lui en laisse les moyens.<\/p>\n<p>Ce guide, qui s\u2019inscrit dans la campagne de l\u2019Ugict-CGT pour construire le num\u00e9rique autrement, en dresse les principales pistes.<\/p>\n<h2 id=\"dans-cette-publication\">Dans cette publication\u00a0:<\/h2>\n<ul>\n<li><strong>Fiche 1<\/strong>\u00a0Encourager les formes de soutien et intervenir sur le contenu et les organisations du travail<\/li>\n<li><strong>Fiche 2<\/strong>\u00a0Concevoir des solutions bas\u00e9es sur la fl\u00e9xibilisation des organisations du travail au service de celles et ceux qui r\u00e9alisent l\u2019activit\u00e9<\/li>\n<li><strong>Fiche 3<\/strong>\u00a0D\u00e9velopper un management fond\u00e9 sur l\u2019intelligence collective, les organisations du travail apprenantes, et la formation<\/li>\n<li><strong>Fiche 4<\/strong>\u00a0Favoriser l\u2019expression de l\u2019encadrement et des \u00e9quipes sur leur travail, et accorder de nouveaux moyens au management de proximit\u00e9<\/li>\n<\/ul>\n<h2 id=\"obtenir-publication\">Obtenir publication\u00a0:<\/h2>\n<ul>\n<li><strong><a href=\"https:\/\/syndicoop.fr\/kiosque\/journal\/quel-management-a-lere-du-numerique\/\" target=\"_blank\" rel=\"noopener\">Consulter sur le kiosque syndicoop (acc\u00e8s libre) (en ligne le 22 novembre)<\/a><\/strong><\/li>\n<\/ul>\n","protected":false},"excerpt":{"rendered":"<p>\u00c9manciper le management Alors que la r\u00e9volution num\u00e9rique devait inciter les entreprises \u00e0 transformer leur organisation et passer d\u2019un mod\u00e8le pyramidal \u00e0 une structure plus collaborative et transversale, une r\u00e9cente enqu\u00eate r\u00e9v\u00e8le que les personnes interrog\u00e9es ressentent davantage le c\u00f4t\u00e9 hi\u00e9rarchique plut\u00f4t que coop\u00e9ratif (62\u00a0% vs 38\u00a0%) et l\u2019opacit\u00e9 au d\u00e9triment de la transparence dans [&hellip;]<\/p>\n","protected":false},"author":1,"featured_media":983,"comment_status":"open","ping_status":"closed","sticky":false,"template":"","format":"standard","meta":{"_acf_changed":false,"footnotes":""},"categories":[8],"tags":[111,124],"class_list":["post-982","post","type-post","status-publish","format-standard","has-post-thumbnail","hentry","category-cgt-et-ugict","tag-management","tag-numerique","featuring-alaune","perimetre-3-ic-a","documents-decryptages","documents-guides"],"acf":[],"yoast_head":"<!-- This site is optimized with the Yoast SEO plugin v26.3 - https:\/\/yoast.com\/wordpress\/plugins\/seo\/ -->\n<title>Quel management \u00e0 l\u2019\u00e8re du num\u00e9rique ? - UFICT des services publics<\/title>\n<meta name=\"robots\" content=\"index, follow, max-snippet:-1, max-image-preview:large, max-video-preview:-1\" \/>\n<link rel=\"canonical\" href=\"https:\/\/syndicoop.fr\/ufictsp\/quel-management-a-lere-du-numerique\/\" \/>\n<meta property=\"og:locale\" content=\"fr_FR\" \/>\n<meta property=\"og:type\" content=\"article\" \/>\n<meta property=\"og:title\" content=\"Quel management \u00e0 l\u2019\u00e8re du num\u00e9rique ? - UFICT des services publics\" \/>\n<meta property=\"og:description\" content=\"\u00c9manciper le management Alors que la r\u00e9volution num\u00e9rique devait inciter les entreprises \u00e0 transformer leur organisation et passer d\u2019un mod\u00e8le pyramidal \u00e0 une structure plus collaborative et transversale, une r\u00e9cente enqu\u00eate r\u00e9v\u00e8le que les personnes interrog\u00e9es ressentent davantage le c\u00f4t\u00e9 hi\u00e9rarchique plut\u00f4t que coop\u00e9ratif (62\u00a0% vs 38\u00a0%) et l\u2019opacit\u00e9 au d\u00e9triment de la transparence dans [&hellip;]\" \/>\n<meta property=\"og:url\" content=\"https:\/\/syndicoop.fr\/ufictsp\/quel-management-a-lere-du-numerique\/\" \/>\n<meta property=\"og:site_name\" content=\"UFICT des services publics\" \/>\n<meta property=\"article:published_time\" content=\"2019-01-08T13:30:44+00:00\" \/>\n<meta property=\"article:modified_time\" content=\"2019-12-22T16:27:40+00:00\" \/>\n<meta property=\"og:image\" content=\"https:\/\/syndicoop.fr\/ufictsp\/wp-content\/uploads\/sites\/35\/2019\/01\/rawpixel-296618-unsplash-1400x933.jpg\" \/>\n\t<meta property=\"og:image:width\" content=\"1400\" \/>\n\t<meta property=\"og:image:height\" content=\"933\" \/>\n\t<meta property=\"og:image:type\" content=\"image\/jpeg\" \/>\n<meta name=\"author\" content=\"Damien Ramage\" \/>\n<meta name=\"twitter:card\" content=\"summary_large_image\" \/>\n<meta name=\"twitter:creator\" content=\"@dramage\" \/>\n<meta name=\"twitter:label1\" content=\"\u00c9crit par\" \/>\n\t<meta name=\"twitter:data1\" content=\"Damien Ramage\" \/>\n\t<meta name=\"twitter:label2\" content=\"Dur\u00e9e de lecture estim\u00e9e\" \/>\n\t<meta name=\"twitter:data2\" content=\"3 minutes\" \/>\n<script type=\"application\/ld+json\" class=\"yoast-schema-graph\">{\"@context\":\"https:\/\/schema.org\",\"@graph\":[{\"@type\":\"Article\",\"@id\":\"https:\/\/syndicoop.fr\/ufictsp\/quel-management-a-lere-du-numerique\/#article\",\"isPartOf\":{\"@id\":\"https:\/\/syndicoop.fr\/ufictsp\/quel-management-a-lere-du-numerique\/\"},\"author\":{\"name\":\"Damien Ramage\",\"@id\":\"https:\/\/syndicoop.fr\/ufictsp\/#\/schema\/person\/571e6d31ae10b20bc5d5ae4634a5c1ae\"},\"headline\":\"Quel management \u00e0 l\u2019\u00e8re du num\u00e9rique ?\",\"datePublished\":\"2019-01-08T13:30:44+00:00\",\"dateModified\":\"2019-12-22T16:27:40+00:00\",\"mainEntityOfPage\":{\"@id\":\"https:\/\/syndicoop.fr\/ufictsp\/quel-management-a-lere-du-numerique\/\"},\"wordCount\":562,\"commentCount\":0,\"publisher\":{\"@id\":\"https:\/\/syndicoop.fr\/ufictsp\/#organization\"},\"image\":{\"@id\":\"https:\/\/syndicoop.fr\/ufictsp\/quel-management-a-lere-du-numerique\/#primaryimage\"},\"thumbnailUrl\":\"https:\/\/syndicoop.fr\/ufictsp\/wp-content\/uploads\/sites\/35\/2019\/01\/rawpixel-296618-unsplash-1400x933.jpg\",\"keywords\":[\"management\",\"num\u00e9rique\"],\"articleSection\":[\"CGT et UGICT\"],\"inLanguage\":\"fr-FR\",\"potentialAction\":[{\"@type\":\"CommentAction\",\"name\":\"Comment\",\"target\":[\"https:\/\/syndicoop.fr\/ufictsp\/quel-management-a-lere-du-numerique\/#respond\"]}]},{\"@type\":\"WebPage\",\"@id\":\"https:\/\/syndicoop.fr\/ufictsp\/quel-management-a-lere-du-numerique\/\",\"url\":\"https:\/\/syndicoop.fr\/ufictsp\/quel-management-a-lere-du-numerique\/\",\"name\":\"Quel management \u00e0 l\u2019\u00e8re du num\u00e9rique ? - UFICT des services publics\",\"isPartOf\":{\"@id\":\"https:\/\/syndicoop.fr\/ufictsp\/#website\"},\"primaryImageOfPage\":{\"@id\":\"https:\/\/syndicoop.fr\/ufictsp\/quel-management-a-lere-du-numerique\/#primaryimage\"},\"image\":{\"@id\":\"https:\/\/syndicoop.fr\/ufictsp\/quel-management-a-lere-du-numerique\/#primaryimage\"},\"thumbnailUrl\":\"https:\/\/syndicoop.fr\/ufictsp\/wp-content\/uploads\/sites\/35\/2019\/01\/rawpixel-296618-unsplash-1400x933.jpg\",\"datePublished\":\"2019-01-08T13:30:44+00:00\",\"dateModified\":\"2019-12-22T16:27:40+00:00\",\"breadcrumb\":{\"@id\":\"https:\/\/syndicoop.fr\/ufictsp\/quel-management-a-lere-du-numerique\/#breadcrumb\"},\"inLanguage\":\"fr-FR\",\"potentialAction\":[{\"@type\":\"ReadAction\",\"target\":[\"https:\/\/syndicoop.fr\/ufictsp\/quel-management-a-lere-du-numerique\/\"]}]},{\"@type\":\"ImageObject\",\"inLanguage\":\"fr-FR\",\"@id\":\"https:\/\/syndicoop.fr\/ufictsp\/quel-management-a-lere-du-numerique\/#primaryimage\",\"url\":\"https:\/\/syndicoop.fr\/ufictsp\/wp-content\/uploads\/sites\/35\/2019\/01\/rawpixel-296618-unsplash-1400x933.jpg\",\"contentUrl\":\"https:\/\/syndicoop.fr\/ufictsp\/wp-content\/uploads\/sites\/35\/2019\/01\/rawpixel-296618-unsplash-1400x933.jpg\",\"width\":1400,\"height\":933},{\"@type\":\"BreadcrumbList\",\"@id\":\"https:\/\/syndicoop.fr\/ufictsp\/quel-management-a-lere-du-numerique\/#breadcrumb\",\"itemListElement\":[{\"@type\":\"ListItem\",\"position\":1,\"name\":\"Accueil\",\"item\":\"https:\/\/syndicoop.fr\/ufictsp\/\"},{\"@type\":\"ListItem\",\"position\":2,\"name\":\"Quel management \u00e0 l\u2019\u00e8re du num\u00e9rique&#160;?\"}]},{\"@type\":\"WebSite\",\"@id\":\"https:\/\/syndicoop.fr\/ufictsp\/#website\",\"url\":\"https:\/\/syndicoop.fr\/ufictsp\/\",\"name\":\"UFICT CGT des services publics\",\"description\":\"Avec Syndicoop - la plateforme syndicale et coop\u00e9rative\",\"publisher\":{\"@id\":\"https:\/\/syndicoop.fr\/ufictsp\/#organization\"},\"potentialAction\":[{\"@type\":\"SearchAction\",\"target\":{\"@type\":\"EntryPoint\",\"urlTemplate\":\"https:\/\/syndicoop.fr\/ufictsp\/?s={search_term_string}\"},\"query-input\":{\"@type\":\"PropertyValueSpecification\",\"valueRequired\":true,\"valueName\":\"search_term_string\"}}],\"inLanguage\":\"fr-FR\"},{\"@type\":\"Organization\",\"@id\":\"https:\/\/syndicoop.fr\/ufictsp\/#organization\",\"name\":\"UFICT CGT des Services publics\",\"url\":\"https:\/\/syndicoop.fr\/ufictsp\/\",\"logo\":{\"@type\":\"ImageObject\",\"inLanguage\":\"fr-FR\",\"@id\":\"https:\/\/syndicoop.fr\/ufictsp\/#\/schema\/logo\/image\/\",\"url\":\"https:\/\/syndicoop.fr\/ufictsp\/wp-content\/uploads\/sites\/35\/2019\/12\/Logoufictnational.png\",\"contentUrl\":\"https:\/\/syndicoop.fr\/ufictsp\/wp-content\/uploads\/sites\/35\/2019\/12\/Logoufictnational.png\",\"width\":684,\"height\":464,\"caption\":\"UFICT CGT des Services publics\"},\"image\":{\"@id\":\"https:\/\/syndicoop.fr\/ufictsp\/#\/schema\/logo\/image\/\"}},{\"@type\":\"Person\",\"@id\":\"https:\/\/syndicoop.fr\/ufictsp\/#\/schema\/person\/571e6d31ae10b20bc5d5ae4634a5c1ae\",\"name\":\"Damien Ramage\",\"image\":{\"@type\":\"ImageObject\",\"inLanguage\":\"fr-FR\",\"@id\":\"https:\/\/syndicoop.fr\/ufictsp\/#\/schema\/person\/image\/\",\"url\":\"https:\/\/syndicoop.fr\/ufictsp\/wp-content\/wphb-cache\/gravatar\/549\/54942cdca053361bdb963b2eeabd3843x96.jpg\",\"contentUrl\":\"https:\/\/syndicoop.fr\/ufictsp\/wp-content\/wphb-cache\/gravatar\/549\/54942cdca053361bdb963b2eeabd3843x96.jpg\",\"caption\":\"Damien Ramage\"},\"sameAs\":[\"https:\/\/x.com\/dramage\"]}]}<\/script>\n<!-- \/ Yoast SEO plugin. -->","yoast_head_json":{"title":"Quel management \u00e0 l\u2019\u00e8re du num\u00e9rique ? - UFICT des services publics","robots":{"index":"index","follow":"follow","max-snippet":"max-snippet:-1","max-image-preview":"max-image-preview:large","max-video-preview":"max-video-preview:-1"},"canonical":"https:\/\/syndicoop.fr\/ufictsp\/quel-management-a-lere-du-numerique\/","og_locale":"fr_FR","og_type":"article","og_title":"Quel management \u00e0 l\u2019\u00e8re du num\u00e9rique ? - UFICT des services publics","og_description":"\u00c9manciper le management Alors que la r\u00e9volution num\u00e9rique devait inciter les entreprises \u00e0 transformer leur organisation et passer d\u2019un mod\u00e8le pyramidal \u00e0 une structure plus collaborative et transversale, une r\u00e9cente enqu\u00eate r\u00e9v\u00e8le que les personnes interrog\u00e9es ressentent davantage le c\u00f4t\u00e9 hi\u00e9rarchique plut\u00f4t que coop\u00e9ratif (62\u00a0% vs 38\u00a0%) et l\u2019opacit\u00e9 au d\u00e9triment de la transparence dans [&hellip;]","og_url":"https:\/\/syndicoop.fr\/ufictsp\/quel-management-a-lere-du-numerique\/","og_site_name":"UFICT des services publics","article_published_time":"2019-01-08T13:30:44+00:00","article_modified_time":"2019-12-22T16:27:40+00:00","og_image":[{"width":1400,"height":933,"url":"https:\/\/syndicoop.fr\/ufictsp\/wp-content\/uploads\/sites\/35\/2019\/01\/rawpixel-296618-unsplash-1400x933.jpg","type":"image\/jpeg"}],"author":"Damien Ramage","twitter_card":"summary_large_image","twitter_creator":"@dramage","twitter_misc":{"\u00c9crit par":"Damien Ramage","Dur\u00e9e de lecture estim\u00e9e":"3 minutes"},"schema":{"@context":"https:\/\/schema.org","@graph":[{"@type":"Article","@id":"https:\/\/syndicoop.fr\/ufictsp\/quel-management-a-lere-du-numerique\/#article","isPartOf":{"@id":"https:\/\/syndicoop.fr\/ufictsp\/quel-management-a-lere-du-numerique\/"},"author":{"name":"Damien Ramage","@id":"https:\/\/syndicoop.fr\/ufictsp\/#\/schema\/person\/571e6d31ae10b20bc5d5ae4634a5c1ae"},"headline":"Quel management \u00e0 l\u2019\u00e8re du num\u00e9rique ?","datePublished":"2019-01-08T13:30:44+00:00","dateModified":"2019-12-22T16:27:40+00:00","mainEntityOfPage":{"@id":"https:\/\/syndicoop.fr\/ufictsp\/quel-management-a-lere-du-numerique\/"},"wordCount":562,"commentCount":0,"publisher":{"@id":"https:\/\/syndicoop.fr\/ufictsp\/#organization"},"image":{"@id":"https:\/\/syndicoop.fr\/ufictsp\/quel-management-a-lere-du-numerique\/#primaryimage"},"thumbnailUrl":"https:\/\/syndicoop.fr\/ufictsp\/wp-content\/uploads\/sites\/35\/2019\/01\/rawpixel-296618-unsplash-1400x933.jpg","keywords":["management","num\u00e9rique"],"articleSection":["CGT et UGICT"],"inLanguage":"fr-FR","potentialAction":[{"@type":"CommentAction","name":"Comment","target":["https:\/\/syndicoop.fr\/ufictsp\/quel-management-a-lere-du-numerique\/#respond"]}]},{"@type":"WebPage","@id":"https:\/\/syndicoop.fr\/ufictsp\/quel-management-a-lere-du-numerique\/","url":"https:\/\/syndicoop.fr\/ufictsp\/quel-management-a-lere-du-numerique\/","name":"Quel management \u00e0 l\u2019\u00e8re du num\u00e9rique ? - UFICT des services publics","isPartOf":{"@id":"https:\/\/syndicoop.fr\/ufictsp\/#website"},"primaryImageOfPage":{"@id":"https:\/\/syndicoop.fr\/ufictsp\/quel-management-a-lere-du-numerique\/#primaryimage"},"image":{"@id":"https:\/\/syndicoop.fr\/ufictsp\/quel-management-a-lere-du-numerique\/#primaryimage"},"thumbnailUrl":"https:\/\/syndicoop.fr\/ufictsp\/wp-content\/uploads\/sites\/35\/2019\/01\/rawpixel-296618-unsplash-1400x933.jpg","datePublished":"2019-01-08T13:30:44+00:00","dateModified":"2019-12-22T16:27:40+00:00","breadcrumb":{"@id":"https:\/\/syndicoop.fr\/ufictsp\/quel-management-a-lere-du-numerique\/#breadcrumb"},"inLanguage":"fr-FR","potentialAction":[{"@type":"ReadAction","target":["https:\/\/syndicoop.fr\/ufictsp\/quel-management-a-lere-du-numerique\/"]}]},{"@type":"ImageObject","inLanguage":"fr-FR","@id":"https:\/\/syndicoop.fr\/ufictsp\/quel-management-a-lere-du-numerique\/#primaryimage","url":"https:\/\/syndicoop.fr\/ufictsp\/wp-content\/uploads\/sites\/35\/2019\/01\/rawpixel-296618-unsplash-1400x933.jpg","contentUrl":"https:\/\/syndicoop.fr\/ufictsp\/wp-content\/uploads\/sites\/35\/2019\/01\/rawpixel-296618-unsplash-1400x933.jpg","width":1400,"height":933},{"@type":"BreadcrumbList","@id":"https:\/\/syndicoop.fr\/ufictsp\/quel-management-a-lere-du-numerique\/#breadcrumb","itemListElement":[{"@type":"ListItem","position":1,"name":"Accueil","item":"https:\/\/syndicoop.fr\/ufictsp\/"},{"@type":"ListItem","position":2,"name":"Quel management \u00e0 l\u2019\u00e8re du num\u00e9rique&#160;?"}]},{"@type":"WebSite","@id":"https:\/\/syndicoop.fr\/ufictsp\/#website","url":"https:\/\/syndicoop.fr\/ufictsp\/","name":"UFICT CGT des services publics","description":"Avec Syndicoop - la plateforme syndicale et coop\u00e9rative","publisher":{"@id":"https:\/\/syndicoop.fr\/ufictsp\/#organization"},"potentialAction":[{"@type":"SearchAction","target":{"@type":"EntryPoint","urlTemplate":"https:\/\/syndicoop.fr\/ufictsp\/?s={search_term_string}"},"query-input":{"@type":"PropertyValueSpecification","valueRequired":true,"valueName":"search_term_string"}}],"inLanguage":"fr-FR"},{"@type":"Organization","@id":"https:\/\/syndicoop.fr\/ufictsp\/#organization","name":"UFICT CGT des Services publics","url":"https:\/\/syndicoop.fr\/ufictsp\/","logo":{"@type":"ImageObject","inLanguage":"fr-FR","@id":"https:\/\/syndicoop.fr\/ufictsp\/#\/schema\/logo\/image\/","url":"https:\/\/syndicoop.fr\/ufictsp\/wp-content\/uploads\/sites\/35\/2019\/12\/Logoufictnational.png","contentUrl":"https:\/\/syndicoop.fr\/ufictsp\/wp-content\/uploads\/sites\/35\/2019\/12\/Logoufictnational.png","width":684,"height":464,"caption":"UFICT CGT des Services publics"},"image":{"@id":"https:\/\/syndicoop.fr\/ufictsp\/#\/schema\/logo\/image\/"}},{"@type":"Person","@id":"https:\/\/syndicoop.fr\/ufictsp\/#\/schema\/person\/571e6d31ae10b20bc5d5ae4634a5c1ae","name":"Damien Ramage","image":{"@type":"ImageObject","inLanguage":"fr-FR","@id":"https:\/\/syndicoop.fr\/ufictsp\/#\/schema\/person\/image\/","url":"https:\/\/syndicoop.fr\/ufictsp\/wp-content\/wphb-cache\/gravatar\/549\/54942cdca053361bdb963b2eeabd3843x96.jpg","contentUrl":"https:\/\/syndicoop.fr\/ufictsp\/wp-content\/wphb-cache\/gravatar\/549\/54942cdca053361bdb963b2eeabd3843x96.jpg","caption":"Damien Ramage"},"sameAs":["https:\/\/x.com\/dramage"]}]}},"_links":{"self":[{"href":"https:\/\/syndicoop.fr\/ufictsp\/wp-json\/wp\/v2\/posts\/982","targetHints":{"allow":["GET"]}}],"collection":[{"href":"https:\/\/syndicoop.fr\/ufictsp\/wp-json\/wp\/v2\/posts"}],"about":[{"href":"https:\/\/syndicoop.fr\/ufictsp\/wp-json\/wp\/v2\/types\/post"}],"author":[{"embeddable":true,"href":"https:\/\/syndicoop.fr\/ufictsp\/wp-json\/wp\/v2\/users\/1"}],"replies":[{"embeddable":true,"href":"https:\/\/syndicoop.fr\/ufictsp\/wp-json\/wp\/v2\/comments?post=982"}],"version-history":[{"count":0,"href":"https:\/\/syndicoop.fr\/ufictsp\/wp-json\/wp\/v2\/posts\/982\/revisions"}],"wp:featuredmedia":[{"embeddable":true,"href":"https:\/\/syndicoop.fr\/ufictsp\/wp-json\/wp\/v2\/media\/983"}],"wp:attachment":[{"href":"https:\/\/syndicoop.fr\/ufictsp\/wp-json\/wp\/v2\/media?parent=982"}],"wp:term":[{"taxonomy":"category","embeddable":true,"href":"https:\/\/syndicoop.fr\/ufictsp\/wp-json\/wp\/v2\/categories?post=982"},{"taxonomy":"post_tag","embeddable":true,"href":"https:\/\/syndicoop.fr\/ufictsp\/wp-json\/wp\/v2\/tags?post=982"}],"curies":[{"name":"wp","href":"https:\/\/api.w.org\/{rel}","templated":true}]}}