{"id":163,"date":"2020-03-09T16:40:48","date_gmt":"2020-03-09T15:40:48","guid":{"rendered":"https:\/\/syndicoop.fr\/ufmict\/?p=163"},"modified":"2020-03-17T16:44:47","modified_gmt":"2020-03-17T15:44:47","slug":"les-ibode%e2%80%a8-infirmier-e-s-de-blocs-operatoires-diplome-e-s-detat-piege-e-s-par-le-ministere","status":"publish","type":"post","link":"https:\/\/syndicoop.fr\/ufmict\/les-ibode%e2%80%a8-infirmier-e-s-de-blocs-operatoires-diplome-e-s-detat-piege-e-s-par-le-ministere\/","title":{"rendered":"Les IBODE\u2028( Infirmier.e.s de Blocs Op\u00e9ratoires Dipl\u00f4m\u00e9.e.s d\u2019\u00c9tat) pi\u00e9g\u00e9.e.s par le minist\u00e8re"},"content":{"rendered":"<h2>\nUne journ\u00e9e de gr\u00e8ve pr\u00e9vue le 7 avril 2020<\/h2>\n<p>Le minist\u00e8re a profit\u00e9 de l\u2019amateurisme des \u201crepr\u00e9sentants autod\u00e9sign\u00e9s\u201d de l\u2019UNAIBODE (Union nationale des associations d\u2019IBODE) lors d\u2019une concertation unilat\u00e9rale pour faire passer sans encombre son projet de destruction de la fili\u00e8re Infirmi\u00e8r.e de Bloc Op\u00e9ratoire Dipl\u00f4m\u00e9.e d\u2019\u00c9tat (IBODE).<\/p>\n<p>Un.e infirmi\u00e8r.e non sp\u00e9cialis\u00e9.e (IDE) va \u00eatre autoris\u00e9.e \u00e0 r\u00e9aliser l\u2019int\u00e9gralit\u00e9 des missions attribu\u00e9es sp\u00e9cifiquement aux IBODE \u00e0 condition de r\u00e9aliser une formation compl\u00e9mentaire de 56 heures. La r\u00e9glementation actuelle impose une formation minimum de 2 235 heures.<br \/>\nA qui profite le crime ? ou l\u2019affaire ?<\/p>\n<p>Aux IDE ? Non, si cette mesure est mise en place, ils\/elles devront abattre le travail de l\u2019IBODE sans le salaire qui va avec. C\u2019est du b\u00e9n\u00e9volat impos\u00e9.<br \/>\nAux IBODE ? Non, car ils\/elles seront mises en concurrence directe avec les IDE. Ce sera la course au moins disant social, ce sera la n\u00e9gation de l\u2019existence de la sp\u00e9cialit\u00e9. Le professionnalisme est remis en cause.<\/p>\n<p>Aux patient.e.s ? Non, la complexit\u00e9 des techniques et des soins et le nombre d\u2019intervenant.e.s augmentent sans cesse. La n\u00e9cessit\u00e9 d&rsquo;un personnel qualifi\u00e9 en s\u00e9curit\u00e9 op\u00e9ratoire n\u2019a jamais \u00e9t\u00e9 aussi forte.<\/p>\n<p>Aux employeurs ? Oui, ils n\u2019auront pas \u00e0 mettre la main \u00e0 la poche, ni pour les salaires, ni pour envoyer les infirmi\u00e8r.e.s se sp\u00e9cialiser pendant 18 mois, voire 2 ans.<\/p>\n<p>Cette trahison du minist\u00e8re est donc un cadeau fait aux employeurs du priv\u00e9 lucratif pour garantir et augmenter leur marges. Ils pourront ainsi continuer \u00e0 r\u00e9aliser des profits sur le dos des salari\u00e9.e.s des blocs op\u00e9ratoires, de la S\u00e9curit\u00e9 Sociale et au d\u00e9triment de la qualit\u00e9 des soins.<\/p>\n<p>\u00c0 l\u2019heure o\u00f9 les cadences infernales et les int\u00e9r\u00eats financiers r\u00e9gissent l\u2019activit\u00e9 op\u00e9ratoire au m\u00e9pris du bon sens et des principes fondamentaux d&rsquo;hygi\u00e8ne et de s\u00e9curit\u00e9, nous, IBODE et IDE, pr\u00e9sent.e.s toute l\u2019ann\u00e9e aupr\u00e8s des op\u00e9r\u00e9.e.s ne voulons pas de ce projet.<\/p>\n<p>Nous appelons l\u2019ensemble de la profession\u2028\u00e0 mettre son expertise au service de la mobilisation le mardi 7 avril,\u2028en AG, dans les blocs et devant le minist\u00e8re de la sant\u00e9\u2028pour faire entendre notre voix et gagner le retrait de ce dispositif dangereux.<\/p>\n<p>Montreuil, le 9 mars 2020.<\/p>\n","protected":false},"excerpt":{"rendered":"<p>Une journ\u00e9e de gr\u00e8ve pr\u00e9vue le 7 avril 2020 Le minist\u00e8re a profit\u00e9 de l\u2019amateurisme des \u201crepr\u00e9sentants autod\u00e9sign\u00e9s\u201d de l\u2019UNAIBODE (Union nationale des associations d\u2019IBODE) lors d\u2019une concertation unilat\u00e9rale pour faire passer sans encombre son projet de destruction de la fili\u00e8re Infirmi\u00e8r.e de Bloc Op\u00e9ratoire Dipl\u00f4m\u00e9.e d\u2019\u00c9tat (IBODE). Un.e infirmi\u00e8r.e non sp\u00e9cialis\u00e9.e (IDE) va \u00eatre [&hellip;]<\/p>\n","protected":false},"author":4,"featured_media":106,"comment_status":"open","ping_status":"closed","sticky":false,"template":"","format":"standard","meta":{"_acf_changed":false,"footnotes":""},"categories":[175],"tags":[215],"class_list":["post-163","post","type-post","status-publish","format-standard","has-post-thumbnail","hentry","category-ufmict","tag-ibode","featuring-alaune","themes-luttes","documents-communiques","secteur-fph"],"acf":[],"yoast_head":"<!-- This site is optimized with the Yoast SEO plugin v26.3 - https:\/\/yoast.com\/wordpress\/plugins\/seo\/ -->\n<title>Les IBODE\u2028( Infirmier.e.s de Blocs Op\u00e9ratoires Dipl\u00f4m\u00e9.e.s d\u2019\u00c9tat) pi\u00e9g\u00e9.e.s par le minist\u00e8re - UFMICT Sant\u00e9 et Action sociale<\/title>\n<meta name=\"robots\" content=\"index, follow, max-snippet:-1, max-image-preview:large, max-video-preview:-1\" \/>\n<link rel=\"canonical\" href=\"https:\/\/syndicoop.fr\/ufmict\/les-ibode\u2028-infirmier-e-s-de-blocs-operatoires-diplome-e-s-detat-piege-e-s-par-le-ministere\/\" \/>\n<meta property=\"og:locale\" content=\"fr_FR\" \/>\n<meta property=\"og:type\" content=\"article\" \/>\n<meta property=\"og:title\" content=\"Les IBODE\u2028( Infirmier.e.s de Blocs Op\u00e9ratoires Dipl\u00f4m\u00e9.e.s d\u2019\u00c9tat) pi\u00e9g\u00e9.e.s par le minist\u00e8re - UFMICT Sant\u00e9 et Action sociale\" \/>\n<meta property=\"og:description\" content=\"Une journ\u00e9e de gr\u00e8ve pr\u00e9vue le 7 avril 2020 Le minist\u00e8re a profit\u00e9 de l\u2019amateurisme des \u201crepr\u00e9sentants autod\u00e9sign\u00e9s\u201d de l\u2019UNAIBODE (Union nationale des associations d\u2019IBODE) lors d\u2019une concertation unilat\u00e9rale pour faire passer sans encombre son projet de destruction de la fili\u00e8re Infirmi\u00e8r.e de Bloc Op\u00e9ratoire Dipl\u00f4m\u00e9.e d\u2019\u00c9tat (IBODE). Un.e infirmi\u00e8r.e non sp\u00e9cialis\u00e9.e (IDE) va \u00eatre [&hellip;]\" \/>\n<meta property=\"og:url\" content=\"https:\/\/syndicoop.fr\/ufmict\/les-ibode\u2028-infirmier-e-s-de-blocs-operatoires-diplome-e-s-detat-piege-e-s-par-le-ministere\/\" \/>\n<meta property=\"og:site_name\" content=\"UFMICT Sant\u00e9 et Action sociale\" \/>\n<meta property=\"article:published_time\" content=\"2020-03-09T15:40:48+00:00\" \/>\n<meta property=\"article:modified_time\" content=\"2020-03-17T15:44:47+00:00\" \/>\n<meta property=\"og:image\" content=\"https:\/\/syndicoop.fr\/ufmict\/wp-content\/uploads\/sites\/38\/2020\/02\/05khy7aycp8.jpg\" \/>\n\t<meta property=\"og:image:width\" content=\"1600\" \/>\n\t<meta property=\"og:image:height\" content=\"1067\" \/>\n\t<meta property=\"og:image:type\" content=\"image\/jpeg\" \/>\n<meta name=\"author\" content=\"mhflechard\" \/>\n<meta name=\"twitter:card\" content=\"summary_large_image\" \/>\n<meta name=\"twitter:label1\" content=\"\u00c9crit par\" \/>\n\t<meta name=\"twitter:data1\" content=\"mhflechard\" \/>\n\t<meta name=\"twitter:label2\" content=\"Dur\u00e9e de lecture estim\u00e9e\" \/>\n\t<meta name=\"twitter:data2\" content=\"2 minutes\" \/>\n<script type=\"application\/ld+json\" class=\"yoast-schema-graph\">{\"@context\":\"https:\/\/schema.org\",\"@graph\":[{\"@type\":\"WebPage\",\"@id\":\"https:\/\/syndicoop.fr\/ufmict\/les-ibode%e2%80%a8-infirmier-e-s-de-blocs-operatoires-diplome-e-s-detat-piege-e-s-par-le-ministere\/\",\"url\":\"https:\/\/syndicoop.fr\/ufmict\/les-ibode%e2%80%a8-infirmier-e-s-de-blocs-operatoires-diplome-e-s-detat-piege-e-s-par-le-ministere\/\",\"name\":\"Les IBODE\\u2028( Infirmier.e.s de Blocs Op\u00e9ratoires Dipl\u00f4m\u00e9.e.s d\u2019\u00c9tat) pi\u00e9g\u00e9.e.s par le minist\u00e8re - UFMICT Sant\u00e9 et Action sociale\",\"isPartOf\":{\"@id\":\"https:\/\/syndicoop.fr\/ufmict\/#website\"},\"primaryImageOfPage\":{\"@id\":\"https:\/\/syndicoop.fr\/ufmict\/les-ibode%e2%80%a8-infirmier-e-s-de-blocs-operatoires-diplome-e-s-detat-piege-e-s-par-le-ministere\/#primaryimage\"},\"image\":{\"@id\":\"https:\/\/syndicoop.fr\/ufmict\/les-ibode%e2%80%a8-infirmier-e-s-de-blocs-operatoires-diplome-e-s-detat-piege-e-s-par-le-ministere\/#primaryimage\"},\"thumbnailUrl\":\"https:\/\/syndicoop.fr\/ufmict\/wp-content\/uploads\/sites\/38\/2020\/02\/05khy7aycp8.jpg\",\"datePublished\":\"2020-03-09T15:40:48+00:00\",\"dateModified\":\"2020-03-17T15:44:47+00:00\",\"author\":{\"@id\":\"https:\/\/syndicoop.fr\/ufmict\/#\/schema\/person\/ab5976679b941ce6bc13a9e06da6996c\"},\"breadcrumb\":{\"@id\":\"https:\/\/syndicoop.fr\/ufmict\/les-ibode%e2%80%a8-infirmier-e-s-de-blocs-operatoires-diplome-e-s-detat-piege-e-s-par-le-ministere\/#breadcrumb\"},\"inLanguage\":\"fr-FR\",\"potentialAction\":[{\"@type\":\"ReadAction\",\"target\":[\"https:\/\/syndicoop.fr\/ufmict\/les-ibode%e2%80%a8-infirmier-e-s-de-blocs-operatoires-diplome-e-s-detat-piege-e-s-par-le-ministere\/\"]}]},{\"@type\":\"ImageObject\",\"inLanguage\":\"fr-FR\",\"@id\":\"https:\/\/syndicoop.fr\/ufmict\/les-ibode%e2%80%a8-infirmier-e-s-de-blocs-operatoires-diplome-e-s-detat-piege-e-s-par-le-ministere\/#primaryimage\",\"url\":\"https:\/\/syndicoop.fr\/ufmict\/wp-content\/uploads\/sites\/38\/2020\/02\/05khy7aycp8.jpg\",\"contentUrl\":\"https:\/\/syndicoop.fr\/ufmict\/wp-content\/uploads\/sites\/38\/2020\/02\/05khy7aycp8.jpg\",\"width\":1600,\"height\":1067},{\"@type\":\"BreadcrumbList\",\"@id\":\"https:\/\/syndicoop.fr\/ufmict\/les-ibode%e2%80%a8-infirmier-e-s-de-blocs-operatoires-diplome-e-s-detat-piege-e-s-par-le-ministere\/#breadcrumb\",\"itemListElement\":[{\"@type\":\"ListItem\",\"position\":1,\"name\":\"Accueil\",\"item\":\"https:\/\/syndicoop.fr\/ufmict\/\"},{\"@type\":\"ListItem\",\"position\":2,\"name\":\"Les IBODE\\u2028( Infirmier.e.s de Blocs Op\u00e9ratoires Dipl\u00f4m\u00e9.e.s d\u2019\u00c9tat) pi\u00e9g\u00e9.e.s par le minist\u00e8re\"}]},{\"@type\":\"WebSite\",\"@id\":\"https:\/\/syndicoop.fr\/ufmict\/#website\",\"url\":\"https:\/\/syndicoop.fr\/ufmict\/\",\"name\":\"UFMICT Sant\u00e9 et Action sociale\",\"description\":\"Syndicoop - la plateforme syndicale et coop\u00e9rative\",\"potentialAction\":[{\"@type\":\"SearchAction\",\"target\":{\"@type\":\"EntryPoint\",\"urlTemplate\":\"https:\/\/syndicoop.fr\/ufmict\/?s={search_term_string}\"},\"query-input\":{\"@type\":\"PropertyValueSpecification\",\"valueRequired\":true,\"valueName\":\"search_term_string\"}}],\"inLanguage\":\"fr-FR\"},{\"@type\":\"Person\",\"@id\":\"https:\/\/syndicoop.fr\/ufmict\/#\/schema\/person\/ab5976679b941ce6bc13a9e06da6996c\",\"name\":\"mhflechard\",\"image\":{\"@type\":\"ImageObject\",\"inLanguage\":\"fr-FR\",\"@id\":\"https:\/\/syndicoop.fr\/ufmict\/#\/schema\/person\/image\/\",\"url\":\"https:\/\/syndicoop.fr\/ufmict\/wp-content\/wphb-cache\/gravatar\/9bb\/9bb12ac6f28c511534d57086f7974e91x96.jpg\",\"contentUrl\":\"https:\/\/syndicoop.fr\/ufmict\/wp-content\/wphb-cache\/gravatar\/9bb\/9bb12ac6f28c511534d57086f7974e91x96.jpg\",\"caption\":\"mhflechard\"},\"url\":\"https:\/\/syndicoop.fr\/ufmict\/author\/mhflechard\/\"}]}<\/script>\n<!-- \/ Yoast SEO plugin. -->","yoast_head_json":{"title":"Les IBODE\u2028( Infirmier.e.s de Blocs Op\u00e9ratoires Dipl\u00f4m\u00e9.e.s d\u2019\u00c9tat) pi\u00e9g\u00e9.e.s par le minist\u00e8re - UFMICT Sant\u00e9 et Action sociale","robots":{"index":"index","follow":"follow","max-snippet":"max-snippet:-1","max-image-preview":"max-image-preview:large","max-video-preview":"max-video-preview:-1"},"canonical":"https:\/\/syndicoop.fr\/ufmict\/les-ibode\u2028-infirmier-e-s-de-blocs-operatoires-diplome-e-s-detat-piege-e-s-par-le-ministere\/","og_locale":"fr_FR","og_type":"article","og_title":"Les IBODE\u2028( Infirmier.e.s de Blocs Op\u00e9ratoires Dipl\u00f4m\u00e9.e.s d\u2019\u00c9tat) pi\u00e9g\u00e9.e.s par le minist\u00e8re - UFMICT Sant\u00e9 et Action sociale","og_description":"Une journ\u00e9e de gr\u00e8ve pr\u00e9vue le 7 avril 2020 Le minist\u00e8re a profit\u00e9 de l\u2019amateurisme des \u201crepr\u00e9sentants autod\u00e9sign\u00e9s\u201d de l\u2019UNAIBODE (Union nationale des associations d\u2019IBODE) lors d\u2019une concertation unilat\u00e9rale pour faire passer sans encombre son projet de destruction de la fili\u00e8re Infirmi\u00e8r.e de Bloc Op\u00e9ratoire Dipl\u00f4m\u00e9.e d\u2019\u00c9tat (IBODE). Un.e infirmi\u00e8r.e non sp\u00e9cialis\u00e9.e (IDE) va \u00eatre [&hellip;]","og_url":"https:\/\/syndicoop.fr\/ufmict\/les-ibode\u2028-infirmier-e-s-de-blocs-operatoires-diplome-e-s-detat-piege-e-s-par-le-ministere\/","og_site_name":"UFMICT Sant\u00e9 et Action sociale","article_published_time":"2020-03-09T15:40:48+00:00","article_modified_time":"2020-03-17T15:44:47+00:00","og_image":[{"width":1600,"height":1067,"url":"https:\/\/syndicoop.fr\/ufmict\/wp-content\/uploads\/sites\/38\/2020\/02\/05khy7aycp8.jpg","type":"image\/jpeg"}],"author":"mhflechard","twitter_card":"summary_large_image","twitter_misc":{"\u00c9crit par":"mhflechard","Dur\u00e9e de lecture estim\u00e9e":"2 minutes"},"schema":{"@context":"https:\/\/schema.org","@graph":[{"@type":"WebPage","@id":"https:\/\/syndicoop.fr\/ufmict\/les-ibode%e2%80%a8-infirmier-e-s-de-blocs-operatoires-diplome-e-s-detat-piege-e-s-par-le-ministere\/","url":"https:\/\/syndicoop.fr\/ufmict\/les-ibode%e2%80%a8-infirmier-e-s-de-blocs-operatoires-diplome-e-s-detat-piege-e-s-par-le-ministere\/","name":"Les IBODE\u2028( Infirmier.e.s de Blocs Op\u00e9ratoires Dipl\u00f4m\u00e9.e.s d\u2019\u00c9tat) pi\u00e9g\u00e9.e.s par le minist\u00e8re - UFMICT Sant\u00e9 et Action sociale","isPartOf":{"@id":"https:\/\/syndicoop.fr\/ufmict\/#website"},"primaryImageOfPage":{"@id":"https:\/\/syndicoop.fr\/ufmict\/les-ibode%e2%80%a8-infirmier-e-s-de-blocs-operatoires-diplome-e-s-detat-piege-e-s-par-le-ministere\/#primaryimage"},"image":{"@id":"https:\/\/syndicoop.fr\/ufmict\/les-ibode%e2%80%a8-infirmier-e-s-de-blocs-operatoires-diplome-e-s-detat-piege-e-s-par-le-ministere\/#primaryimage"},"thumbnailUrl":"https:\/\/syndicoop.fr\/ufmict\/wp-content\/uploads\/sites\/38\/2020\/02\/05khy7aycp8.jpg","datePublished":"2020-03-09T15:40:48+00:00","dateModified":"2020-03-17T15:44:47+00:00","author":{"@id":"https:\/\/syndicoop.fr\/ufmict\/#\/schema\/person\/ab5976679b941ce6bc13a9e06da6996c"},"breadcrumb":{"@id":"https:\/\/syndicoop.fr\/ufmict\/les-ibode%e2%80%a8-infirmier-e-s-de-blocs-operatoires-diplome-e-s-detat-piege-e-s-par-le-ministere\/#breadcrumb"},"inLanguage":"fr-FR","potentialAction":[{"@type":"ReadAction","target":["https:\/\/syndicoop.fr\/ufmict\/les-ibode%e2%80%a8-infirmier-e-s-de-blocs-operatoires-diplome-e-s-detat-piege-e-s-par-le-ministere\/"]}]},{"@type":"ImageObject","inLanguage":"fr-FR","@id":"https:\/\/syndicoop.fr\/ufmict\/les-ibode%e2%80%a8-infirmier-e-s-de-blocs-operatoires-diplome-e-s-detat-piege-e-s-par-le-ministere\/#primaryimage","url":"https:\/\/syndicoop.fr\/ufmict\/wp-content\/uploads\/sites\/38\/2020\/02\/05khy7aycp8.jpg","contentUrl":"https:\/\/syndicoop.fr\/ufmict\/wp-content\/uploads\/sites\/38\/2020\/02\/05khy7aycp8.jpg","width":1600,"height":1067},{"@type":"BreadcrumbList","@id":"https:\/\/syndicoop.fr\/ufmict\/les-ibode%e2%80%a8-infirmier-e-s-de-blocs-operatoires-diplome-e-s-detat-piege-e-s-par-le-ministere\/#breadcrumb","itemListElement":[{"@type":"ListItem","position":1,"name":"Accueil","item":"https:\/\/syndicoop.fr\/ufmict\/"},{"@type":"ListItem","position":2,"name":"Les IBODE\u2028( Infirmier.e.s de Blocs Op\u00e9ratoires Dipl\u00f4m\u00e9.e.s d\u2019\u00c9tat) pi\u00e9g\u00e9.e.s par le minist\u00e8re"}]},{"@type":"WebSite","@id":"https:\/\/syndicoop.fr\/ufmict\/#website","url":"https:\/\/syndicoop.fr\/ufmict\/","name":"UFMICT Sant\u00e9 et Action sociale","description":"Syndicoop - la plateforme syndicale et coop\u00e9rative","potentialAction":[{"@type":"SearchAction","target":{"@type":"EntryPoint","urlTemplate":"https:\/\/syndicoop.fr\/ufmict\/?s={search_term_string}"},"query-input":{"@type":"PropertyValueSpecification","valueRequired":true,"valueName":"search_term_string"}}],"inLanguage":"fr-FR"},{"@type":"Person","@id":"https:\/\/syndicoop.fr\/ufmict\/#\/schema\/person\/ab5976679b941ce6bc13a9e06da6996c","name":"mhflechard","image":{"@type":"ImageObject","inLanguage":"fr-FR","@id":"https:\/\/syndicoop.fr\/ufmict\/#\/schema\/person\/image\/","url":"https:\/\/syndicoop.fr\/ufmict\/wp-content\/wphb-cache\/gravatar\/9bb\/9bb12ac6f28c511534d57086f7974e91x96.jpg","contentUrl":"https:\/\/syndicoop.fr\/ufmict\/wp-content\/wphb-cache\/gravatar\/9bb\/9bb12ac6f28c511534d57086f7974e91x96.jpg","caption":"mhflechard"},"url":"https:\/\/syndicoop.fr\/ufmict\/author\/mhflechard\/"}]}},"_links":{"self":[{"href":"https:\/\/syndicoop.fr\/ufmict\/wp-json\/wp\/v2\/posts\/163","targetHints":{"allow":["GET"]}}],"collection":[{"href":"https:\/\/syndicoop.fr\/ufmict\/wp-json\/wp\/v2\/posts"}],"about":[{"href":"https:\/\/syndicoop.fr\/ufmict\/wp-json\/wp\/v2\/types\/post"}],"author":[{"embeddable":true,"href":"https:\/\/syndicoop.fr\/ufmict\/wp-json\/wp\/v2\/users\/4"}],"replies":[{"embeddable":true,"href":"https:\/\/syndicoop.fr\/ufmict\/wp-json\/wp\/v2\/comments?post=163"}],"version-history":[{"count":0,"href":"https:\/\/syndicoop.fr\/ufmict\/wp-json\/wp\/v2\/posts\/163\/revisions"}],"wp:featuredmedia":[{"embeddable":true,"href":"https:\/\/syndicoop.fr\/ufmict\/wp-json\/wp\/v2\/media\/106"}],"wp:attachment":[{"href":"https:\/\/syndicoop.fr\/ufmict\/wp-json\/wp\/v2\/media?parent=163"}],"wp:term":[{"taxonomy":"category","embeddable":true,"href":"https:\/\/syndicoop.fr\/ufmict\/wp-json\/wp\/v2\/categories?post=163"},{"taxonomy":"post_tag","embeddable":true,"href":"https:\/\/syndicoop.fr\/ufmict\/wp-json\/wp\/v2\/tags?post=163"}],"curies":[{"name":"wp","href":"https:\/\/api.w.org\/{rel}","templated":true}]}}