{"id":179,"date":"2020-03-24T13:29:14","date_gmt":"2020-03-24T12:29:14","guid":{"rendered":"https:\/\/syndicoop.fr\/ufmict\/?p=179"},"modified":"2020-03-24T13:32:30","modified_gmt":"2020-03-24T12:32:30","slug":"encart-options-n-654-du-24-fevrier-2020-special-12eme-congres-de-lufmict-cgt","status":"publish","type":"post","link":"https:\/\/syndicoop.fr\/ufmict\/encart-options-n-654-du-24-fevrier-2020-special-12eme-congres-de-lufmict-cgt\/","title":{"rendered":"Encart Options n\u00b0 654 du 24 f\u00e9vrier 2020 \u00ab Sp\u00e9cial 12\u00e8me congr\u00e8s de l\u2019UFMICT &#8211; CGT\u00bb"},"content":{"rendered":"<div class=\"page\" title=\"Page 1\">\n<div class=\"section\">\n<div class=\"layoutArea\">\n<div class=\"column\">\n<p>Sp\u00e9cial XIIeme congr\u00e8s de l\u2019UFMICT aux Sept-Laux en Is\u00e8re<\/p>\n<\/div>\n<\/div>\n<\/div>\n<\/div>\n<p>Au sommaire :<\/p>\n<p>Pages 2-3 : R\u00e9sultats des votes<\/p>\n<p>Page 4 : Constitution de la nouvelle CE, \u00e9lection du Bureau, \u00e9lection du Secr\u00e9taire G\u00e9n\u00e9ral.<\/p>\n<p>&nbsp;<\/p>\n","protected":false},"excerpt":{"rendered":"<p>Sp\u00e9cial XIIeme congr\u00e8s de l\u2019UFMICT aux Sept-Laux en Is\u00e8re Au sommaire : Pages 2-3 : R\u00e9sultats des votes Page 4 : Constitution de la nouvelle CE, \u00e9lection du Bureau, \u00e9lection du Secr\u00e9taire G\u00e9n\u00e9ral. &nbsp;<\/p>\n","protected":false},"author":4,"featured_media":183,"comment_status":"open","ping_status":"closed","sticky":false,"template":"","format":"standard","meta":{"_acf_changed":false,"footnotes":""},"categories":[188],"tags":[218],"class_list":["post-179","post","type-post","status-publish","format-standard","has-post-thumbnail","hentry","category-options","tag-congres","featuring-alaune","documents-journaux"],"acf":[],"yoast_head":"<!-- This site is optimized with the Yoast SEO plugin v26.3 - https:\/\/yoast.com\/wordpress\/plugins\/seo\/ -->\n<title>Encart Options n\u00b0 654 du 24 f\u00e9vrier 2020 \u00ab Sp\u00e9cial 12\u00e8me congr\u00e8s de l\u2019UFMICT - CGT\u00bb - UFMICT Sant\u00e9 et Action sociale<\/title>\n<meta name=\"robots\" content=\"index, follow, max-snippet:-1, max-image-preview:large, max-video-preview:-1\" \/>\n<link rel=\"canonical\" href=\"https:\/\/syndicoop.fr\/ufmict\/encart-options-n-654-du-24-fevrier-2020-special-12eme-congres-de-lufmict-cgt\/\" \/>\n<meta property=\"og:locale\" content=\"fr_FR\" \/>\n<meta property=\"og:type\" content=\"article\" \/>\n<meta property=\"og:title\" content=\"Encart Options n\u00b0 654 du 24 f\u00e9vrier 2020 \u00ab Sp\u00e9cial 12\u00e8me congr\u00e8s de l\u2019UFMICT - CGT\u00bb - UFMICT Sant\u00e9 et Action sociale\" \/>\n<meta property=\"og:description\" content=\"Sp\u00e9cial XIIeme congr\u00e8s de l\u2019UFMICT aux Sept-Laux en Is\u00e8re Au sommaire : Pages 2-3 : R\u00e9sultats des votes Page 4 : Constitution de la nouvelle CE, \u00e9lection du Bureau, \u00e9lection du Secr\u00e9taire G\u00e9n\u00e9ral. &nbsp;\" \/>\n<meta property=\"og:url\" content=\"https:\/\/syndicoop.fr\/ufmict\/encart-options-n-654-du-24-fevrier-2020-special-12eme-congres-de-lufmict-cgt\/\" \/>\n<meta property=\"og:site_name\" content=\"UFMICT Sant\u00e9 et Action sociale\" \/>\n<meta property=\"article:published_time\" content=\"2020-03-24T12:29:14+00:00\" \/>\n<meta property=\"article:modified_time\" content=\"2020-03-24T12:32:30+00:00\" \/>\n<meta property=\"og:image\" content=\"https:\/\/syndicoop.fr\/ufmict\/wp-content\/uploads\/sites\/38\/2020\/03\/congresufmict.png\" \/>\n\t<meta property=\"og:image:width\" content=\"934\" \/>\n\t<meta property=\"og:image:height\" content=\"872\" \/>\n\t<meta property=\"og:image:type\" content=\"image\/png\" \/>\n<meta name=\"author\" content=\"mhflechard\" \/>\n<meta name=\"twitter:card\" content=\"summary_large_image\" \/>\n<meta name=\"twitter:label1\" content=\"\u00c9crit par\" \/>\n\t<meta name=\"twitter:data1\" content=\"mhflechard\" \/>\n<script type=\"application\/ld+json\" class=\"yoast-schema-graph\">{\"@context\":\"https:\/\/schema.org\",\"@graph\":[{\"@type\":\"WebPage\",\"@id\":\"https:\/\/syndicoop.fr\/ufmict\/encart-options-n-654-du-24-fevrier-2020-special-12eme-congres-de-lufmict-cgt\/\",\"url\":\"https:\/\/syndicoop.fr\/ufmict\/encart-options-n-654-du-24-fevrier-2020-special-12eme-congres-de-lufmict-cgt\/\",\"name\":\"Encart Options n\u00b0 654 du 24 f\u00e9vrier 2020 \u00ab Sp\u00e9cial 12\u00e8me congr\u00e8s de l\u2019UFMICT - CGT\u00bb - UFMICT Sant\u00e9 et Action sociale\",\"isPartOf\":{\"@id\":\"https:\/\/syndicoop.fr\/ufmict\/#website\"},\"primaryImageOfPage\":{\"@id\":\"https:\/\/syndicoop.fr\/ufmict\/encart-options-n-654-du-24-fevrier-2020-special-12eme-congres-de-lufmict-cgt\/#primaryimage\"},\"image\":{\"@id\":\"https:\/\/syndicoop.fr\/ufmict\/encart-options-n-654-du-24-fevrier-2020-special-12eme-congres-de-lufmict-cgt\/#primaryimage\"},\"thumbnailUrl\":\"https:\/\/syndicoop.fr\/ufmict\/wp-content\/uploads\/sites\/38\/2020\/03\/congresufmict.png\",\"datePublished\":\"2020-03-24T12:29:14+00:00\",\"dateModified\":\"2020-03-24T12:32:30+00:00\",\"author\":{\"@id\":\"https:\/\/syndicoop.fr\/ufmict\/#\/schema\/person\/ab5976679b941ce6bc13a9e06da6996c\"},\"breadcrumb\":{\"@id\":\"https:\/\/syndicoop.fr\/ufmict\/encart-options-n-654-du-24-fevrier-2020-special-12eme-congres-de-lufmict-cgt\/#breadcrumb\"},\"inLanguage\":\"fr-FR\",\"potentialAction\":[{\"@type\":\"ReadAction\",\"target\":[\"https:\/\/syndicoop.fr\/ufmict\/encart-options-n-654-du-24-fevrier-2020-special-12eme-congres-de-lufmict-cgt\/\"]}]},{\"@type\":\"ImageObject\",\"inLanguage\":\"fr-FR\",\"@id\":\"https:\/\/syndicoop.fr\/ufmict\/encart-options-n-654-du-24-fevrier-2020-special-12eme-congres-de-lufmict-cgt\/#primaryimage\",\"url\":\"https:\/\/syndicoop.fr\/ufmict\/wp-content\/uploads\/sites\/38\/2020\/03\/congresufmict.png\",\"contentUrl\":\"https:\/\/syndicoop.fr\/ufmict\/wp-content\/uploads\/sites\/38\/2020\/03\/congresufmict.png\",\"width\":934,\"height\":872},{\"@type\":\"BreadcrumbList\",\"@id\":\"https:\/\/syndicoop.fr\/ufmict\/encart-options-n-654-du-24-fevrier-2020-special-12eme-congres-de-lufmict-cgt\/#breadcrumb\",\"itemListElement\":[{\"@type\":\"ListItem\",\"position\":1,\"name\":\"Accueil\",\"item\":\"https:\/\/syndicoop.fr\/ufmict\/\"},{\"@type\":\"ListItem\",\"position\":2,\"name\":\"Encart Options n\u00b0 654 du 24 f\u00e9vrier 2020 \u00ab&#160;Sp\u00e9cial 12\u00e8me congr\u00e8s de l\u2019UFMICT &#8211; CGT&#160;\u00bb\"}]},{\"@type\":\"WebSite\",\"@id\":\"https:\/\/syndicoop.fr\/ufmict\/#website\",\"url\":\"https:\/\/syndicoop.fr\/ufmict\/\",\"name\":\"UFMICT Sant\u00e9 et Action sociale\",\"description\":\"Syndicoop - la plateforme syndicale et coop\u00e9rative\",\"potentialAction\":[{\"@type\":\"SearchAction\",\"target\":{\"@type\":\"EntryPoint\",\"urlTemplate\":\"https:\/\/syndicoop.fr\/ufmict\/?s={search_term_string}\"},\"query-input\":{\"@type\":\"PropertyValueSpecification\",\"valueRequired\":true,\"valueName\":\"search_term_string\"}}],\"inLanguage\":\"fr-FR\"},{\"@type\":\"Person\",\"@id\":\"https:\/\/syndicoop.fr\/ufmict\/#\/schema\/person\/ab5976679b941ce6bc13a9e06da6996c\",\"name\":\"mhflechard\",\"image\":{\"@type\":\"ImageObject\",\"inLanguage\":\"fr-FR\",\"@id\":\"https:\/\/syndicoop.fr\/ufmict\/#\/schema\/person\/image\/\",\"url\":\"https:\/\/syndicoop.fr\/ufmict\/wp-content\/wphb-cache\/gravatar\/9bb\/9bb12ac6f28c511534d57086f7974e91x96.jpg\",\"contentUrl\":\"https:\/\/syndicoop.fr\/ufmict\/wp-content\/wphb-cache\/gravatar\/9bb\/9bb12ac6f28c511534d57086f7974e91x96.jpg\",\"caption\":\"mhflechard\"},\"url\":\"https:\/\/syndicoop.fr\/ufmict\/author\/mhflechard\/\"}]}<\/script>\n<!-- \/ Yoast SEO plugin. -->","yoast_head_json":{"title":"Encart Options n\u00b0 654 du 24 f\u00e9vrier 2020 \u00ab Sp\u00e9cial 12\u00e8me congr\u00e8s de l\u2019UFMICT - CGT\u00bb - UFMICT Sant\u00e9 et Action sociale","robots":{"index":"index","follow":"follow","max-snippet":"max-snippet:-1","max-image-preview":"max-image-preview:large","max-video-preview":"max-video-preview:-1"},"canonical":"https:\/\/syndicoop.fr\/ufmict\/encart-options-n-654-du-24-fevrier-2020-special-12eme-congres-de-lufmict-cgt\/","og_locale":"fr_FR","og_type":"article","og_title":"Encart Options n\u00b0 654 du 24 f\u00e9vrier 2020 \u00ab Sp\u00e9cial 12\u00e8me congr\u00e8s de l\u2019UFMICT - CGT\u00bb - UFMICT Sant\u00e9 et Action sociale","og_description":"Sp\u00e9cial XIIeme congr\u00e8s de l\u2019UFMICT aux Sept-Laux en Is\u00e8re Au sommaire : Pages 2-3 : R\u00e9sultats des votes Page 4 : Constitution de la nouvelle CE, \u00e9lection du Bureau, \u00e9lection du Secr\u00e9taire G\u00e9n\u00e9ral. &nbsp;","og_url":"https:\/\/syndicoop.fr\/ufmict\/encart-options-n-654-du-24-fevrier-2020-special-12eme-congres-de-lufmict-cgt\/","og_site_name":"UFMICT Sant\u00e9 et Action sociale","article_published_time":"2020-03-24T12:29:14+00:00","article_modified_time":"2020-03-24T12:32:30+00:00","og_image":[{"width":934,"height":872,"url":"https:\/\/syndicoop.fr\/ufmict\/wp-content\/uploads\/sites\/38\/2020\/03\/congresufmict.png","type":"image\/png"}],"author":"mhflechard","twitter_card":"summary_large_image","twitter_misc":{"\u00c9crit par":"mhflechard"},"schema":{"@context":"https:\/\/schema.org","@graph":[{"@type":"WebPage","@id":"https:\/\/syndicoop.fr\/ufmict\/encart-options-n-654-du-24-fevrier-2020-special-12eme-congres-de-lufmict-cgt\/","url":"https:\/\/syndicoop.fr\/ufmict\/encart-options-n-654-du-24-fevrier-2020-special-12eme-congres-de-lufmict-cgt\/","name":"Encart Options n\u00b0 654 du 24 f\u00e9vrier 2020 \u00ab Sp\u00e9cial 12\u00e8me congr\u00e8s de l\u2019UFMICT - CGT\u00bb - UFMICT Sant\u00e9 et Action sociale","isPartOf":{"@id":"https:\/\/syndicoop.fr\/ufmict\/#website"},"primaryImageOfPage":{"@id":"https:\/\/syndicoop.fr\/ufmict\/encart-options-n-654-du-24-fevrier-2020-special-12eme-congres-de-lufmict-cgt\/#primaryimage"},"image":{"@id":"https:\/\/syndicoop.fr\/ufmict\/encart-options-n-654-du-24-fevrier-2020-special-12eme-congres-de-lufmict-cgt\/#primaryimage"},"thumbnailUrl":"https:\/\/syndicoop.fr\/ufmict\/wp-content\/uploads\/sites\/38\/2020\/03\/congresufmict.png","datePublished":"2020-03-24T12:29:14+00:00","dateModified":"2020-03-24T12:32:30+00:00","author":{"@id":"https:\/\/syndicoop.fr\/ufmict\/#\/schema\/person\/ab5976679b941ce6bc13a9e06da6996c"},"breadcrumb":{"@id":"https:\/\/syndicoop.fr\/ufmict\/encart-options-n-654-du-24-fevrier-2020-special-12eme-congres-de-lufmict-cgt\/#breadcrumb"},"inLanguage":"fr-FR","potentialAction":[{"@type":"ReadAction","target":["https:\/\/syndicoop.fr\/ufmict\/encart-options-n-654-du-24-fevrier-2020-special-12eme-congres-de-lufmict-cgt\/"]}]},{"@type":"ImageObject","inLanguage":"fr-FR","@id":"https:\/\/syndicoop.fr\/ufmict\/encart-options-n-654-du-24-fevrier-2020-special-12eme-congres-de-lufmict-cgt\/#primaryimage","url":"https:\/\/syndicoop.fr\/ufmict\/wp-content\/uploads\/sites\/38\/2020\/03\/congresufmict.png","contentUrl":"https:\/\/syndicoop.fr\/ufmict\/wp-content\/uploads\/sites\/38\/2020\/03\/congresufmict.png","width":934,"height":872},{"@type":"BreadcrumbList","@id":"https:\/\/syndicoop.fr\/ufmict\/encart-options-n-654-du-24-fevrier-2020-special-12eme-congres-de-lufmict-cgt\/#breadcrumb","itemListElement":[{"@type":"ListItem","position":1,"name":"Accueil","item":"https:\/\/syndicoop.fr\/ufmict\/"},{"@type":"ListItem","position":2,"name":"Encart Options n\u00b0 654 du 24 f\u00e9vrier 2020 \u00ab&#160;Sp\u00e9cial 12\u00e8me congr\u00e8s de l\u2019UFMICT &#8211; CGT&#160;\u00bb"}]},{"@type":"WebSite","@id":"https:\/\/syndicoop.fr\/ufmict\/#website","url":"https:\/\/syndicoop.fr\/ufmict\/","name":"UFMICT Sant\u00e9 et Action sociale","description":"Syndicoop - la plateforme syndicale et coop\u00e9rative","potentialAction":[{"@type":"SearchAction","target":{"@type":"EntryPoint","urlTemplate":"https:\/\/syndicoop.fr\/ufmict\/?s={search_term_string}"},"query-input":{"@type":"PropertyValueSpecification","valueRequired":true,"valueName":"search_term_string"}}],"inLanguage":"fr-FR"},{"@type":"Person","@id":"https:\/\/syndicoop.fr\/ufmict\/#\/schema\/person\/ab5976679b941ce6bc13a9e06da6996c","name":"mhflechard","image":{"@type":"ImageObject","inLanguage":"fr-FR","@id":"https:\/\/syndicoop.fr\/ufmict\/#\/schema\/person\/image\/","url":"https:\/\/syndicoop.fr\/ufmict\/wp-content\/wphb-cache\/gravatar\/9bb\/9bb12ac6f28c511534d57086f7974e91x96.jpg","contentUrl":"https:\/\/syndicoop.fr\/ufmict\/wp-content\/wphb-cache\/gravatar\/9bb\/9bb12ac6f28c511534d57086f7974e91x96.jpg","caption":"mhflechard"},"url":"https:\/\/syndicoop.fr\/ufmict\/author\/mhflechard\/"}]}},"_links":{"self":[{"href":"https:\/\/syndicoop.fr\/ufmict\/wp-json\/wp\/v2\/posts\/179","targetHints":{"allow":["GET"]}}],"collection":[{"href":"https:\/\/syndicoop.fr\/ufmict\/wp-json\/wp\/v2\/posts"}],"about":[{"href":"https:\/\/syndicoop.fr\/ufmict\/wp-json\/wp\/v2\/types\/post"}],"author":[{"embeddable":true,"href":"https:\/\/syndicoop.fr\/ufmict\/wp-json\/wp\/v2\/users\/4"}],"replies":[{"embeddable":true,"href":"https:\/\/syndicoop.fr\/ufmict\/wp-json\/wp\/v2\/comments?post=179"}],"version-history":[{"count":0,"href":"https:\/\/syndicoop.fr\/ufmict\/wp-json\/wp\/v2\/posts\/179\/revisions"}],"wp:featuredmedia":[{"embeddable":true,"href":"https:\/\/syndicoop.fr\/ufmict\/wp-json\/wp\/v2\/media\/183"}],"wp:attachment":[{"href":"https:\/\/syndicoop.fr\/ufmict\/wp-json\/wp\/v2\/media?parent=179"}],"wp:term":[{"taxonomy":"category","embeddable":true,"href":"https:\/\/syndicoop.fr\/ufmict\/wp-json\/wp\/v2\/categories?post=179"},{"taxonomy":"post_tag","embeddable":true,"href":"https:\/\/syndicoop.fr\/ufmict\/wp-json\/wp\/v2\/tags?post=179"}],"curies":[{"name":"wp","href":"https:\/\/api.w.org\/{rel}","templated":true}]}}