{"id":193,"date":"2020-04-09T11:38:32","date_gmt":"2020-04-09T09:38:32","guid":{"rendered":"https:\/\/syndicoop.fr\/ufmict\/?p=193"},"modified":"2020-04-09T11:39:30","modified_gmt":"2020-04-09T09:39:30","slug":"dun-cote-les-discours-de-lautre-la-realite","status":"publish","type":"post","link":"https:\/\/syndicoop.fr\/ufmict\/dun-cote-les-discours-de-lautre-la-realite\/","title":{"rendered":"D&rsquo;un c\u00f4t\u00e9 les discours, de l&rsquo;autre la r\u00e9alit\u00e9"},"content":{"rendered":"<p><strong>Ils nous disent<\/strong> : <em>\u00ab Les masques, surblouses, gel hydroalcoolique, tests vont e\u0302tre livre\u0301s \u00bb. <\/em><\/p>\n<p><strong>Dans la re\u0301alite\u0301<\/strong> : nous n\u2019avons pas ou pas assez de mate\u0301riel de protection !<\/p>\n<p><a href=\"https:\/\/syndicoop.fr\/ufmict\/wp-content\/uploads\/sites\/38\/2020\/04\/Capture-d\u2019e\u0301cran-2020-04-09-a\u0300-11.32.01.png\"><img decoding=\"async\" class=\"alignnone size-full wp-image-194 lazyload\" data-src=\"https:\/\/syndicoop.fr\/ufmict\/wp-content\/uploads\/sites\/38\/2020\/04\/Capture-d\u2019e\u0301cran-2020-04-09-a\u0300-11.32.01.png\" alt=\"\" width=\"1906\" height=\"834\" data-srcset=\"https:\/\/syndicoop.fr\/ufmict\/wp-content\/uploads\/sites\/38\/2020\/04\/Capture-d\u2019e\u0301cran-2020-04-09-a\u0300-11.32.01.png 1906w, https:\/\/syndicoop.fr\/ufmict\/wp-content\/uploads\/sites\/38\/2020\/04\/Capture-d\u2019e\u0301cran-2020-04-09-a\u0300-11.32.01-300x131.png 300w, https:\/\/syndicoop.fr\/ufmict\/wp-content\/uploads\/sites\/38\/2020\/04\/Capture-d\u2019e\u0301cran-2020-04-09-a\u0300-11.32.01-768x336.png 768w, https:\/\/syndicoop.fr\/ufmict\/wp-content\/uploads\/sites\/38\/2020\/04\/Capture-d\u2019e\u0301cran-2020-04-09-a\u0300-11.32.01-1024x448.png 1024w\" data-sizes=\"(max-width: 1906px) 100vw, 1906px\" src=\"data:image\/svg+xml;base64,PHN2ZyB3aWR0aD0iMSIgaGVpZ2h0PSIxIiB4bWxucz0iaHR0cDovL3d3dy53My5vcmcvMjAwMC9zdmciPjwvc3ZnPg==\" style=\"--smush-placeholder-width: 1906px; --smush-placeholder-aspect-ratio: 1906\/834;\" \/><\/a><\/p>\n<h2>Pourquoi manquons-nous de masques ?<\/h2>\n<p>Jusqu\u2019en 2009, le stock ge\u0301re\u0301 par l\u2019\u00c9tat e\u0301tait de 1 milliard pour les masques chirurgicaux et de 700 millions pour les masques FFP2 (plus protecteurs). C\u2019e\u0301tait cette quantite\u0301 qui e\u0301tait conside\u0301re\u0301e comme ne\u0301cessaire.<\/p>\n<p>En 2020, le ministe\u0300re de la Sante\u0301 ne dispose plus que de 145 millions de masques chirurgicaux ! Le nombre de masques FFP2 reste inconnu, car a\u0300 partir de 2013, ce n\u2019est plus l\u2019E\u0301tat qui est charge\u0301 de faire les re\u0301serves, mais les employeurs, ce qui s\u2019est traduit par une forte diminution, voire une absence totale de re\u0301serve en lien avec la baisse des budgets (baisse de l\u2019ONDAM).<\/p>\n<p>Alors, tous ont une part de responsabilite\u0301s et tous nous mentent lorsqu\u2019ils font mine de de\u0301couvrir<\/p>\n<p>la re\u0301alite\u0301. NE LES LAISSONS PAS BROUILLER LES PISTES, CE QUI RENDRAIT IMPOSSIBLE DE DEMANDER DES COMPTES. Personne ne veut porter la responsabilite\u0301 de la pe\u0301nurie de mate\u0301riel tre\u0300s lourde de conse\u0301quence. Ce n\u2019est pas le re\u0301sultat d\u2019une incompe\u0301tence, mais d\u2019une pe\u0301nurie organise\u0301e.<\/p>\n<h2>Pourquoi manquons-nous de lits ?<\/h2>\n<p>Ils voudraient nous faire croire que nous sommes tous dans le me\u0302me bateau, c\u2019est faux.<br \/>\nL\u2019heure n\u2019est pas a\u0300 la pole\u0301mique, mais a\u0300 la ve\u0301rite\u0301 : 100 000 lits ont e\u0301te\u0301 ferme\u0301s en 20 ans par les gouvernements successifs.<\/p>\n<p>Fermer un lit signifie ==&gt; suppressions de postes et de mate\u0301riel.<\/p>\n<h2>2 autres exemples de ce de\u0301calage inadmissible entre leurs discours et nos re\u0301alite\u0301s :<\/h2>\n<p><strong>1 \/ Le discours = \u00ab Aux soignants qui tombent malades, je le dis, le coronavirus sera syste\u0301matiquement et automatiquement reconnu comme une maladie professionnelle \u00bb.<\/strong><\/p>\n<p>La re\u0301alite\u0301 = A ce jour pas de texte publie\u0301 ! Ils savent ce qu\u2019e\u0302tre reconnu en maladie professionnelle ne\u0301cessite.<br \/>\nIl faut avoir e\u0301te\u0301 diagnostique\u0301 ce qui est rarement fait puisqu\u2019il n\u2019y a pas assez de tests (et ils sont re\u0301serve\u0301s aux ministres, secre\u0301taires d\u2019e\u0301tat !). De plus, il existe plusieurs types de tests et celui choisi en France est peu fiable = 20 a\u0300 30 % de faux ne\u0301gatifs.<\/p>\n<p>Enfin, il faut que le patient source ait e\u0301te\u0301 identifie\u0301.<br \/>\nComment faire reconnai\u0302tre une maladie contracte\u0301e en service si les agents ne sont pas teste\u0301s ?<\/p>\n<p><strong>2\/ Le discours : \u00ab les personnes porteuses de certaines pathologies (diabe\u0300te, maladie cardio-vasculaire, immunode\u0301prime\u0301s, etc.) ne doivent pas aller travailler \u00bb, proce\u0301dure d\u2019arre\u0302t de travail simplifie\u0301e pour personne conside\u0301re\u0301e comme a\u0300 risque au regard du Covid-19.<\/strong><\/p>\n<p>La re\u0301alite\u0301 : RESTRICTION = ce dispositif ne s\u2019applique pas au personnel soignant des e\u0301tablissements de sante\u0301 qui doit contacter le me\u0301decin du travail (Source declare.ameli.fr).<\/p>\n<p>Comment accepter que les hospitaliers porteurs de pathologies a\u0300 risque se mettent en danger en allant travailler en pleine e\u0301pide\u0301mie alors qu\u2019hier, les diffe\u0301rents gouvernements ont supprime\u0301 des milliers de postes ?<\/p>\n<p>Il a fallu quelques jours pour sortir 25 ordonnances permettant de travailler 60 h par semaine, 6 jours sur 7 et dans le me\u0302me temps des questions cruciales restent sans re\u0301ponse. Tout est fait pour brouiller les pistes, les responsabilite\u0301s.<\/p>\n<p><a href=\"https:\/\/syndicoop.fr\/ufmict\/wp-content\/uploads\/sites\/38\/2020\/04\/Capture-d\u2019e\u0301cran-2020-04-09-a\u0300-11.35.48.png\"><img decoding=\"async\" class=\"alignnone size-full wp-image-195 lazyload\" data-src=\"https:\/\/syndicoop.fr\/ufmict\/wp-content\/uploads\/sites\/38\/2020\/04\/Capture-d\u2019e\u0301cran-2020-04-09-a\u0300-11.35.48.png\" alt=\"\" width=\"1504\" height=\"1360\" data-srcset=\"https:\/\/syndicoop.fr\/ufmict\/wp-content\/uploads\/sites\/38\/2020\/04\/Capture-d\u2019e\u0301cran-2020-04-09-a\u0300-11.35.48.png 1504w, https:\/\/syndicoop.fr\/ufmict\/wp-content\/uploads\/sites\/38\/2020\/04\/Capture-d\u2019e\u0301cran-2020-04-09-a\u0300-11.35.48-300x271.png 300w, https:\/\/syndicoop.fr\/ufmict\/wp-content\/uploads\/sites\/38\/2020\/04\/Capture-d\u2019e\u0301cran-2020-04-09-a\u0300-11.35.48-768x694.png 768w, https:\/\/syndicoop.fr\/ufmict\/wp-content\/uploads\/sites\/38\/2020\/04\/Capture-d\u2019e\u0301cran-2020-04-09-a\u0300-11.35.48-1024x926.png 1024w\" data-sizes=\"(max-width: 1504px) 100vw, 1504px\" src=\"data:image\/svg+xml;base64,PHN2ZyB3aWR0aD0iMSIgaGVpZ2h0PSIxIiB4bWxucz0iaHR0cDovL3d3dy53My5vcmcvMjAwMC9zdmciPjwvc3ZnPg==\" style=\"--smush-placeholder-width: 1504px; --smush-placeholder-aspect-ratio: 1504\/1360;\" \/><\/a><\/p>\n","protected":false},"excerpt":{"rendered":"<p>Manque de mat\u00e9riel, manque de lits, manque de personnels, que faire ?<\/p>\n","protected":false},"author":1,"featured_media":197,"comment_status":"open","ping_status":"closed","sticky":false,"template":"","format":"standard","meta":{"_acf_changed":false,"footnotes":""},"categories":[1],"tags":[],"class_list":["post-193","post","type-post","status-publish","format-standard","has-post-thumbnail","hentry","category-actus","featuring-alaune","themes-covid-19","documents-tracts"],"acf":[],"yoast_head":"<!-- This site is optimized with the Yoast SEO plugin v26.3 - https:\/\/yoast.com\/wordpress\/plugins\/seo\/ -->\n<title>D&#039;un c\u00f4t\u00e9 les discours, de l&#039;autre la r\u00e9alit\u00e9 - UFMICT Sant\u00e9 et Action sociale<\/title>\n<meta name=\"robots\" content=\"index, follow, max-snippet:-1, max-image-preview:large, max-video-preview:-1\" \/>\n<link rel=\"canonical\" href=\"https:\/\/syndicoop.fr\/ufmict\/dun-cote-les-discours-de-lautre-la-realite\/\" \/>\n<meta property=\"og:locale\" content=\"fr_FR\" \/>\n<meta property=\"og:type\" content=\"article\" \/>\n<meta property=\"og:title\" content=\"D&#039;un c\u00f4t\u00e9 les discours, de l&#039;autre la r\u00e9alit\u00e9 - UFMICT Sant\u00e9 et Action sociale\" \/>\n<meta property=\"og:description\" content=\"Manque de mat\u00e9riel, manque de lits, manque de personnels, que faire ?\" \/>\n<meta property=\"og:url\" content=\"https:\/\/syndicoop.fr\/ufmict\/dun-cote-les-discours-de-lautre-la-realite\/\" \/>\n<meta property=\"og:site_name\" content=\"UFMICT Sant\u00e9 et Action sociale\" \/>\n<meta property=\"article:published_time\" content=\"2020-04-09T09:38:32+00:00\" \/>\n<meta property=\"article:modified_time\" content=\"2020-04-09T09:39:30+00:00\" \/>\n<meta property=\"og:image\" content=\"https:\/\/syndicoop.fr\/ufmict\/wp-content\/uploads\/sites\/38\/2020\/04\/redhandstop.jpg\" \/>\n\t<meta property=\"og:image:width\" content=\"2048\" \/>\n\t<meta property=\"og:image:height\" content=\"1366\" \/>\n\t<meta property=\"og:image:type\" content=\"image\/jpeg\" \/>\n<meta name=\"author\" content=\"Damien Ramage\" \/>\n<meta name=\"twitter:card\" content=\"summary_large_image\" \/>\n<meta name=\"twitter:creator\" content=\"@dramage\" \/>\n<meta name=\"twitter:label1\" content=\"\u00c9crit par\" \/>\n\t<meta name=\"twitter:data1\" content=\"Damien Ramage\" \/>\n\t<meta name=\"twitter:label2\" content=\"Dur\u00e9e de lecture estim\u00e9e\" \/>\n\t<meta name=\"twitter:data2\" content=\"3 minutes\" \/>\n<script type=\"application\/ld+json\" class=\"yoast-schema-graph\">{\"@context\":\"https:\/\/schema.org\",\"@graph\":[{\"@type\":\"WebPage\",\"@id\":\"https:\/\/syndicoop.fr\/ufmict\/dun-cote-les-discours-de-lautre-la-realite\/\",\"url\":\"https:\/\/syndicoop.fr\/ufmict\/dun-cote-les-discours-de-lautre-la-realite\/\",\"name\":\"D'un c\u00f4t\u00e9 les discours, de l'autre la r\u00e9alit\u00e9 - UFMICT Sant\u00e9 et Action sociale\",\"isPartOf\":{\"@id\":\"https:\/\/syndicoop.fr\/ufmict\/#website\"},\"primaryImageOfPage\":{\"@id\":\"https:\/\/syndicoop.fr\/ufmict\/dun-cote-les-discours-de-lautre-la-realite\/#primaryimage\"},\"image\":{\"@id\":\"https:\/\/syndicoop.fr\/ufmict\/dun-cote-les-discours-de-lautre-la-realite\/#primaryimage\"},\"thumbnailUrl\":\"https:\/\/syndicoop.fr\/ufmict\/wp-content\/uploads\/sites\/38\/2020\/04\/redhandstop.jpg\",\"datePublished\":\"2020-04-09T09:38:32+00:00\",\"dateModified\":\"2020-04-09T09:39:30+00:00\",\"author\":{\"@id\":\"https:\/\/syndicoop.fr\/ufmict\/#\/schema\/person\/571e6d31ae10b20bc5d5ae4634a5c1ae\"},\"breadcrumb\":{\"@id\":\"https:\/\/syndicoop.fr\/ufmict\/dun-cote-les-discours-de-lautre-la-realite\/#breadcrumb\"},\"inLanguage\":\"fr-FR\",\"potentialAction\":[{\"@type\":\"ReadAction\",\"target\":[\"https:\/\/syndicoop.fr\/ufmict\/dun-cote-les-discours-de-lautre-la-realite\/\"]}]},{\"@type\":\"ImageObject\",\"inLanguage\":\"fr-FR\",\"@id\":\"https:\/\/syndicoop.fr\/ufmict\/dun-cote-les-discours-de-lautre-la-realite\/#primaryimage\",\"url\":\"https:\/\/syndicoop.fr\/ufmict\/wp-content\/uploads\/sites\/38\/2020\/04\/redhandstop.jpg\",\"contentUrl\":\"https:\/\/syndicoop.fr\/ufmict\/wp-content\/uploads\/sites\/38\/2020\/04\/redhandstop.jpg\",\"width\":2048,\"height\":1366},{\"@type\":\"BreadcrumbList\",\"@id\":\"https:\/\/syndicoop.fr\/ufmict\/dun-cote-les-discours-de-lautre-la-realite\/#breadcrumb\",\"itemListElement\":[{\"@type\":\"ListItem\",\"position\":1,\"name\":\"Accueil\",\"item\":\"https:\/\/syndicoop.fr\/ufmict\/\"},{\"@type\":\"ListItem\",\"position\":2,\"name\":\"D&#8217;un c\u00f4t\u00e9 les discours, de l&#8217;autre la r\u00e9alit\u00e9\"}]},{\"@type\":\"WebSite\",\"@id\":\"https:\/\/syndicoop.fr\/ufmict\/#website\",\"url\":\"https:\/\/syndicoop.fr\/ufmict\/\",\"name\":\"UFMICT Sant\u00e9 et Action sociale\",\"description\":\"Syndicoop - la plateforme syndicale et coop\u00e9rative\",\"potentialAction\":[{\"@type\":\"SearchAction\",\"target\":{\"@type\":\"EntryPoint\",\"urlTemplate\":\"https:\/\/syndicoop.fr\/ufmict\/?s={search_term_string}\"},\"query-input\":{\"@type\":\"PropertyValueSpecification\",\"valueRequired\":true,\"valueName\":\"search_term_string\"}}],\"inLanguage\":\"fr-FR\"},{\"@type\":\"Person\",\"@id\":\"https:\/\/syndicoop.fr\/ufmict\/#\/schema\/person\/571e6d31ae10b20bc5d5ae4634a5c1ae\",\"name\":\"Damien Ramage\",\"image\":{\"@type\":\"ImageObject\",\"inLanguage\":\"fr-FR\",\"@id\":\"https:\/\/syndicoop.fr\/ufmict\/#\/schema\/person\/image\/\",\"url\":\"https:\/\/syndicoop.fr\/ufmict\/wp-content\/wphb-cache\/gravatar\/549\/54942cdca053361bdb963b2eeabd3843x96.jpg\",\"contentUrl\":\"https:\/\/syndicoop.fr\/ufmict\/wp-content\/wphb-cache\/gravatar\/549\/54942cdca053361bdb963b2eeabd3843x96.jpg\",\"caption\":\"Damien Ramage\"},\"sameAs\":[\"https:\/\/x.com\/dramage\"],\"url\":\"https:\/\/syndicoop.fr\/ufmict\/author\/dramage\/\"}]}<\/script>\n<!-- \/ Yoast SEO plugin. -->","yoast_head_json":{"title":"D'un c\u00f4t\u00e9 les discours, de l'autre la r\u00e9alit\u00e9 - UFMICT Sant\u00e9 et Action sociale","robots":{"index":"index","follow":"follow","max-snippet":"max-snippet:-1","max-image-preview":"max-image-preview:large","max-video-preview":"max-video-preview:-1"},"canonical":"https:\/\/syndicoop.fr\/ufmict\/dun-cote-les-discours-de-lautre-la-realite\/","og_locale":"fr_FR","og_type":"article","og_title":"D'un c\u00f4t\u00e9 les discours, de l'autre la r\u00e9alit\u00e9 - UFMICT Sant\u00e9 et Action sociale","og_description":"Manque de mat\u00e9riel, manque de lits, manque de personnels, que faire ?","og_url":"https:\/\/syndicoop.fr\/ufmict\/dun-cote-les-discours-de-lautre-la-realite\/","og_site_name":"UFMICT Sant\u00e9 et Action sociale","article_published_time":"2020-04-09T09:38:32+00:00","article_modified_time":"2020-04-09T09:39:30+00:00","og_image":[{"width":2048,"height":1366,"url":"https:\/\/syndicoop.fr\/ufmict\/wp-content\/uploads\/sites\/38\/2020\/04\/redhandstop.jpg","type":"image\/jpeg"}],"author":"Damien Ramage","twitter_card":"summary_large_image","twitter_creator":"@dramage","twitter_misc":{"\u00c9crit par":"Damien Ramage","Dur\u00e9e de lecture estim\u00e9e":"3 minutes"},"schema":{"@context":"https:\/\/schema.org","@graph":[{"@type":"WebPage","@id":"https:\/\/syndicoop.fr\/ufmict\/dun-cote-les-discours-de-lautre-la-realite\/","url":"https:\/\/syndicoop.fr\/ufmict\/dun-cote-les-discours-de-lautre-la-realite\/","name":"D'un c\u00f4t\u00e9 les discours, de l'autre la r\u00e9alit\u00e9 - UFMICT Sant\u00e9 et Action sociale","isPartOf":{"@id":"https:\/\/syndicoop.fr\/ufmict\/#website"},"primaryImageOfPage":{"@id":"https:\/\/syndicoop.fr\/ufmict\/dun-cote-les-discours-de-lautre-la-realite\/#primaryimage"},"image":{"@id":"https:\/\/syndicoop.fr\/ufmict\/dun-cote-les-discours-de-lautre-la-realite\/#primaryimage"},"thumbnailUrl":"https:\/\/syndicoop.fr\/ufmict\/wp-content\/uploads\/sites\/38\/2020\/04\/redhandstop.jpg","datePublished":"2020-04-09T09:38:32+00:00","dateModified":"2020-04-09T09:39:30+00:00","author":{"@id":"https:\/\/syndicoop.fr\/ufmict\/#\/schema\/person\/571e6d31ae10b20bc5d5ae4634a5c1ae"},"breadcrumb":{"@id":"https:\/\/syndicoop.fr\/ufmict\/dun-cote-les-discours-de-lautre-la-realite\/#breadcrumb"},"inLanguage":"fr-FR","potentialAction":[{"@type":"ReadAction","target":["https:\/\/syndicoop.fr\/ufmict\/dun-cote-les-discours-de-lautre-la-realite\/"]}]},{"@type":"ImageObject","inLanguage":"fr-FR","@id":"https:\/\/syndicoop.fr\/ufmict\/dun-cote-les-discours-de-lautre-la-realite\/#primaryimage","url":"https:\/\/syndicoop.fr\/ufmict\/wp-content\/uploads\/sites\/38\/2020\/04\/redhandstop.jpg","contentUrl":"https:\/\/syndicoop.fr\/ufmict\/wp-content\/uploads\/sites\/38\/2020\/04\/redhandstop.jpg","width":2048,"height":1366},{"@type":"BreadcrumbList","@id":"https:\/\/syndicoop.fr\/ufmict\/dun-cote-les-discours-de-lautre-la-realite\/#breadcrumb","itemListElement":[{"@type":"ListItem","position":1,"name":"Accueil","item":"https:\/\/syndicoop.fr\/ufmict\/"},{"@type":"ListItem","position":2,"name":"D&#8217;un c\u00f4t\u00e9 les discours, de l&#8217;autre la r\u00e9alit\u00e9"}]},{"@type":"WebSite","@id":"https:\/\/syndicoop.fr\/ufmict\/#website","url":"https:\/\/syndicoop.fr\/ufmict\/","name":"UFMICT Sant\u00e9 et Action sociale","description":"Syndicoop - la plateforme syndicale et coop\u00e9rative","potentialAction":[{"@type":"SearchAction","target":{"@type":"EntryPoint","urlTemplate":"https:\/\/syndicoop.fr\/ufmict\/?s={search_term_string}"},"query-input":{"@type":"PropertyValueSpecification","valueRequired":true,"valueName":"search_term_string"}}],"inLanguage":"fr-FR"},{"@type":"Person","@id":"https:\/\/syndicoop.fr\/ufmict\/#\/schema\/person\/571e6d31ae10b20bc5d5ae4634a5c1ae","name":"Damien Ramage","image":{"@type":"ImageObject","inLanguage":"fr-FR","@id":"https:\/\/syndicoop.fr\/ufmict\/#\/schema\/person\/image\/","url":"https:\/\/syndicoop.fr\/ufmict\/wp-content\/wphb-cache\/gravatar\/549\/54942cdca053361bdb963b2eeabd3843x96.jpg","contentUrl":"https:\/\/syndicoop.fr\/ufmict\/wp-content\/wphb-cache\/gravatar\/549\/54942cdca053361bdb963b2eeabd3843x96.jpg","caption":"Damien Ramage"},"sameAs":["https:\/\/x.com\/dramage"],"url":"https:\/\/syndicoop.fr\/ufmict\/author\/dramage\/"}]}},"_links":{"self":[{"href":"https:\/\/syndicoop.fr\/ufmict\/wp-json\/wp\/v2\/posts\/193","targetHints":{"allow":["GET"]}}],"collection":[{"href":"https:\/\/syndicoop.fr\/ufmict\/wp-json\/wp\/v2\/posts"}],"about":[{"href":"https:\/\/syndicoop.fr\/ufmict\/wp-json\/wp\/v2\/types\/post"}],"author":[{"embeddable":true,"href":"https:\/\/syndicoop.fr\/ufmict\/wp-json\/wp\/v2\/users\/1"}],"replies":[{"embeddable":true,"href":"https:\/\/syndicoop.fr\/ufmict\/wp-json\/wp\/v2\/comments?post=193"}],"version-history":[{"count":0,"href":"https:\/\/syndicoop.fr\/ufmict\/wp-json\/wp\/v2\/posts\/193\/revisions"}],"wp:featuredmedia":[{"embeddable":true,"href":"https:\/\/syndicoop.fr\/ufmict\/wp-json\/wp\/v2\/media\/197"}],"wp:attachment":[{"href":"https:\/\/syndicoop.fr\/ufmict\/wp-json\/wp\/v2\/media?parent=193"}],"wp:term":[{"taxonomy":"category","embeddable":true,"href":"https:\/\/syndicoop.fr\/ufmict\/wp-json\/wp\/v2\/categories?post=193"},{"taxonomy":"post_tag","embeddable":true,"href":"https:\/\/syndicoop.fr\/ufmict\/wp-json\/wp\/v2\/tags?post=193"}],"curies":[{"name":"wp","href":"https:\/\/api.w.org\/{rel}","templated":true}]}}