{"id":205,"date":"2020-06-19T16:56:45","date_gmt":"2020-06-19T14:56:45","guid":{"rendered":"https:\/\/syndicoop.fr\/ufmict\/?p=205"},"modified":"2022-07-05T11:35:23","modified_gmt":"2022-07-05T09:35:23","slug":"psychologues-en-colere-lenfumage-des-concertations-du-segur","status":"publish","type":"post","link":"https:\/\/syndicoop.fr\/ufmict\/psychologues-en-colere-lenfumage-des-concertations-du-segur\/","title":{"rendered":"Psychologues en col\u00e8re : L&rsquo;enfumage des concertations du S\u00e9gur"},"content":{"rendered":"<div class=\"page\" title=\"Page 1\">\n<div class=\"section\">\n<div class=\"layoutArea\">\n<div class=\"column\">\n<p>Communique\u0301 du collectif national des psychologues UFMICT-CGT<\/p>\n<\/div>\n<\/div>\n<\/div>\n<\/div>\n<h4>Ces concertations du nom de la rue du minist\u00e8re de la sant\u00e9 se d\u00e9roulent sous le sceau de la concertation sans aucun mandat de n\u00e9gociation et s&rsquo;ach\u00e8veront d\u00e9but juillet.<\/h4>\n<h4>Les repr\u00e9sentants CGT portent nos revendications connues depuis longtemps par le minist\u00e8re qui ne fait que tergiverser de gouvernement en gouvernement.<\/h4>\n<p>La profession est tr\u00e8s majoritairement f\u00e9minine (\u00e0 86%) et, dans la FPH, pr\u00e9caris\u00e9e \u00e0 plus de 60% et elle subit un d\u00e9crochage salarial majeur depuis 1992.<\/p>\n<p>La politique gestionnaire conduit \u00e0 recruter essentiellement des temps incomplets pour contraindre les psychologues \u00e0 compl\u00e9ter leurs revenus par une activit\u00e9 lib\u00e9rale.<\/p>\n<p>En cons\u00e9quence, une partie des fonctions li\u00e9es au statut ne peuvent \u00eatre pleinement mises en \u0153uvre, notamment la fonction institutionnelle et la fonction formation information et recherche.<\/p>\n<p>La formation pour l\u2019obtention du titre de psychologue n\u00e9cessite une licence et un master en psychologie. Depuis la masterisation des dipl\u00f4mes en 2004, le master rel\u00e8ve du second cycle universitaire alors qu&rsquo;auparavant le dipl\u00f4me pour l&rsquo;obtention du titre (DESS) \u00e9tait de 3\u00e8me cycle.<\/p>\n<p>Actuellement nous revendiquons :<\/p>\n<ul>\n<li>Une formation de niveau doctorat professionnel de 3\u00e8me cycle,<\/li>\n<li>une structuration institutionnelle dans les \u00e9tablissements reconnue par d\u00e9cret permettant d&rsquo;\u00e9laborer un v\u00e9ritable projet psychologique dans le cadre du projet d&rsquo;\u00e9tablissement,<\/li>\n<li>une reconnaissance par la s\u00e9curit\u00e9 sociale des diff\u00e9rentes prestations r\u00e9alis\u00e9es par les psychologues,<\/li>\n<li>l&rsquo;acc\u00e8s direct aux psychologues pour tous les citoyens sans prescription m\u00e9dicale,<\/li>\n<li>un salaire de d\u00e9but \u00e0 deux fois le SMIC (1800\u20ac x 2) et un doublement en fin de carri\u00e8re,<\/li>\n<li>la prise de responsabilit\u00e9 de structure et\/ou d&rsquo;\u00e9quipe de soins.<\/li>\n<\/ul>\n<h4>\nLa seule vraie r\u00e9ponse pour d\u00e9crocher un mandat de n\u00e9gociation du premier ministre est la mobilisation massive de la profession aux mardis de la col\u00e8re dont le prochain appel national est le 30 juin. Le suivant sera le jour tr\u00e8s symbolique du 14 juillet.<\/h4>\n<h2>PSYCHOLOGUES EN COLERE BRANDISSEZ VOS REVENDICATIONS<\/h2>\n","protected":false},"excerpt":{"rendered":"<p>Communique\u0301 du collectif national des psychologues UFMICT-CGT Ces concertations du nom de la rue du minist\u00e8re de la sant\u00e9 se d\u00e9roulent sous le sceau de la concertation sans aucun mandat de n\u00e9gociation et s&rsquo;ach\u00e8veront d\u00e9but juillet. Les repr\u00e9sentants CGT portent nos revendications connues depuis longtemps par le minist\u00e8re qui ne fait que tergiverser de gouvernement [&hellip;]<\/p>\n","protected":false},"author":4,"featured_media":206,"comment_status":"open","ping_status":"closed","sticky":false,"template":"","format":"standard","meta":{"_acf_changed":false,"footnotes":""},"categories":[244,175],"tags":[216],"class_list":["post-205","post","type-post","status-publish","format-standard","has-post-thumbnail","hentry","category-psychologue","category-ufmict","tag-psychologue","featuring-alaune","perimetre-psychologues","themes-conditions-de-travail","themes-salaires","themes-sante-professionnels","documents-communiques"],"acf":[],"yoast_head":"<!-- This site is optimized with the Yoast SEO plugin v26.3 - https:\/\/yoast.com\/wordpress\/plugins\/seo\/ -->\n<title>Psychologues en col\u00e8re : L&#039;enfumage des concertations du S\u00e9gur - UFMICT Sant\u00e9 et Action sociale<\/title>\n<meta name=\"robots\" content=\"index, follow, max-snippet:-1, max-image-preview:large, max-video-preview:-1\" \/>\n<link rel=\"canonical\" href=\"https:\/\/syndicoop.fr\/ufmict\/psychologues-en-colere-lenfumage-des-concertations-du-segur\/\" \/>\n<meta property=\"og:locale\" content=\"fr_FR\" \/>\n<meta property=\"og:type\" content=\"article\" \/>\n<meta property=\"og:title\" content=\"Psychologues en col\u00e8re : L&#039;enfumage des concertations du S\u00e9gur - UFMICT Sant\u00e9 et Action sociale\" \/>\n<meta property=\"og:description\" content=\"Communique\u0301 du collectif national des psychologues UFMICT-CGT Ces concertations du nom de la rue du minist\u00e8re de la sant\u00e9 se d\u00e9roulent sous le sceau de la concertation sans aucun mandat de n\u00e9gociation et s&rsquo;ach\u00e8veront d\u00e9but juillet. Les repr\u00e9sentants CGT portent nos revendications connues depuis longtemps par le minist\u00e8re qui ne fait que tergiverser de gouvernement [&hellip;]\" \/>\n<meta property=\"og:url\" content=\"https:\/\/syndicoop.fr\/ufmict\/psychologues-en-colere-lenfumage-des-concertations-du-segur\/\" \/>\n<meta property=\"og:site_name\" content=\"UFMICT Sant\u00e9 et Action sociale\" \/>\n<meta property=\"article:published_time\" content=\"2020-06-19T14:56:45+00:00\" \/>\n<meta property=\"article:modified_time\" content=\"2022-07-05T09:35:23+00:00\" \/>\n<meta property=\"og:image\" content=\"https:\/\/syndicoop.fr\/ufmict\/wp-content\/uploads\/sites\/38\/2020\/06\/maniffumeerouge.jpg\" \/>\n\t<meta property=\"og:image:width\" content=\"2000\" \/>\n\t<meta property=\"og:image:height\" content=\"1400\" \/>\n\t<meta property=\"og:image:type\" content=\"image\/jpeg\" \/>\n<meta name=\"author\" content=\"mhflechard\" \/>\n<meta name=\"twitter:card\" content=\"summary_large_image\" \/>\n<meta name=\"twitter:label1\" content=\"\u00c9crit par\" \/>\n\t<meta name=\"twitter:data1\" content=\"mhflechard\" \/>\n\t<meta name=\"twitter:label2\" content=\"Dur\u00e9e de lecture estim\u00e9e\" \/>\n\t<meta name=\"twitter:data2\" content=\"2 minutes\" \/>\n<script type=\"application\/ld+json\" class=\"yoast-schema-graph\">{\"@context\":\"https:\/\/schema.org\",\"@graph\":[{\"@type\":\"WebPage\",\"@id\":\"https:\/\/syndicoop.fr\/ufmict\/psychologues-en-colere-lenfumage-des-concertations-du-segur\/\",\"url\":\"https:\/\/syndicoop.fr\/ufmict\/psychologues-en-colere-lenfumage-des-concertations-du-segur\/\",\"name\":\"Psychologues en col\u00e8re : L'enfumage des concertations du S\u00e9gur - UFMICT Sant\u00e9 et Action sociale\",\"isPartOf\":{\"@id\":\"https:\/\/syndicoop.fr\/ufmict\/#website\"},\"primaryImageOfPage\":{\"@id\":\"https:\/\/syndicoop.fr\/ufmict\/psychologues-en-colere-lenfumage-des-concertations-du-segur\/#primaryimage\"},\"image\":{\"@id\":\"https:\/\/syndicoop.fr\/ufmict\/psychologues-en-colere-lenfumage-des-concertations-du-segur\/#primaryimage\"},\"thumbnailUrl\":\"https:\/\/syndicoop.fr\/ufmict\/wp-content\/uploads\/sites\/38\/2020\/06\/maniffumeerouge.jpg\",\"datePublished\":\"2020-06-19T14:56:45+00:00\",\"dateModified\":\"2022-07-05T09:35:23+00:00\",\"author\":{\"@id\":\"https:\/\/syndicoop.fr\/ufmict\/#\/schema\/person\/ab5976679b941ce6bc13a9e06da6996c\"},\"breadcrumb\":{\"@id\":\"https:\/\/syndicoop.fr\/ufmict\/psychologues-en-colere-lenfumage-des-concertations-du-segur\/#breadcrumb\"},\"inLanguage\":\"fr-FR\",\"potentialAction\":[{\"@type\":\"ReadAction\",\"target\":[\"https:\/\/syndicoop.fr\/ufmict\/psychologues-en-colere-lenfumage-des-concertations-du-segur\/\"]}]},{\"@type\":\"ImageObject\",\"inLanguage\":\"fr-FR\",\"@id\":\"https:\/\/syndicoop.fr\/ufmict\/psychologues-en-colere-lenfumage-des-concertations-du-segur\/#primaryimage\",\"url\":\"https:\/\/syndicoop.fr\/ufmict\/wp-content\/uploads\/sites\/38\/2020\/06\/maniffumeerouge.jpg\",\"contentUrl\":\"https:\/\/syndicoop.fr\/ufmict\/wp-content\/uploads\/sites\/38\/2020\/06\/maniffumeerouge.jpg\",\"width\":2000,\"height\":1400},{\"@type\":\"BreadcrumbList\",\"@id\":\"https:\/\/syndicoop.fr\/ufmict\/psychologues-en-colere-lenfumage-des-concertations-du-segur\/#breadcrumb\",\"itemListElement\":[{\"@type\":\"ListItem\",\"position\":1,\"name\":\"Accueil\",\"item\":\"https:\/\/syndicoop.fr\/ufmict\/\"},{\"@type\":\"ListItem\",\"position\":2,\"name\":\"Psychologues en col\u00e8re&#160;: L&#8217;enfumage des concertations du S\u00e9gur\"}]},{\"@type\":\"WebSite\",\"@id\":\"https:\/\/syndicoop.fr\/ufmict\/#website\",\"url\":\"https:\/\/syndicoop.fr\/ufmict\/\",\"name\":\"UFMICT Sant\u00e9 et Action sociale\",\"description\":\"Syndicoop - la plateforme syndicale et coop\u00e9rative\",\"potentialAction\":[{\"@type\":\"SearchAction\",\"target\":{\"@type\":\"EntryPoint\",\"urlTemplate\":\"https:\/\/syndicoop.fr\/ufmict\/?s={search_term_string}\"},\"query-input\":{\"@type\":\"PropertyValueSpecification\",\"valueRequired\":true,\"valueName\":\"search_term_string\"}}],\"inLanguage\":\"fr-FR\"},{\"@type\":\"Person\",\"@id\":\"https:\/\/syndicoop.fr\/ufmict\/#\/schema\/person\/ab5976679b941ce6bc13a9e06da6996c\",\"name\":\"mhflechard\",\"image\":{\"@type\":\"ImageObject\",\"inLanguage\":\"fr-FR\",\"@id\":\"https:\/\/syndicoop.fr\/ufmict\/#\/schema\/person\/image\/\",\"url\":\"https:\/\/syndicoop.fr\/ufmict\/wp-content\/wphb-cache\/gravatar\/9bb\/9bb12ac6f28c511534d57086f7974e91x96.jpg\",\"contentUrl\":\"https:\/\/syndicoop.fr\/ufmict\/wp-content\/wphb-cache\/gravatar\/9bb\/9bb12ac6f28c511534d57086f7974e91x96.jpg\",\"caption\":\"mhflechard\"},\"url\":\"https:\/\/syndicoop.fr\/ufmict\/author\/mhflechard\/\"}]}<\/script>\n<!-- \/ Yoast SEO plugin. -->","yoast_head_json":{"title":"Psychologues en col\u00e8re : L'enfumage des concertations du S\u00e9gur - UFMICT Sant\u00e9 et Action sociale","robots":{"index":"index","follow":"follow","max-snippet":"max-snippet:-1","max-image-preview":"max-image-preview:large","max-video-preview":"max-video-preview:-1"},"canonical":"https:\/\/syndicoop.fr\/ufmict\/psychologues-en-colere-lenfumage-des-concertations-du-segur\/","og_locale":"fr_FR","og_type":"article","og_title":"Psychologues en col\u00e8re : L'enfumage des concertations du S\u00e9gur - UFMICT Sant\u00e9 et Action sociale","og_description":"Communique\u0301 du collectif national des psychologues UFMICT-CGT Ces concertations du nom de la rue du minist\u00e8re de la sant\u00e9 se d\u00e9roulent sous le sceau de la concertation sans aucun mandat de n\u00e9gociation et s&rsquo;ach\u00e8veront d\u00e9but juillet. Les repr\u00e9sentants CGT portent nos revendications connues depuis longtemps par le minist\u00e8re qui ne fait que tergiverser de gouvernement [&hellip;]","og_url":"https:\/\/syndicoop.fr\/ufmict\/psychologues-en-colere-lenfumage-des-concertations-du-segur\/","og_site_name":"UFMICT Sant\u00e9 et Action sociale","article_published_time":"2020-06-19T14:56:45+00:00","article_modified_time":"2022-07-05T09:35:23+00:00","og_image":[{"width":2000,"height":1400,"url":"https:\/\/syndicoop.fr\/ufmict\/wp-content\/uploads\/sites\/38\/2020\/06\/maniffumeerouge.jpg","type":"image\/jpeg"}],"author":"mhflechard","twitter_card":"summary_large_image","twitter_misc":{"\u00c9crit par":"mhflechard","Dur\u00e9e de lecture estim\u00e9e":"2 minutes"},"schema":{"@context":"https:\/\/schema.org","@graph":[{"@type":"WebPage","@id":"https:\/\/syndicoop.fr\/ufmict\/psychologues-en-colere-lenfumage-des-concertations-du-segur\/","url":"https:\/\/syndicoop.fr\/ufmict\/psychologues-en-colere-lenfumage-des-concertations-du-segur\/","name":"Psychologues en col\u00e8re : L'enfumage des concertations du S\u00e9gur - UFMICT Sant\u00e9 et Action sociale","isPartOf":{"@id":"https:\/\/syndicoop.fr\/ufmict\/#website"},"primaryImageOfPage":{"@id":"https:\/\/syndicoop.fr\/ufmict\/psychologues-en-colere-lenfumage-des-concertations-du-segur\/#primaryimage"},"image":{"@id":"https:\/\/syndicoop.fr\/ufmict\/psychologues-en-colere-lenfumage-des-concertations-du-segur\/#primaryimage"},"thumbnailUrl":"https:\/\/syndicoop.fr\/ufmict\/wp-content\/uploads\/sites\/38\/2020\/06\/maniffumeerouge.jpg","datePublished":"2020-06-19T14:56:45+00:00","dateModified":"2022-07-05T09:35:23+00:00","author":{"@id":"https:\/\/syndicoop.fr\/ufmict\/#\/schema\/person\/ab5976679b941ce6bc13a9e06da6996c"},"breadcrumb":{"@id":"https:\/\/syndicoop.fr\/ufmict\/psychologues-en-colere-lenfumage-des-concertations-du-segur\/#breadcrumb"},"inLanguage":"fr-FR","potentialAction":[{"@type":"ReadAction","target":["https:\/\/syndicoop.fr\/ufmict\/psychologues-en-colere-lenfumage-des-concertations-du-segur\/"]}]},{"@type":"ImageObject","inLanguage":"fr-FR","@id":"https:\/\/syndicoop.fr\/ufmict\/psychologues-en-colere-lenfumage-des-concertations-du-segur\/#primaryimage","url":"https:\/\/syndicoop.fr\/ufmict\/wp-content\/uploads\/sites\/38\/2020\/06\/maniffumeerouge.jpg","contentUrl":"https:\/\/syndicoop.fr\/ufmict\/wp-content\/uploads\/sites\/38\/2020\/06\/maniffumeerouge.jpg","width":2000,"height":1400},{"@type":"BreadcrumbList","@id":"https:\/\/syndicoop.fr\/ufmict\/psychologues-en-colere-lenfumage-des-concertations-du-segur\/#breadcrumb","itemListElement":[{"@type":"ListItem","position":1,"name":"Accueil","item":"https:\/\/syndicoop.fr\/ufmict\/"},{"@type":"ListItem","position":2,"name":"Psychologues en col\u00e8re&#160;: L&#8217;enfumage des concertations du S\u00e9gur"}]},{"@type":"WebSite","@id":"https:\/\/syndicoop.fr\/ufmict\/#website","url":"https:\/\/syndicoop.fr\/ufmict\/","name":"UFMICT Sant\u00e9 et Action sociale","description":"Syndicoop - la plateforme syndicale et coop\u00e9rative","potentialAction":[{"@type":"SearchAction","target":{"@type":"EntryPoint","urlTemplate":"https:\/\/syndicoop.fr\/ufmict\/?s={search_term_string}"},"query-input":{"@type":"PropertyValueSpecification","valueRequired":true,"valueName":"search_term_string"}}],"inLanguage":"fr-FR"},{"@type":"Person","@id":"https:\/\/syndicoop.fr\/ufmict\/#\/schema\/person\/ab5976679b941ce6bc13a9e06da6996c","name":"mhflechard","image":{"@type":"ImageObject","inLanguage":"fr-FR","@id":"https:\/\/syndicoop.fr\/ufmict\/#\/schema\/person\/image\/","url":"https:\/\/syndicoop.fr\/ufmict\/wp-content\/wphb-cache\/gravatar\/9bb\/9bb12ac6f28c511534d57086f7974e91x96.jpg","contentUrl":"https:\/\/syndicoop.fr\/ufmict\/wp-content\/wphb-cache\/gravatar\/9bb\/9bb12ac6f28c511534d57086f7974e91x96.jpg","caption":"mhflechard"},"url":"https:\/\/syndicoop.fr\/ufmict\/author\/mhflechard\/"}]}},"_links":{"self":[{"href":"https:\/\/syndicoop.fr\/ufmict\/wp-json\/wp\/v2\/posts\/205","targetHints":{"allow":["GET"]}}],"collection":[{"href":"https:\/\/syndicoop.fr\/ufmict\/wp-json\/wp\/v2\/posts"}],"about":[{"href":"https:\/\/syndicoop.fr\/ufmict\/wp-json\/wp\/v2\/types\/post"}],"author":[{"embeddable":true,"href":"https:\/\/syndicoop.fr\/ufmict\/wp-json\/wp\/v2\/users\/4"}],"replies":[{"embeddable":true,"href":"https:\/\/syndicoop.fr\/ufmict\/wp-json\/wp\/v2\/comments?post=205"}],"version-history":[{"count":0,"href":"https:\/\/syndicoop.fr\/ufmict\/wp-json\/wp\/v2\/posts\/205\/revisions"}],"wp:featuredmedia":[{"embeddable":true,"href":"https:\/\/syndicoop.fr\/ufmict\/wp-json\/wp\/v2\/media\/206"}],"wp:attachment":[{"href":"https:\/\/syndicoop.fr\/ufmict\/wp-json\/wp\/v2\/media?parent=205"}],"wp:term":[{"taxonomy":"category","embeddable":true,"href":"https:\/\/syndicoop.fr\/ufmict\/wp-json\/wp\/v2\/categories?post=205"},{"taxonomy":"post_tag","embeddable":true,"href":"https:\/\/syndicoop.fr\/ufmict\/wp-json\/wp\/v2\/tags?post=205"}],"curies":[{"name":"wp","href":"https:\/\/api.w.org\/{rel}","templated":true}]}}