{"id":211,"date":"2020-07-20T13:15:36","date_gmt":"2020-07-20T11:15:36","guid":{"rendered":"https:\/\/syndicoop.fr\/ufmict\/?p=211"},"modified":"2020-07-20T13:15:36","modified_gmt":"2020-07-20T11:15:36","slug":"technicien-ne-de-laboratoire-toujours-en-premiere-ligne-et-toujours-mobilise-e-s","status":"publish","type":"post","link":"https:\/\/syndicoop.fr\/ufmict\/technicien-ne-de-laboratoire-toujours-en-premiere-ligne-et-toujours-mobilise-e-s\/","title":{"rendered":"Technicien.ne de laboratoire &#8211; Toujours en premi\u00e8re ligne et toujours mobilis\u00e9.e.s"},"content":{"rendered":"<p><strong>Les Technicien.ne.s de Laboratoire de Biologie M\u00e9dicale font partie int\u00e9grante du parcours de soin du patient.<\/strong> Pour preuve, \u00e0 l&rsquo;h\u00f4pital le diagnostic repose aujourd&rsquo;hui pour pr\u00e8s de 70% sur la biologie m\u00e9dicale.<\/p>\n<h4>\n<strong>Notre profession doit \u00eatre reconsid\u00e9r\u00e9e \u00e0 sa juste valeur.<\/strong><\/h4>\n<p>Rigueur, pr\u00e9cision, responsabilit\u00e9, prise de d\u00e9cision, implication et mise \u00e0 niveau constante sont indispensables au quotidien. Les nouvelles technologies issues de la r\u00e9volution num\u00e9rique et de la miniaturisation sont omnipr\u00e9sentes. La bio-informatique et l\u2019intelligence artificielle modifient le travail ; la ma\u00eetrise des proc\u00e9dures de qualit\u00e9 ou de maintenance des automates exige l\u2019excellence. A ces \u00e9volutions s\u2019ajoutent les cha\u00eenes robotiques \u00e0 cadences soutenues ; elles imposent des rythmes \u00e9lev\u00e9s et un travail toujours dans l\u2019urgence m\u00e9canique, bien loin de l\u2019humain.<br \/>\nLes d\u00e9fis technologiques et num\u00e9riques sont d\u00e9j\u00e0 relev\u00e9s au quotidien par les technicien.ne.s de laboratoire. Elles-ils confirment leur capacit\u00e9 \u00e0 \u00e9voluer, \u00e0 acqu\u00e9rir et ma\u00eetriser les nouvelles comp\u00e9tences.\u2028<strong>La r\u00e9ing\u00e9nierie promise puis arr\u00eat\u00e9e par le minist\u00e8re doit \u00eatre relanc\u00e9e d&rsquo;urgence pour valider et valoriser l\u2019expertise professionnelle au niveau initial Bac +3 et sup\u00e9rieur avec les sp\u00e9cialisations.<\/strong><\/p>\n<p>La p\u00e9nibilit\u00e9 du m\u00e9tier de technicien.ne de laboratoire doit \u00eatre prise en compte dans la Fonction Publique Hospitali\u00e8re comme dans le priv\u00e9. Avec une activit\u00e9 7 jours sur 7, 24 heures sur 24 et un travail dans un environnement chimique, physique et biologique dangereux les conditions de travail d\u00e9gradent la sant\u00e9 et r\u00e9duisent l\u2019esp\u00e9rance de vie des salari\u00e9s.<br \/>\n<strong>La reconnaissance par la cat\u00e9gorie active dans le public et son \u00e9quivalent dans le priv\u00e9 est plus que m\u00e9rit\u00e9e !<\/strong><\/p>\n<p>&nbsp;<\/p>\n<h2>Nos Revendications :<\/h2>\n<ul>\n<li>Revalorisation du salaire : d\u00e9but de carri\u00e8re \u00e0 1,8 fois le SMIC et 3,6 fois en fin de carri\u00e8re.<\/li>\n<li>D\u00e9gel du point d\u2019indice dans la fonction publique hospitali\u00e8re.<\/li>\n<li>Reconnaissance du degr\u00e9 de qualification \u00e0 un niveau licence et acc\u00e8s aux formations de ni- \u2028veau master pour tous.<\/li>\n<li>Reconnaissance de la p\u00e9nibilit\u00e9 de la profession au niveau de l&rsquo;exposition aux risques multiples par le droit \u00e0 un d\u00e9part anticip\u00e9 \u00e0 la retraite \u00e0 55 ans \u00e0 taux plein.<\/li>\n<li>Reconnaissance salariale des responsabilit\u00e9s assur\u00e9es, des comp\u00e9tences acquises et maintien du niveau de comp\u00e9tence par la formation de haut niveau, qualifiante et dipl\u00f4mante tout au \u2028long de la carri\u00e8re.<\/li>\n<li>Renforcement des effectifs avec p\u00e9rennisation pour garantir le respect de l\u2019\u00e9quilibre entre vie \u2028priv\u00e9e et vie professionnelle et la protection de la sant\u00e9 des salari\u00e9s.<\/li>\n<li>Suppression de la T2A au laboratoire comme dans tout l\u2019h\u00f4pital public.<\/li>\n<\/ul>\n<h2>\nMerci \u00e0 tous le personnel de laboratoire de biologie m\u00e9dicale pour leur \u2028engagement au quotidien essentiel durant la crise sanitaire<\/h2>\n<h2>Gagnons ensemble la reconnaissance !<\/h2>\n","protected":false},"excerpt":{"rendered":"<p>Les Technicien.ne.s de Laboratoire de Biologie M\u00e9dicale font partie int\u00e9grante du parcours de soin du patient. Pour preuve, \u00e0 l&rsquo;h\u00f4pital le diagnostic repose aujourd&rsquo;hui pour pr\u00e8s de 70% sur la biologie m\u00e9dicale. Notre profession doit \u00eatre reconsid\u00e9r\u00e9e \u00e0 sa juste valeur. Rigueur, pr\u00e9cision, responsabilit\u00e9, prise de d\u00e9cision, implication et mise \u00e0 niveau constante sont indispensables [&hellip;]<\/p>\n","protected":false},"author":4,"featured_media":107,"comment_status":"open","ping_status":"closed","sticky":false,"template":"","format":"standard","meta":{"_acf_changed":false,"footnotes":""},"categories":[175],"tags":[221],"class_list":["post-211","post","type-post","status-publish","format-standard","has-post-thumbnail","hentry","category-ufmict","tag-labo","featuring-alaune","perimetre-personnels-medico-techniques","themes-conditions-de-travail","documents-tracts"],"acf":[],"yoast_head":"<!-- This site is optimized with the Yoast SEO plugin v26.3 - https:\/\/yoast.com\/wordpress\/plugins\/seo\/ -->\n<title>Technicien.ne de laboratoire - Toujours en premi\u00e8re ligne et toujours mobilis\u00e9.e.s - UFMICT Sant\u00e9 et Action sociale<\/title>\n<meta name=\"robots\" content=\"index, follow, max-snippet:-1, max-image-preview:large, max-video-preview:-1\" \/>\n<link rel=\"canonical\" href=\"https:\/\/syndicoop.fr\/ufmict\/technicien-ne-de-laboratoire-toujours-en-premiere-ligne-et-toujours-mobilise-e-s\/\" \/>\n<meta property=\"og:locale\" content=\"fr_FR\" \/>\n<meta property=\"og:type\" content=\"article\" \/>\n<meta property=\"og:title\" content=\"Technicien.ne de laboratoire - Toujours en premi\u00e8re ligne et toujours mobilis\u00e9.e.s - UFMICT Sant\u00e9 et Action sociale\" \/>\n<meta property=\"og:description\" content=\"Les Technicien.ne.s de Laboratoire de Biologie M\u00e9dicale font partie int\u00e9grante du parcours de soin du patient. Pour preuve, \u00e0 l&rsquo;h\u00f4pital le diagnostic repose aujourd&rsquo;hui pour pr\u00e8s de 70% sur la biologie m\u00e9dicale. Notre profession doit \u00eatre reconsid\u00e9r\u00e9e \u00e0 sa juste valeur. Rigueur, pr\u00e9cision, responsabilit\u00e9, prise de d\u00e9cision, implication et mise \u00e0 niveau constante sont indispensables [&hellip;]\" \/>\n<meta property=\"og:url\" content=\"https:\/\/syndicoop.fr\/ufmict\/technicien-ne-de-laboratoire-toujours-en-premiere-ligne-et-toujours-mobilise-e-s\/\" \/>\n<meta property=\"og:site_name\" content=\"UFMICT Sant\u00e9 et Action sociale\" \/>\n<meta property=\"article:published_time\" content=\"2020-07-20T11:15:36+00:00\" \/>\n<meta property=\"og:image\" content=\"https:\/\/syndicoop.fr\/ufmict\/wp-content\/uploads\/sites\/38\/2020\/02\/pt70ct6matq.jpg\" \/>\n\t<meta property=\"og:image:width\" content=\"1600\" \/>\n\t<meta property=\"og:image:height\" content=\"1060\" \/>\n\t<meta property=\"og:image:type\" content=\"image\/jpeg\" \/>\n<meta name=\"author\" content=\"mhflechard\" \/>\n<meta name=\"twitter:card\" content=\"summary_large_image\" \/>\n<meta name=\"twitter:label1\" content=\"\u00c9crit par\" \/>\n\t<meta name=\"twitter:data1\" content=\"mhflechard\" \/>\n\t<meta name=\"twitter:label2\" content=\"Dur\u00e9e de lecture estim\u00e9e\" \/>\n\t<meta name=\"twitter:data2\" content=\"2 minutes\" \/>\n<script type=\"application\/ld+json\" class=\"yoast-schema-graph\">{\"@context\":\"https:\/\/schema.org\",\"@graph\":[{\"@type\":\"WebPage\",\"@id\":\"https:\/\/syndicoop.fr\/ufmict\/technicien-ne-de-laboratoire-toujours-en-premiere-ligne-et-toujours-mobilise-e-s\/\",\"url\":\"https:\/\/syndicoop.fr\/ufmict\/technicien-ne-de-laboratoire-toujours-en-premiere-ligne-et-toujours-mobilise-e-s\/\",\"name\":\"Technicien.ne de laboratoire - Toujours en premi\u00e8re ligne et toujours mobilis\u00e9.e.s - UFMICT Sant\u00e9 et Action sociale\",\"isPartOf\":{\"@id\":\"https:\/\/syndicoop.fr\/ufmict\/#website\"},\"primaryImageOfPage\":{\"@id\":\"https:\/\/syndicoop.fr\/ufmict\/technicien-ne-de-laboratoire-toujours-en-premiere-ligne-et-toujours-mobilise-e-s\/#primaryimage\"},\"image\":{\"@id\":\"https:\/\/syndicoop.fr\/ufmict\/technicien-ne-de-laboratoire-toujours-en-premiere-ligne-et-toujours-mobilise-e-s\/#primaryimage\"},\"thumbnailUrl\":\"https:\/\/syndicoop.fr\/ufmict\/wp-content\/uploads\/sites\/38\/2020\/02\/pt70ct6matq.jpg\",\"datePublished\":\"2020-07-20T11:15:36+00:00\",\"author\":{\"@id\":\"https:\/\/syndicoop.fr\/ufmict\/#\/schema\/person\/ab5976679b941ce6bc13a9e06da6996c\"},\"breadcrumb\":{\"@id\":\"https:\/\/syndicoop.fr\/ufmict\/technicien-ne-de-laboratoire-toujours-en-premiere-ligne-et-toujours-mobilise-e-s\/#breadcrumb\"},\"inLanguage\":\"fr-FR\",\"potentialAction\":[{\"@type\":\"ReadAction\",\"target\":[\"https:\/\/syndicoop.fr\/ufmict\/technicien-ne-de-laboratoire-toujours-en-premiere-ligne-et-toujours-mobilise-e-s\/\"]}]},{\"@type\":\"ImageObject\",\"inLanguage\":\"fr-FR\",\"@id\":\"https:\/\/syndicoop.fr\/ufmict\/technicien-ne-de-laboratoire-toujours-en-premiere-ligne-et-toujours-mobilise-e-s\/#primaryimage\",\"url\":\"https:\/\/syndicoop.fr\/ufmict\/wp-content\/uploads\/sites\/38\/2020\/02\/pt70ct6matq.jpg\",\"contentUrl\":\"https:\/\/syndicoop.fr\/ufmict\/wp-content\/uploads\/sites\/38\/2020\/02\/pt70ct6matq.jpg\",\"width\":1600,\"height\":1060},{\"@type\":\"BreadcrumbList\",\"@id\":\"https:\/\/syndicoop.fr\/ufmict\/technicien-ne-de-laboratoire-toujours-en-premiere-ligne-et-toujours-mobilise-e-s\/#breadcrumb\",\"itemListElement\":[{\"@type\":\"ListItem\",\"position\":1,\"name\":\"Accueil\",\"item\":\"https:\/\/syndicoop.fr\/ufmict\/\"},{\"@type\":\"ListItem\",\"position\":2,\"name\":\"Technicien.ne de laboratoire &#8211; Toujours en premi\u00e8re ligne et toujours mobilis\u00e9.e.s\"}]},{\"@type\":\"WebSite\",\"@id\":\"https:\/\/syndicoop.fr\/ufmict\/#website\",\"url\":\"https:\/\/syndicoop.fr\/ufmict\/\",\"name\":\"UFMICT Sant\u00e9 et Action sociale\",\"description\":\"Syndicoop - la plateforme syndicale et coop\u00e9rative\",\"potentialAction\":[{\"@type\":\"SearchAction\",\"target\":{\"@type\":\"EntryPoint\",\"urlTemplate\":\"https:\/\/syndicoop.fr\/ufmict\/?s={search_term_string}\"},\"query-input\":{\"@type\":\"PropertyValueSpecification\",\"valueRequired\":true,\"valueName\":\"search_term_string\"}}],\"inLanguage\":\"fr-FR\"},{\"@type\":\"Person\",\"@id\":\"https:\/\/syndicoop.fr\/ufmict\/#\/schema\/person\/ab5976679b941ce6bc13a9e06da6996c\",\"name\":\"mhflechard\",\"image\":{\"@type\":\"ImageObject\",\"inLanguage\":\"fr-FR\",\"@id\":\"https:\/\/syndicoop.fr\/ufmict\/#\/schema\/person\/image\/\",\"url\":\"https:\/\/syndicoop.fr\/ufmict\/wp-content\/wphb-cache\/gravatar\/9bb\/9bb12ac6f28c511534d57086f7974e91x96.jpg\",\"contentUrl\":\"https:\/\/syndicoop.fr\/ufmict\/wp-content\/wphb-cache\/gravatar\/9bb\/9bb12ac6f28c511534d57086f7974e91x96.jpg\",\"caption\":\"mhflechard\"},\"url\":\"https:\/\/syndicoop.fr\/ufmict\/author\/mhflechard\/\"}]}<\/script>\n<!-- \/ Yoast SEO plugin. -->","yoast_head_json":{"title":"Technicien.ne de laboratoire - Toujours en premi\u00e8re ligne et toujours mobilis\u00e9.e.s - UFMICT Sant\u00e9 et Action sociale","robots":{"index":"index","follow":"follow","max-snippet":"max-snippet:-1","max-image-preview":"max-image-preview:large","max-video-preview":"max-video-preview:-1"},"canonical":"https:\/\/syndicoop.fr\/ufmict\/technicien-ne-de-laboratoire-toujours-en-premiere-ligne-et-toujours-mobilise-e-s\/","og_locale":"fr_FR","og_type":"article","og_title":"Technicien.ne de laboratoire - Toujours en premi\u00e8re ligne et toujours mobilis\u00e9.e.s - UFMICT Sant\u00e9 et Action sociale","og_description":"Les Technicien.ne.s de Laboratoire de Biologie M\u00e9dicale font partie int\u00e9grante du parcours de soin du patient. Pour preuve, \u00e0 l&rsquo;h\u00f4pital le diagnostic repose aujourd&rsquo;hui pour pr\u00e8s de 70% sur la biologie m\u00e9dicale. Notre profession doit \u00eatre reconsid\u00e9r\u00e9e \u00e0 sa juste valeur. Rigueur, pr\u00e9cision, responsabilit\u00e9, prise de d\u00e9cision, implication et mise \u00e0 niveau constante sont indispensables [&hellip;]","og_url":"https:\/\/syndicoop.fr\/ufmict\/technicien-ne-de-laboratoire-toujours-en-premiere-ligne-et-toujours-mobilise-e-s\/","og_site_name":"UFMICT Sant\u00e9 et Action sociale","article_published_time":"2020-07-20T11:15:36+00:00","og_image":[{"width":1600,"height":1060,"url":"https:\/\/syndicoop.fr\/ufmict\/wp-content\/uploads\/sites\/38\/2020\/02\/pt70ct6matq.jpg","type":"image\/jpeg"}],"author":"mhflechard","twitter_card":"summary_large_image","twitter_misc":{"\u00c9crit par":"mhflechard","Dur\u00e9e de lecture estim\u00e9e":"2 minutes"},"schema":{"@context":"https:\/\/schema.org","@graph":[{"@type":"WebPage","@id":"https:\/\/syndicoop.fr\/ufmict\/technicien-ne-de-laboratoire-toujours-en-premiere-ligne-et-toujours-mobilise-e-s\/","url":"https:\/\/syndicoop.fr\/ufmict\/technicien-ne-de-laboratoire-toujours-en-premiere-ligne-et-toujours-mobilise-e-s\/","name":"Technicien.ne de laboratoire - Toujours en premi\u00e8re ligne et toujours mobilis\u00e9.e.s - UFMICT Sant\u00e9 et Action sociale","isPartOf":{"@id":"https:\/\/syndicoop.fr\/ufmict\/#website"},"primaryImageOfPage":{"@id":"https:\/\/syndicoop.fr\/ufmict\/technicien-ne-de-laboratoire-toujours-en-premiere-ligne-et-toujours-mobilise-e-s\/#primaryimage"},"image":{"@id":"https:\/\/syndicoop.fr\/ufmict\/technicien-ne-de-laboratoire-toujours-en-premiere-ligne-et-toujours-mobilise-e-s\/#primaryimage"},"thumbnailUrl":"https:\/\/syndicoop.fr\/ufmict\/wp-content\/uploads\/sites\/38\/2020\/02\/pt70ct6matq.jpg","datePublished":"2020-07-20T11:15:36+00:00","author":{"@id":"https:\/\/syndicoop.fr\/ufmict\/#\/schema\/person\/ab5976679b941ce6bc13a9e06da6996c"},"breadcrumb":{"@id":"https:\/\/syndicoop.fr\/ufmict\/technicien-ne-de-laboratoire-toujours-en-premiere-ligne-et-toujours-mobilise-e-s\/#breadcrumb"},"inLanguage":"fr-FR","potentialAction":[{"@type":"ReadAction","target":["https:\/\/syndicoop.fr\/ufmict\/technicien-ne-de-laboratoire-toujours-en-premiere-ligne-et-toujours-mobilise-e-s\/"]}]},{"@type":"ImageObject","inLanguage":"fr-FR","@id":"https:\/\/syndicoop.fr\/ufmict\/technicien-ne-de-laboratoire-toujours-en-premiere-ligne-et-toujours-mobilise-e-s\/#primaryimage","url":"https:\/\/syndicoop.fr\/ufmict\/wp-content\/uploads\/sites\/38\/2020\/02\/pt70ct6matq.jpg","contentUrl":"https:\/\/syndicoop.fr\/ufmict\/wp-content\/uploads\/sites\/38\/2020\/02\/pt70ct6matq.jpg","width":1600,"height":1060},{"@type":"BreadcrumbList","@id":"https:\/\/syndicoop.fr\/ufmict\/technicien-ne-de-laboratoire-toujours-en-premiere-ligne-et-toujours-mobilise-e-s\/#breadcrumb","itemListElement":[{"@type":"ListItem","position":1,"name":"Accueil","item":"https:\/\/syndicoop.fr\/ufmict\/"},{"@type":"ListItem","position":2,"name":"Technicien.ne de laboratoire &#8211; Toujours en premi\u00e8re ligne et toujours mobilis\u00e9.e.s"}]},{"@type":"WebSite","@id":"https:\/\/syndicoop.fr\/ufmict\/#website","url":"https:\/\/syndicoop.fr\/ufmict\/","name":"UFMICT Sant\u00e9 et Action sociale","description":"Syndicoop - la plateforme syndicale et coop\u00e9rative","potentialAction":[{"@type":"SearchAction","target":{"@type":"EntryPoint","urlTemplate":"https:\/\/syndicoop.fr\/ufmict\/?s={search_term_string}"},"query-input":{"@type":"PropertyValueSpecification","valueRequired":true,"valueName":"search_term_string"}}],"inLanguage":"fr-FR"},{"@type":"Person","@id":"https:\/\/syndicoop.fr\/ufmict\/#\/schema\/person\/ab5976679b941ce6bc13a9e06da6996c","name":"mhflechard","image":{"@type":"ImageObject","inLanguage":"fr-FR","@id":"https:\/\/syndicoop.fr\/ufmict\/#\/schema\/person\/image\/","url":"https:\/\/syndicoop.fr\/ufmict\/wp-content\/wphb-cache\/gravatar\/9bb\/9bb12ac6f28c511534d57086f7974e91x96.jpg","contentUrl":"https:\/\/syndicoop.fr\/ufmict\/wp-content\/wphb-cache\/gravatar\/9bb\/9bb12ac6f28c511534d57086f7974e91x96.jpg","caption":"mhflechard"},"url":"https:\/\/syndicoop.fr\/ufmict\/author\/mhflechard\/"}]}},"_links":{"self":[{"href":"https:\/\/syndicoop.fr\/ufmict\/wp-json\/wp\/v2\/posts\/211","targetHints":{"allow":["GET"]}}],"collection":[{"href":"https:\/\/syndicoop.fr\/ufmict\/wp-json\/wp\/v2\/posts"}],"about":[{"href":"https:\/\/syndicoop.fr\/ufmict\/wp-json\/wp\/v2\/types\/post"}],"author":[{"embeddable":true,"href":"https:\/\/syndicoop.fr\/ufmict\/wp-json\/wp\/v2\/users\/4"}],"replies":[{"embeddable":true,"href":"https:\/\/syndicoop.fr\/ufmict\/wp-json\/wp\/v2\/comments?post=211"}],"version-history":[{"count":0,"href":"https:\/\/syndicoop.fr\/ufmict\/wp-json\/wp\/v2\/posts\/211\/revisions"}],"wp:featuredmedia":[{"embeddable":true,"href":"https:\/\/syndicoop.fr\/ufmict\/wp-json\/wp\/v2\/media\/107"}],"wp:attachment":[{"href":"https:\/\/syndicoop.fr\/ufmict\/wp-json\/wp\/v2\/media?parent=211"}],"wp:term":[{"taxonomy":"category","embeddable":true,"href":"https:\/\/syndicoop.fr\/ufmict\/wp-json\/wp\/v2\/categories?post=211"},{"taxonomy":"post_tag","embeddable":true,"href":"https:\/\/syndicoop.fr\/ufmict\/wp-json\/wp\/v2\/tags?post=211"}],"curies":[{"name":"wp","href":"https:\/\/api.w.org\/{rel}","templated":true}]}}