{"id":241,"date":"2021-03-09T14:49:41","date_gmt":"2021-03-09T13:49:41","guid":{"rendered":"https:\/\/syndicoop.fr\/ufmict\/?p=241"},"modified":"2021-12-09T10:49:21","modified_gmt":"2021-12-09T09:49:21","slug":"appel-a-dissoudre-lordre-des-medecins","status":"publish","type":"post","link":"https:\/\/syndicoop.fr\/ufmict\/appel-a-dissoudre-lordre-des-medecins\/","title":{"rendered":"Appel \u00e0 dissoudre l\u2019ordre des m\u00e9decins"},"content":{"rendered":"<p><strong>Apr\u00e8s le rapport accablant de la Cour des Comptes paru en d\u00e9cembre 2019<\/strong>, l\u2019ordre des m\u00e9decins tente de se justifier et r\u00e9affirme \u00ab\u00a0\u00eatre au service des m\u00e9decins dans l\u2019int\u00e9r\u00eat des patient\u00b7e\u00b7s\u00a0\u00bb. Comme pour l\u2019ensemble des ordres des professions de sant\u00e9, l\u2019ordre des m\u00e9decins se pr\u00e9sente comme indispensable.\u00a0<strong>Qui l\u2019ordre sert-il vraiment\u00a0? Dans l\u2019int\u00e9r\u00eat de qui\u00a0?<\/strong><span id=\"more-5903\"><\/span><!--more--><\/p>\n<p><strong>L\u2019ordre des m\u00e9decins affirme repr\u00e9senter l\u2019ensemble des m\u00e9decins\u00a0<\/strong>et se targue de pouvoir ainsi conseiller les pouvoirs publics. Mais l\u2019unit\u00e9 professionnelle qu\u2019il affiche est L\u2019obligation faite \u00e0 chaque m\u00e9decin de s\u2019y inscrire pour pouvoir travailler conduit l\u2019ordre \u00e0 \u00eatre de fait un\u00a0<strong>syndicat obligatoire<\/strong>. Les m\u00e9decins ne choisissent donc pas d\u2019\u00eatre repr\u00e9sent\u00e9.e.s par l\u2019ordre, ils et elles y sont contraint.e.s. Et encore repr\u00e9sent\u00e9s est un grand mot, puisque la participation aux \u00e9lections d\u00e9partementales est \u00e0 moins de 30\u00a0%. Les autres \u00e9lections sont pyramidales. La d\u00e9mocratie \u00e0 l\u2019ordre n\u2019est donc ni directe ni repr\u00e9sentative. Le rapport de la Cour des Comptes montre bien que sa gouvernance est sociologiquement peu repr\u00e9sentative de l\u2019ensemble des m\u00e9decins en exercice et surtout qu\u2019elle est ferm\u00e9e avec des cumuls de mandats tr\u00e8s fr\u00e9quents. Nous sommes donc en droit de nous demander \u00e0 qui b\u00e9n\u00e9ficient les \u201cconseils\u201d de l\u2019ordre des m\u00e9decins, a fortiori face \u00e0 la d\u00e9sorganisation territoriale des soins de premiers recours mais aussi de second recours, sans parler de la crise majeure que traverse l\u2019h\u00f4pital public. L\u2019ordre a longtemps pris position contre l\u2019exercice collectif de la m\u00e9decine, il fait aujourd\u2019hui preuve d\u2019un silence assourdissant face \u00e0 la privatisation \u00e0 peine masqu\u00e9e de l\u2019h\u00f4pital. Les institutions publiques n\u2019ont visiblement pas besoin de l\u2019ordre pour les \u201cconseiller\u201d et s\u2019int\u00e9ressent plus aux notes de think-tanks lib\u00e9raux qu\u2019aux commissions obscures de l\u2019ordre. Les m\u00e9decins ont toute libert\u00e9 pour adh\u00e9rer \u00e0 des https:\/\/twitter.com\/viedecarabin\/status\/1368824670024253440?s=21 syndicats qui se chargent d\u00e9j\u00e0 de les repr\u00e9senter et de d\u00e9fendre leurs int\u00e9r\u00eats.<\/p>\n<p><strong>L\u2019ordre des m\u00e9decins se pr\u00e9sente comme le garant de la d\u00e9ontologie\u00a0<\/strong>dans le double but de veiller \u00e0 la qualit\u00e9 des soins et de d\u00e9fendre l\u2019ind\u00e9pendance et l\u2019honneur des professionnel-le-s. De quelle qualit\u00e9 des soins parle-t-on lorsque l\u2019ordre des m\u00e9decins conteste le droit \u00e0 l\u2019IVG pour toutes les femmes\u00a0? ou bien lorsqu\u2019il s\u2019oppose au tiers-payant, outil pourtant indispensable \u00e0 un acc\u00e8s aux soins pour toutes et tous\u00a0? Le pr\u00e9sident actuel de l\u2019ordre des m\u00e9decins d\u00e9fend ainsi l\u2019existence des d\u00e9passements d\u2019honoraires (dont il a b\u00e9n\u00e9fici\u00e9 lui-m\u00eame dans son exercice professionnel en Seine St Denis) alors que cette pratique remet explicitement en cause l\u2019\u00e9galit\u00e9 d\u2019acc\u00e8s \u00e0 des soins de qualit\u00e9 pour tou\u00b7te\u00b7s. De quelle ind\u00e9pendance parle-t-on lorsque l\u2019ordre se montre complaisant vis-\u00e0-vis des pratiques corruptives exerc\u00e9es par l\u2019industrie pharmaceutique au profit des m\u00e9decins\u00a0? De quel honneur parle-t-on lorsque l\u2019ordre des m\u00e9decins couvre des soignants violeurs et p\u00e9do- criminels, pourtant d\u00e9nonc\u00e9s par les patient\u00b7e\u00b7s victimes ou leurs proches\u00a0? Le code de d\u00e9ontologie \u00e9tant inscrit dans le code de sant\u00e9 publique, le droit commun peut tout \u00e0 fait en \u00eatre le Les \u00e9volutions pourraient se faire dans un processus concert\u00e9 entre professionnel\u00b7le\u00b7s et usager\u00b7e\u00b7s du syst\u00e8me de sant\u00e9 avec le concours du Comit\u00e9 National d\u2019\u00c9thique, comme ce fut le cas pour les derni\u00e8res lois de bio\u00e9thique.<\/p>\n<p><strong>\u00a0L\u2019ordre des m\u00e9decins met en avant sa capacit\u00e9 de conseil juridique<\/strong>\u00a0lors des d\u00e9marches d\u2019installation, sur les diff\u00e9rents statuts et contrats, alors que d\u2019autres structures telles les Unions R\u00e9gionales des Professionnel\u00b7le\u00b7s de Sant\u00e9, les syndicats ou les plateformes d\u2019installation des ARS sont parfaitement aptes \u00e0 renseigner les m\u00e9decins.<\/p>\n<p><strong>L\u2019ordre souligne sa capacit\u00e9 d\u2019entraide<\/strong>\u00a0pour les professionnel\u00b7le\u00b7s en difficult\u00e9 et \/ou leurs familles gr\u00e2ce \u00e0 des fonds d\u00e9di\u00e9s. Le rapport de la Cour des Comptes montre explicitement que les premiers b\u00e9n\u00e9ficiaires de cette \u201centraide\u201d sont les conseillers ordinaux eux-m\u00eames avec des indemnit\u00e9s pouvant aller jusqu\u2019\u00e0 pr\u00e8s de 10 000\u20ac \/mois bruts pour le pr\u00e9sident national qui exerce cette fonction \u201cb\u00e9n\u00e9volement\u201d\u00a0! L\u2019ordre semble \u00eatre aujourd\u2019hui dans l\u2019incapacit\u00e9 de rendre des comptes clairs et exhaustifs sur son patrimoine, initi\u00e9 par la confiscation des biens des syndicats m\u00e9dicaux en 1940 puis d\u00e9velopp\u00e9 par les cotisations obligatoires des m\u00e9decins. Quelle dr\u00f4le de solidarit\u00e9\u00a0!<\/p>\n<p><strong>L\u2019ordre des m\u00e9decins dit veiller au maintien de la comp\u00e9tence et de la probit\u00e9<\/strong>\u00a0<strong>des m\u00e9decins<\/strong>. En r\u00e9alit\u00e9 il se montre incapable d\u2019identifier les situations probl\u00e9matiques li\u00e9es \u00e0 des praticien\u00b7ne\u00b7s dont l\u2019insuffisance professionnelle ou l\u2019\u00e9tat de sant\u00e9 rendent dangereux l\u2019exercice de la m\u00e9decine. Malgr\u00e9 sa volont\u00e9 affich\u00e9e d\u2019assurer la gestion de la formation continue (DPC), il ne porte \u00e0 ce jour aucun regard sur les obligations l\u00e9gales de formation qui incombent \u00e0 chaque m\u00e9decin. Les inscriptions au tableau valant droit d\u2019exercer pourraient \u00eatre g\u00e9r\u00e9es par le Minist\u00e8re de la sant\u00e9 (via les Agences R\u00e9gionales de Sant\u00e9\u00a0? ou tout autre organisme public\u00a0?) sous forme d\u2019un Ce dernier v\u00e9rifierait alors la validation de la formation initiale puis le contr\u00f4le de l\u2019obligation de la formation continue (possiblement en lien avec l\u2019ANDPC qui agr\u00e9e d\u00e9j\u00e0 la plupart des organismes de formation). Les m\u00e9decins sont des humain\u00b7e\u00b7s comme les autres, c\u2019est pourquoi ils\/elles ont besoin, non pas d\u2019un ordre professionnel, mais d\u2019un v\u00e9ritable service de sant\u00e9 au travail pour les accompagner en cas de diminution de leurs facult\u00e9s physiques et\/ou psychiques.<\/p>\n<p><strong>L\u2019ordre d\u00e9clare \u00e9galement assurer un r\u00f4le d\u2019instance disciplinaire pour les<\/strong>\u00a0<strong>m\u00e9decins\u00a0<\/strong>qui ne respecteraient pas les principes de la d\u00e9ontologie. Mais il s\u2019agit d\u2019une justice d\u2019apparat sans comp\u00e9tence juridique r\u00e9elle. Les jugements sont rendus sans possibilit\u00e9 d\u2019enqu\u00eate, donc sans contr\u00f4ler si les faits sont \u00e9tablis\u00a0! Les chambres de conciliation appliquent un pseudo respect du contradictoire en contrevenant ouvertement au respect du secret m\u00e9dical. Ce qui aboutit d\u2019un c\u00f4t\u00e9 \u00e0 une \u201ctol\u00e9rance\u201d vis-\u00e0-vis de m\u00e9decins ayant commis des actes violents envers des patient\u00b7e\u00b7s et de l\u2019autre c\u00f4t\u00e9 \u00e0 la condamnation des m\u00e9decins qui ont \u00e9tabli un lien entre des pathologies et des conditions de travail, c\u2019est-\u00e0-dire pour avoir utilis\u00e9 leurs comp\u00e9tences m\u00e9dicales et fait leur travail. Cette justice d\u2019exception se fait au d\u00e9triment des int\u00e9r\u00eats publics et des patient\u00b7e\u00b7s\u00a0; elle n\u2019a donc aucune raison d\u2019\u00eatre. Le droit commun (p\u00e9nal et\/ou civil) est parfaitement capable de remplir ces fonctions juridiques \u00e0 condition qu\u2019on lui donne les moyens associ\u00e9s, notamment la possibilit\u00e9 de prononcer des sanctions limitant l\u2019exercice m\u00e9dical. Ces diff\u00e9rents \u00e9l\u00e9ments prouvent l\u2019inutilit\u00e9 de l\u2019ordre puisqu\u2019il se montre incapable de r\u00e9aliser les missions qui lui sont confi\u00e9es (voire qu\u2019il s\u2019est arrog\u00e9es lui-m\u00eame), et qu\u2019il existe d\u00e9j\u00e0 des institutions (ou des organismes publics) pouvant les assurer, sous r\u00e9serve de leur donner les moyens humains et financiers \u00e0 la hauteur. Nous insistons sur le fait que cette institution prot\u00e8ge des professionnel\u00b7le\u00b7s de sant\u00e9 corrompu\u00b7e\u00b7s et maltraitant\u00b7e\u00b7s, tout en maltraitant des usager\u00b7e\u00b7s du syst\u00e8me de soin et des professionnel\u00b7le\u00b7s qui tentent de respecter leur \u00e9thique Les personnes qui ont \u00e0 se plaindre de m\u00e9decins ont donc tout int\u00e9r\u00eat \u00e0 se tourner vers la justice de droit commun et non vers cet apparat de justice qu\u2019agite l\u2019ordre des m\u00e9decins.<\/p>\n<p>&nbsp;<\/p>\n<p><strong><span class=\"encadrement-visible\">Nous demandons donc sa dissolution imm\u00e9diate et appelons l\u2019ensemble des professionnel\u00b7le\u00b7s concern\u00e9\u00b7e\u00b7s et plus largement la soci\u00e9t\u00e9 toute enti\u00e8re \u00e0 s\u2019emparer de ce sujet, car la sant\u00e9 est une question bien trop s\u00e9rieuse pour la confier aux seul\u00b7e\u00b7s m\u00e9decins.<\/span><\/strong><\/p>\n<p>&nbsp;<\/p>\n<div class=\"twitter-tweet twitter-tweet-rendered\"><iframe id=\"twitter-widget-0\" title=\"Twitter Tweet\" data-src=\"https:\/\/platform.twitter.com\/embed\/Tweet.html?creatorScreenName=CGTCadresTechs&amp;dnt=true&amp;embedId=twitter-widget-0&amp;frame=false&amp;hideCard=false&amp;hideThread=false&amp;id=1369200002950721536&amp;lang=fr&amp;origin=https%3A%2F%2Fugictcgt.fr%2Fdissoudre-l-ordre-des-medecins%2F&amp;siteScreenName=CGTCadresTechs&amp;theme=light&amp;widgetsVersion=e1ffbdb%3A1614796141937&amp;width=500px\" frameborder=\"0\" scrolling=\"no\" allowfullscreen=\"allowfullscreen\" data-tweet-id=\"1369200002950721536\" data-mce-fragment=\"1\" src=\"data:image\/svg+xml;base64,PHN2ZyB3aWR0aD0iMSIgaGVpZ2h0PSIxIiB4bWxucz0iaHR0cDovL3d3dy53My5vcmcvMjAwMC9zdmciPjwvc3ZnPg==\" class=\"lazyload\" data-load-mode=\"1\"><\/iframe><\/div>\n<p>&nbsp;<\/p>\n<p>Organisations signataires\u00a0: Syndicat de la M\u00e9decine G\u00e9n\u00e9rale \u2013 Syndicat National des Jeunes M\u00e9decins G\u00e9n\u00e9ralistes \u2013 Mouvement d\u2019Insoumission aux Ordres Professionnels \u2013 Union F\u00e9d\u00e9rale des M\u00e9decins, Ing\u00e9nieurs, Cadres et Techniciens\u2013CGT \u2013 Association Sant\u00e9 et M\u00e9decine du Travail \u2013 Pour Une Meuf \u2013 M\u00e9chandicap\u00e9s \u2013 Stop Violences Obst\u00e9tricales et Gyn\u00e9cologiques \u2013 Touche Pas \u00e0 Mon Intermittente \u2013 Collectif National des Droits Des Femmes \u2013 Marche Mondiale des Femmes de France \u2013 Association LaSant\u00e9UnDroitPourTous \u2013 Coop\u00e9ration Patients \u2013 Les D\u00e9valideuses \u2013 CLE Autisme \u2013 Association europ\u00e9enne contre les Violences faites aux Femmes au Travail \u2013 UGICT CGT \u2013 H\u00e9ro-\u00efnes 95 \u2013 Compagnie Les Attentives \u2013 Globule Noir \u2013 Parents et F\u00e9ministes \u2013 A Nos Corps R\u00e9sistants \u2013 Coordination des Associations pour le Droit \u00e0 l\u2019Avortement et \u00e0 la Contraception \u2013 Coordination Action Autonome Noire \u2013 Le Village 2 Sant\u00e9- Sud Sant\u00e9 Sociaux.<\/p>\n<div class=\"\">\n<div class=\"panel panel-default wow fadeInUp my-2 my-md-6 animated\">\n<div class=\"panel-body\"><\/div>\n<\/div>\n<\/div>\n","protected":false},"excerpt":{"rendered":"<p>Apr\u00e8s le rapport accablant de la Cour des Comptes paru en d\u00e9cembre 2019, l\u2019ordre des m\u00e9decins tente de se justifier et r\u00e9affirme \u00ab\u00a0\u00eatre au service des m\u00e9decins dans l\u2019int\u00e9r\u00eat des patient\u00b7e\u00b7s\u00a0\u00bb. Comme pour l\u2019ensemble des ordres des professions de sant\u00e9, l\u2019ordre des m\u00e9decins se pr\u00e9sente comme indispensable.\u00a0Qui l\u2019ordre sert-il vraiment\u00a0? Dans l\u2019int\u00e9r\u00eat de qui\u00a0?<\/p>\n","protected":false},"author":4,"featured_media":242,"comment_status":"open","ping_status":"closed","sticky":false,"template":"","format":"standard","meta":{"_acf_changed":false,"footnotes":""},"categories":[175],"tags":[183],"class_list":["post-241","post","type-post","status-publish","format-standard","has-post-thumbnail","hentry","category-ufmict","tag-sante-publique","featuring-alaune","themes-sante-professionnels","themes-services-publics","documents-communiques"],"acf":[],"yoast_head":"<!-- This site is optimized with the Yoast SEO plugin v26.3 - https:\/\/yoast.com\/wordpress\/plugins\/seo\/ -->\n<title>Appel \u00e0 dissoudre l\u2019ordre des m\u00e9decins - UFMICT Sant\u00e9 et Action sociale<\/title>\n<meta name=\"robots\" content=\"index, follow, max-snippet:-1, max-image-preview:large, max-video-preview:-1\" \/>\n<link rel=\"canonical\" href=\"https:\/\/syndicoop.fr\/ufmict\/appel-a-dissoudre-lordre-des-medecins\/\" \/>\n<meta property=\"og:locale\" content=\"fr_FR\" \/>\n<meta property=\"og:type\" content=\"article\" \/>\n<meta property=\"og:title\" content=\"Appel \u00e0 dissoudre l\u2019ordre des m\u00e9decins - UFMICT Sant\u00e9 et Action sociale\" \/>\n<meta property=\"og:description\" content=\"Apr\u00e8s le rapport accablant de la Cour des Comptes paru en d\u00e9cembre 2019, l\u2019ordre des m\u00e9decins tente de se justifier et r\u00e9affirme \u00ab\u00a0\u00eatre au service des m\u00e9decins dans l\u2019int\u00e9r\u00eat des patient\u00b7e\u00b7s\u00a0\u00bb. Comme pour l\u2019ensemble des ordres des professions de sant\u00e9, l\u2019ordre des m\u00e9decins se pr\u00e9sente comme indispensable.\u00a0Qui l\u2019ordre sert-il vraiment\u00a0? Dans l\u2019int\u00e9r\u00eat de qui\u00a0?\" \/>\n<meta property=\"og:url\" content=\"https:\/\/syndicoop.fr\/ufmict\/appel-a-dissoudre-lordre-des-medecins\/\" \/>\n<meta property=\"og:site_name\" content=\"UFMICT Sant\u00e9 et Action sociale\" \/>\n<meta property=\"article:published_time\" content=\"2021-03-09T13:49:41+00:00\" \/>\n<meta property=\"article:modified_time\" content=\"2021-12-09T09:49:21+00:00\" \/>\n<meta property=\"og:image\" content=\"https:\/\/syndicoop.fr\/ufmict\/wp-content\/uploads\/sites\/38\/2021\/03\/ordremedecin.jpeg\" \/>\n\t<meta property=\"og:image:width\" content=\"1038\" \/>\n\t<meta property=\"og:image:height\" content=\"576\" \/>\n\t<meta property=\"og:image:type\" content=\"image\/jpeg\" \/>\n<meta name=\"author\" content=\"mhflechard\" \/>\n<meta name=\"twitter:card\" content=\"summary_large_image\" \/>\n<meta name=\"twitter:label1\" content=\"\u00c9crit par\" \/>\n\t<meta name=\"twitter:data1\" content=\"mhflechard\" \/>\n\t<meta name=\"twitter:label2\" content=\"Dur\u00e9e de lecture estim\u00e9e\" \/>\n\t<meta name=\"twitter:data2\" content=\"6 minutes\" \/>\n<script type=\"application\/ld+json\" class=\"yoast-schema-graph\">{\"@context\":\"https:\/\/schema.org\",\"@graph\":[{\"@type\":\"WebPage\",\"@id\":\"https:\/\/syndicoop.fr\/ufmict\/appel-a-dissoudre-lordre-des-medecins\/\",\"url\":\"https:\/\/syndicoop.fr\/ufmict\/appel-a-dissoudre-lordre-des-medecins\/\",\"name\":\"Appel \u00e0 dissoudre l\u2019ordre des m\u00e9decins - UFMICT Sant\u00e9 et Action sociale\",\"isPartOf\":{\"@id\":\"https:\/\/syndicoop.fr\/ufmict\/#website\"},\"primaryImageOfPage\":{\"@id\":\"https:\/\/syndicoop.fr\/ufmict\/appel-a-dissoudre-lordre-des-medecins\/#primaryimage\"},\"image\":{\"@id\":\"https:\/\/syndicoop.fr\/ufmict\/appel-a-dissoudre-lordre-des-medecins\/#primaryimage\"},\"thumbnailUrl\":\"https:\/\/syndicoop.fr\/ufmict\/wp-content\/uploads\/sites\/38\/2021\/03\/ordremedecin.jpeg\",\"datePublished\":\"2021-03-09T13:49:41+00:00\",\"dateModified\":\"2021-12-09T09:49:21+00:00\",\"author\":{\"@id\":\"https:\/\/syndicoop.fr\/ufmict\/#\/schema\/person\/ab5976679b941ce6bc13a9e06da6996c\"},\"breadcrumb\":{\"@id\":\"https:\/\/syndicoop.fr\/ufmict\/appel-a-dissoudre-lordre-des-medecins\/#breadcrumb\"},\"inLanguage\":\"fr-FR\",\"potentialAction\":[{\"@type\":\"ReadAction\",\"target\":[\"https:\/\/syndicoop.fr\/ufmict\/appel-a-dissoudre-lordre-des-medecins\/\"]}]},{\"@type\":\"ImageObject\",\"inLanguage\":\"fr-FR\",\"@id\":\"https:\/\/syndicoop.fr\/ufmict\/appel-a-dissoudre-lordre-des-medecins\/#primaryimage\",\"url\":\"https:\/\/syndicoop.fr\/ufmict\/wp-content\/uploads\/sites\/38\/2021\/03\/ordremedecin.jpeg\",\"contentUrl\":\"https:\/\/syndicoop.fr\/ufmict\/wp-content\/uploads\/sites\/38\/2021\/03\/ordremedecin.jpeg\",\"width\":1038,\"height\":576},{\"@type\":\"BreadcrumbList\",\"@id\":\"https:\/\/syndicoop.fr\/ufmict\/appel-a-dissoudre-lordre-des-medecins\/#breadcrumb\",\"itemListElement\":[{\"@type\":\"ListItem\",\"position\":1,\"name\":\"Accueil\",\"item\":\"https:\/\/syndicoop.fr\/ufmict\/\"},{\"@type\":\"ListItem\",\"position\":2,\"name\":\"Appel \u00e0 dissoudre l\u2019ordre des m\u00e9decins\"}]},{\"@type\":\"WebSite\",\"@id\":\"https:\/\/syndicoop.fr\/ufmict\/#website\",\"url\":\"https:\/\/syndicoop.fr\/ufmict\/\",\"name\":\"UFMICT Sant\u00e9 et Action sociale\",\"description\":\"Syndicoop - la plateforme syndicale et coop\u00e9rative\",\"potentialAction\":[{\"@type\":\"SearchAction\",\"target\":{\"@type\":\"EntryPoint\",\"urlTemplate\":\"https:\/\/syndicoop.fr\/ufmict\/?s={search_term_string}\"},\"query-input\":{\"@type\":\"PropertyValueSpecification\",\"valueRequired\":true,\"valueName\":\"search_term_string\"}}],\"inLanguage\":\"fr-FR\"},{\"@type\":\"Person\",\"@id\":\"https:\/\/syndicoop.fr\/ufmict\/#\/schema\/person\/ab5976679b941ce6bc13a9e06da6996c\",\"name\":\"mhflechard\",\"image\":{\"@type\":\"ImageObject\",\"inLanguage\":\"fr-FR\",\"@id\":\"https:\/\/syndicoop.fr\/ufmict\/#\/schema\/person\/image\/\",\"url\":\"https:\/\/syndicoop.fr\/ufmict\/wp-content\/wphb-cache\/gravatar\/9bb\/9bb12ac6f28c511534d57086f7974e91x96.jpg\",\"contentUrl\":\"https:\/\/syndicoop.fr\/ufmict\/wp-content\/wphb-cache\/gravatar\/9bb\/9bb12ac6f28c511534d57086f7974e91x96.jpg\",\"caption\":\"mhflechard\"},\"url\":\"https:\/\/syndicoop.fr\/ufmict\/author\/mhflechard\/\"}]}<\/script>\n<!-- \/ Yoast SEO plugin. -->","yoast_head_json":{"title":"Appel \u00e0 dissoudre l\u2019ordre des m\u00e9decins - UFMICT Sant\u00e9 et Action sociale","robots":{"index":"index","follow":"follow","max-snippet":"max-snippet:-1","max-image-preview":"max-image-preview:large","max-video-preview":"max-video-preview:-1"},"canonical":"https:\/\/syndicoop.fr\/ufmict\/appel-a-dissoudre-lordre-des-medecins\/","og_locale":"fr_FR","og_type":"article","og_title":"Appel \u00e0 dissoudre l\u2019ordre des m\u00e9decins - UFMICT Sant\u00e9 et Action sociale","og_description":"Apr\u00e8s le rapport accablant de la Cour des Comptes paru en d\u00e9cembre 2019, l\u2019ordre des m\u00e9decins tente de se justifier et r\u00e9affirme \u00ab\u00a0\u00eatre au service des m\u00e9decins dans l\u2019int\u00e9r\u00eat des patient\u00b7e\u00b7s\u00a0\u00bb. Comme pour l\u2019ensemble des ordres des professions de sant\u00e9, l\u2019ordre des m\u00e9decins se pr\u00e9sente comme indispensable.\u00a0Qui l\u2019ordre sert-il vraiment\u00a0? Dans l\u2019int\u00e9r\u00eat de qui\u00a0?","og_url":"https:\/\/syndicoop.fr\/ufmict\/appel-a-dissoudre-lordre-des-medecins\/","og_site_name":"UFMICT Sant\u00e9 et Action sociale","article_published_time":"2021-03-09T13:49:41+00:00","article_modified_time":"2021-12-09T09:49:21+00:00","og_image":[{"width":1038,"height":576,"url":"https:\/\/syndicoop.fr\/ufmict\/wp-content\/uploads\/sites\/38\/2021\/03\/ordremedecin.jpeg","type":"image\/jpeg"}],"author":"mhflechard","twitter_card":"summary_large_image","twitter_misc":{"\u00c9crit par":"mhflechard","Dur\u00e9e de lecture estim\u00e9e":"6 minutes"},"schema":{"@context":"https:\/\/schema.org","@graph":[{"@type":"WebPage","@id":"https:\/\/syndicoop.fr\/ufmict\/appel-a-dissoudre-lordre-des-medecins\/","url":"https:\/\/syndicoop.fr\/ufmict\/appel-a-dissoudre-lordre-des-medecins\/","name":"Appel \u00e0 dissoudre l\u2019ordre des m\u00e9decins - UFMICT Sant\u00e9 et Action sociale","isPartOf":{"@id":"https:\/\/syndicoop.fr\/ufmict\/#website"},"primaryImageOfPage":{"@id":"https:\/\/syndicoop.fr\/ufmict\/appel-a-dissoudre-lordre-des-medecins\/#primaryimage"},"image":{"@id":"https:\/\/syndicoop.fr\/ufmict\/appel-a-dissoudre-lordre-des-medecins\/#primaryimage"},"thumbnailUrl":"https:\/\/syndicoop.fr\/ufmict\/wp-content\/uploads\/sites\/38\/2021\/03\/ordremedecin.jpeg","datePublished":"2021-03-09T13:49:41+00:00","dateModified":"2021-12-09T09:49:21+00:00","author":{"@id":"https:\/\/syndicoop.fr\/ufmict\/#\/schema\/person\/ab5976679b941ce6bc13a9e06da6996c"},"breadcrumb":{"@id":"https:\/\/syndicoop.fr\/ufmict\/appel-a-dissoudre-lordre-des-medecins\/#breadcrumb"},"inLanguage":"fr-FR","potentialAction":[{"@type":"ReadAction","target":["https:\/\/syndicoop.fr\/ufmict\/appel-a-dissoudre-lordre-des-medecins\/"]}]},{"@type":"ImageObject","inLanguage":"fr-FR","@id":"https:\/\/syndicoop.fr\/ufmict\/appel-a-dissoudre-lordre-des-medecins\/#primaryimage","url":"https:\/\/syndicoop.fr\/ufmict\/wp-content\/uploads\/sites\/38\/2021\/03\/ordremedecin.jpeg","contentUrl":"https:\/\/syndicoop.fr\/ufmict\/wp-content\/uploads\/sites\/38\/2021\/03\/ordremedecin.jpeg","width":1038,"height":576},{"@type":"BreadcrumbList","@id":"https:\/\/syndicoop.fr\/ufmict\/appel-a-dissoudre-lordre-des-medecins\/#breadcrumb","itemListElement":[{"@type":"ListItem","position":1,"name":"Accueil","item":"https:\/\/syndicoop.fr\/ufmict\/"},{"@type":"ListItem","position":2,"name":"Appel \u00e0 dissoudre l\u2019ordre des m\u00e9decins"}]},{"@type":"WebSite","@id":"https:\/\/syndicoop.fr\/ufmict\/#website","url":"https:\/\/syndicoop.fr\/ufmict\/","name":"UFMICT Sant\u00e9 et Action sociale","description":"Syndicoop - la plateforme syndicale et coop\u00e9rative","potentialAction":[{"@type":"SearchAction","target":{"@type":"EntryPoint","urlTemplate":"https:\/\/syndicoop.fr\/ufmict\/?s={search_term_string}"},"query-input":{"@type":"PropertyValueSpecification","valueRequired":true,"valueName":"search_term_string"}}],"inLanguage":"fr-FR"},{"@type":"Person","@id":"https:\/\/syndicoop.fr\/ufmict\/#\/schema\/person\/ab5976679b941ce6bc13a9e06da6996c","name":"mhflechard","image":{"@type":"ImageObject","inLanguage":"fr-FR","@id":"https:\/\/syndicoop.fr\/ufmict\/#\/schema\/person\/image\/","url":"https:\/\/syndicoop.fr\/ufmict\/wp-content\/wphb-cache\/gravatar\/9bb\/9bb12ac6f28c511534d57086f7974e91x96.jpg","contentUrl":"https:\/\/syndicoop.fr\/ufmict\/wp-content\/wphb-cache\/gravatar\/9bb\/9bb12ac6f28c511534d57086f7974e91x96.jpg","caption":"mhflechard"},"url":"https:\/\/syndicoop.fr\/ufmict\/author\/mhflechard\/"}]}},"_links":{"self":[{"href":"https:\/\/syndicoop.fr\/ufmict\/wp-json\/wp\/v2\/posts\/241","targetHints":{"allow":["GET"]}}],"collection":[{"href":"https:\/\/syndicoop.fr\/ufmict\/wp-json\/wp\/v2\/posts"}],"about":[{"href":"https:\/\/syndicoop.fr\/ufmict\/wp-json\/wp\/v2\/types\/post"}],"author":[{"embeddable":true,"href":"https:\/\/syndicoop.fr\/ufmict\/wp-json\/wp\/v2\/users\/4"}],"replies":[{"embeddable":true,"href":"https:\/\/syndicoop.fr\/ufmict\/wp-json\/wp\/v2\/comments?post=241"}],"version-history":[{"count":0,"href":"https:\/\/syndicoop.fr\/ufmict\/wp-json\/wp\/v2\/posts\/241\/revisions"}],"wp:featuredmedia":[{"embeddable":true,"href":"https:\/\/syndicoop.fr\/ufmict\/wp-json\/wp\/v2\/media\/242"}],"wp:attachment":[{"href":"https:\/\/syndicoop.fr\/ufmict\/wp-json\/wp\/v2\/media?parent=241"}],"wp:term":[{"taxonomy":"category","embeddable":true,"href":"https:\/\/syndicoop.fr\/ufmict\/wp-json\/wp\/v2\/categories?post=241"},{"taxonomy":"post_tag","embeddable":true,"href":"https:\/\/syndicoop.fr\/ufmict\/wp-json\/wp\/v2\/tags?post=241"}],"curies":[{"name":"wp","href":"https:\/\/api.w.org\/{rel}","templated":true}]}}