{"id":269,"date":"2022-02-18T15:48:11","date_gmt":"2022-02-18T14:48:11","guid":{"rendered":"https:\/\/syndicoop.fr\/ufmict\/?p=269"},"modified":"2022-06-29T14:07:03","modified_gmt":"2022-06-29T12:07:03","slug":"lufmict-appelle-a-la-greve-nationale-des-merm-le-15-mars-2022-ensemble-devant-le-ministere","status":"publish","type":"post","link":"https:\/\/syndicoop.fr\/ufmict\/lufmict-appelle-a-la-greve-nationale-des-merm-le-15-mars-2022-ensemble-devant-le-ministere\/","title":{"rendered":"L&rsquo;UFMICT appelle \u00e0 la gr\u00e8ve nationale des MERM le 15 mars 2022 &#8211; Ensemble devant le minist\u00e8re"},"content":{"rendered":"<div class=\"page\" title=\"Page 1\">\n<div class=\"section\">\n<div class=\"layoutArea\">\n<div class=\"column\">\n<p>Les MERM sont plus de\u0301termine\u0301s que jamais !<\/p>\n<p>Mobilise\u0301s en 2019 et 2020 pour de\u0301fendre leur profession, ces maillons essentiels de la premie\u0300re ligne face a\u0300 la pande\u0301mie de la Covid 19 se mobilisent de nouveau en 2022.<\/p>\n<p>Les 5 000 courriers envoye\u0301s a\u0300 M. Ve\u0301ran, les deux demandes de rendez-vous au Ministe\u0300re faites par l&rsquo;UFMICT-CGT et le rapport IGAS inscrit sous le n\u00b02020-063R n&rsquo;ont obtenu aucune re\u0301ponse.<\/p>\n<h3>S&rsquo;agit-il de m\u00e9pris ?<\/h3>\n<p>Les 27 000 MERM oublie\u0301s (dont 15 000 dans la FPH) sont aujourd&rsquo;hui 27 000 MERM re\u0301volte\u0301s !<\/p>\n<p>Se\u0301nateurs, de\u0301pute\u0301s et directeurs des ARS seront tre\u0300s prochainement destinataires d&rsquo;un courrier. En pleine pe\u0301riode e\u0301lectorale, les e\u0301lus sauront apporter des re\u0301ponses concre\u0300tes a\u0300 leurs revendications.<\/p>\n<p>La prime Veil doit e\u0302tre verse\u0301e aux MERM par la modification en leur faveur du de\u0301cret n\u00b0 88-1083 du 30 novembre 1988.<\/p>\n<p>Soignants actifs, les MERM sont des professionnels indispensables dans le diagnostic des pathologies et les traitements spe\u0301cifiques.<\/p>\n<p>Le Se\u0301gur n&rsquo;ayant pas re\u0301pondu a\u0300 leurs attentes, les MERM demeurent insuffisamment re\u0301mune\u0301re\u0301s et malmene\u0301s au quotidien dans leur exercice professionnel.<\/p>\n<h3>Le rapport IGAS exige de vraies r\u00e9ponses !<\/h3>\n<p>La faible augmentation des effectifs a\u0300 l&rsquo;entre\u0301e des e\u0301coles de MERM est insuffisante au regard du sous-effectif national. Pour les MERM, cela signifie un exercice professionnel de\u0301grade\u0301 pour de nombreuses anne\u0301es encore. Pour les usagers, cela signifie une limitation de l&rsquo;offre de soins, des de\u0301lais d&rsquo;attente largement allonge\u0301s et par conse\u0301quent une re\u0301elle perte de chance. C&rsquo;est inacceptable !<\/p>\n<p>Les MERM attendent de ve\u0301ritables mesures d&rsquo;attractivite\u0301 pour la profession, dans l&rsquo;inte\u0301re\u0302t de tous les patients.<\/p>\n<\/div>\n<div class=\"page\" title=\"Page 1\">\n<div class=\"section\">\n<div class=\"layoutArea\">\n<div class=\"column\">\n<h2>Les MERM revendiquent :<\/h2>\n<ul>\n<li>Des augmentations de salaire, car celles du Se\u0301gur ne sont pas a\u0300 la hauteur des revendications le\u0301gitimes porte\u0301es par les MERM, que l\u2019on soit en cate\u0301gorie A se\u0301dentaire ou en cate\u0301gorie B active. La CGT revendique<br \/>\n1,8 x SMIC en de\u0301but de carrie\u0300re, a\u0300 la hauteur du niveau d\u2019e\u0301tude et le doublement du salaire sur la carrie\u0300re. Actuellement, un MERM, en sortant de l\u2019e\u0301cole, est sous-paye\u0301 par rapport a\u0300 ses responsabilite\u0301s. Les revalorisations du Se\u0301gur sont insuffisantes et de\u0301ja\u0300 imme\u0301diatement gomme\u0301es par l\u2019augmentation du cou\u0302t de la vie (carburant, e\u0301nergie, alimentation&#8230;)<\/li>\n<li>Le versement de toutes les primes existantes a\u0300 l\u2019ensemble des MERM :\n<ul>\n<li>Prime Veil de 90 euros ; le rapport IGAS demande de supprimer la diffe\u0301rence de re\u0301mune\u0301ration entre les IDE et les MERM (recommandation n\u00b013 du rapport IGAS). Stop aux injustices !<\/li>\n<li>Prime tutorat a\u0300 tous les MERM puisque nous encadrons toutes et tous des e\u0301tudiants<\/li>\n<li>Prime Buzyn a\u0300 tous les MERM puisque nous inte\u0301grons tous des urgences dans nos programmes<\/li>\n<li>L\u2019inte\u0301gration de l\u2019ensemble des primes au salaire lors du calcul de la pension de retraite a\u0300 taux plein a\u0300 57 ans et le maintien des re\u0301gimes spe\u0301ciaux<\/li>\n<li>La revalorisation des primes et indemnite\u0301s de nuit, dimanche et jours fe\u0301rie\u0301s<\/li>\n<\/ul>\n<\/li>\n<li>La reconnaissance de la pe\u0301nibilite\u0301 et des risques professionnels par le de\u0301part anticipe\u0301 a\u0300 la retraite a\u0300 57 ans a\u0300 taux plein<\/li>\n<li>Le recrutement imme\u0301diat de MERM sur des emplois pe\u0301rennes et l\u2019arre\u0302t des emplois pre\u0301caires<\/li>\n<li>La protection syste\u0301matique des MERM enceintes dans l&rsquo;ensemble des services d&rsquo;imagerie me\u0301dicale<\/li>\n<li>La mise en place d&rsquo;un effectif norme\u0301 selon les spe\u0301cificite\u0301s des services pour garantir la se\u0301curite\u0301 des patients et personnels et la qualite\u0301 des soins.<\/li>\n<li>L&rsquo;utilisation exclusive, par les MERM, des e\u0301quipements d\u2019imagerie me\u0301dicale a\u0300 vise\u0301e diagnostique ou the\u0301rapeutique<\/li>\n<li>La formation initiale incluant les e\u0301volutions technologiques<\/li>\n<li>La reconnaissance en pratique avance\u0301e et niveau master des DIU d&rsquo;e\u0301chographie et DIU d&rsquo;imagerie interventionnelle pour les MERM avec un salaire du niveau inge\u0301nieur<\/li>\n<li>Mise en \u0153uvre de nouvelles pratiques avance\u0301es avec une reconnaissance au niveau master dans de nouveaux domaines (radiothe\u0301rapie, interpre\u0301tation de radiographie, assistant du radiologue au bloc interventionnel)<\/li>\n<li>Le versement des indemnite\u0301s de stage a\u0300 tous les e\u0301tudiants MERM, quels que soient leur lieu de formation et la modification de la re\u0301glementation, notamment l&rsquo;arre\u0302te\u0301 du 16 de\u0301cembre 2020 relatif aux indemnite\u0301s de stage verse\u0301es aux e\u0301tudiants inscrits dans les instituts de formation de certaines professions de sante\u0301. La recommandation n\u00b04 du rapport IGAS n\u00b0 2020- 063R sugge\u0300re de maintenir ou re\u0301tablir l\u2019indemnisation des stages des e\u0301tudiants des sections IMRT, appliquer la revalorisation pre\u0301vue par le Se\u0301gur de la Sante\u0301 et modifier les textes re\u0301gissant le DTS pour aligner le droit sur la pratique<\/li>\n<li>L\u2019attribution de moyens financiers affecte\u0301s a\u0300 l\u2019ame\u0301lioration des conditions de travail et a\u0300 la garantie de se\u0301curite\u0301 de tous<\/li>\n<li>Le Financement de la Se\u0301curite\u0301 Sociale a\u0300 hauteur des besoins<\/li>\n<\/ul>\n<\/div>\n<\/div>\n<\/div>\n<\/div>\n<\/div>\n<\/div>\n<\/div>\n","protected":false},"excerpt":{"rendered":"<p>Les MERM sont plus de\u0301termine\u0301s que jamais ! Mobilise\u0301s en 2019 et 2020 pour de\u0301fendre leur profession, ces maillons essentiels de la premie\u0300re ligne face a\u0300 la pande\u0301mie de la Covid 19 se mobilisent de nouveau en 2022. Les 5 000 courriers envoye\u0301s a\u0300 M. Ve\u0301ran, les deux demandes de rendez-vous au Ministe\u0300re faites par [&hellip;]<\/p>\n","protected":false},"author":4,"featured_media":253,"comment_status":"open","ping_status":"closed","sticky":false,"template":"","format":"standard","meta":{"_acf_changed":false,"footnotes":""},"categories":[175],"tags":[187],"class_list":["post-269","post","type-post","status-publish","format-standard","has-post-thumbnail","hentry","category-ufmict","tag-mobilisation","featuring-alaune","themes-greve","documents-tracts"],"acf":[],"yoast_head":"<!-- This site is optimized with the Yoast SEO plugin v26.3 - https:\/\/yoast.com\/wordpress\/plugins\/seo\/ -->\n<title>L&#039;UFMICT appelle \u00e0 la gr\u00e8ve nationale des MERM le 15 mars 2022 - Ensemble devant le minist\u00e8re - UFMICT Sant\u00e9 et Action sociale<\/title>\n<meta name=\"robots\" content=\"index, follow, max-snippet:-1, max-image-preview:large, max-video-preview:-1\" \/>\n<link rel=\"canonical\" href=\"https:\/\/syndicoop.fr\/ufmict\/lufmict-appelle-a-la-greve-nationale-des-merm-le-15-mars-2022-ensemble-devant-le-ministere\/\" \/>\n<meta property=\"og:locale\" content=\"fr_FR\" \/>\n<meta property=\"og:type\" content=\"article\" \/>\n<meta property=\"og:title\" content=\"L&#039;UFMICT appelle \u00e0 la gr\u00e8ve nationale des MERM le 15 mars 2022 - Ensemble devant le minist\u00e8re - UFMICT Sant\u00e9 et Action sociale\" \/>\n<meta property=\"og:description\" content=\"Les MERM sont plus de\u0301termine\u0301s que jamais ! Mobilise\u0301s en 2019 et 2020 pour de\u0301fendre leur profession, ces maillons essentiels de la premie\u0300re ligne face a\u0300 la pande\u0301mie de la Covid 19 se mobilisent de nouveau en 2022. Les 5 000 courriers envoye\u0301s a\u0300 M. Ve\u0301ran, les deux demandes de rendez-vous au Ministe\u0300re faites par [&hellip;]\" \/>\n<meta property=\"og:url\" content=\"https:\/\/syndicoop.fr\/ufmict\/lufmict-appelle-a-la-greve-nationale-des-merm-le-15-mars-2022-ensemble-devant-le-ministere\/\" \/>\n<meta property=\"og:site_name\" content=\"UFMICT Sant\u00e9 et Action sociale\" \/>\n<meta property=\"article:published_time\" content=\"2022-02-18T14:48:11+00:00\" \/>\n<meta property=\"article:modified_time\" content=\"2022-06-29T12:07:03+00:00\" \/>\n<meta property=\"og:image\" content=\"https:\/\/syndicoop.fr\/ufmict\/wp-content\/uploads\/sites\/38\/2021\/12\/radiologie.jpg\" \/>\n\t<meta property=\"og:image:width\" content=\"1920\" \/>\n\t<meta property=\"og:image:height\" content=\"1280\" \/>\n\t<meta property=\"og:image:type\" content=\"image\/jpeg\" \/>\n<meta name=\"author\" content=\"mhflechard\" \/>\n<meta name=\"twitter:card\" content=\"summary_large_image\" \/>\n<meta name=\"twitter:label1\" content=\"\u00c9crit par\" \/>\n\t<meta name=\"twitter:data1\" content=\"mhflechard\" \/>\n\t<meta name=\"twitter:label2\" content=\"Dur\u00e9e de lecture estim\u00e9e\" \/>\n\t<meta name=\"twitter:data2\" content=\"4 minutes\" \/>\n<script type=\"application\/ld+json\" class=\"yoast-schema-graph\">{\"@context\":\"https:\/\/schema.org\",\"@graph\":[{\"@type\":\"WebPage\",\"@id\":\"https:\/\/syndicoop.fr\/ufmict\/lufmict-appelle-a-la-greve-nationale-des-merm-le-15-mars-2022-ensemble-devant-le-ministere\/\",\"url\":\"https:\/\/syndicoop.fr\/ufmict\/lufmict-appelle-a-la-greve-nationale-des-merm-le-15-mars-2022-ensemble-devant-le-ministere\/\",\"name\":\"L'UFMICT appelle \u00e0 la gr\u00e8ve nationale des MERM le 15 mars 2022 - Ensemble devant le minist\u00e8re - UFMICT Sant\u00e9 et Action sociale\",\"isPartOf\":{\"@id\":\"https:\/\/syndicoop.fr\/ufmict\/#website\"},\"primaryImageOfPage\":{\"@id\":\"https:\/\/syndicoop.fr\/ufmict\/lufmict-appelle-a-la-greve-nationale-des-merm-le-15-mars-2022-ensemble-devant-le-ministere\/#primaryimage\"},\"image\":{\"@id\":\"https:\/\/syndicoop.fr\/ufmict\/lufmict-appelle-a-la-greve-nationale-des-merm-le-15-mars-2022-ensemble-devant-le-ministere\/#primaryimage\"},\"thumbnailUrl\":\"https:\/\/syndicoop.fr\/ufmict\/wp-content\/uploads\/sites\/38\/2021\/12\/radiologie.jpg\",\"datePublished\":\"2022-02-18T14:48:11+00:00\",\"dateModified\":\"2022-06-29T12:07:03+00:00\",\"author\":{\"@id\":\"https:\/\/syndicoop.fr\/ufmict\/#\/schema\/person\/ab5976679b941ce6bc13a9e06da6996c\"},\"breadcrumb\":{\"@id\":\"https:\/\/syndicoop.fr\/ufmict\/lufmict-appelle-a-la-greve-nationale-des-merm-le-15-mars-2022-ensemble-devant-le-ministere\/#breadcrumb\"},\"inLanguage\":\"fr-FR\",\"potentialAction\":[{\"@type\":\"ReadAction\",\"target\":[\"https:\/\/syndicoop.fr\/ufmict\/lufmict-appelle-a-la-greve-nationale-des-merm-le-15-mars-2022-ensemble-devant-le-ministere\/\"]}]},{\"@type\":\"ImageObject\",\"inLanguage\":\"fr-FR\",\"@id\":\"https:\/\/syndicoop.fr\/ufmict\/lufmict-appelle-a-la-greve-nationale-des-merm-le-15-mars-2022-ensemble-devant-le-ministere\/#primaryimage\",\"url\":\"https:\/\/syndicoop.fr\/ufmict\/wp-content\/uploads\/sites\/38\/2021\/12\/radiologie.jpg\",\"contentUrl\":\"https:\/\/syndicoop.fr\/ufmict\/wp-content\/uploads\/sites\/38\/2021\/12\/radiologie.jpg\",\"width\":1920,\"height\":1280},{\"@type\":\"BreadcrumbList\",\"@id\":\"https:\/\/syndicoop.fr\/ufmict\/lufmict-appelle-a-la-greve-nationale-des-merm-le-15-mars-2022-ensemble-devant-le-ministere\/#breadcrumb\",\"itemListElement\":[{\"@type\":\"ListItem\",\"position\":1,\"name\":\"Accueil\",\"item\":\"https:\/\/syndicoop.fr\/ufmict\/\"},{\"@type\":\"ListItem\",\"position\":2,\"name\":\"L&#8217;UFMICT appelle \u00e0 la gr\u00e8ve nationale des MERM le 15 mars 2022 &#8211; Ensemble devant le minist\u00e8re\"}]},{\"@type\":\"WebSite\",\"@id\":\"https:\/\/syndicoop.fr\/ufmict\/#website\",\"url\":\"https:\/\/syndicoop.fr\/ufmict\/\",\"name\":\"UFMICT Sant\u00e9 et Action sociale\",\"description\":\"Syndicoop - la plateforme syndicale et coop\u00e9rative\",\"potentialAction\":[{\"@type\":\"SearchAction\",\"target\":{\"@type\":\"EntryPoint\",\"urlTemplate\":\"https:\/\/syndicoop.fr\/ufmict\/?s={search_term_string}\"},\"query-input\":{\"@type\":\"PropertyValueSpecification\",\"valueRequired\":true,\"valueName\":\"search_term_string\"}}],\"inLanguage\":\"fr-FR\"},{\"@type\":\"Person\",\"@id\":\"https:\/\/syndicoop.fr\/ufmict\/#\/schema\/person\/ab5976679b941ce6bc13a9e06da6996c\",\"name\":\"mhflechard\",\"image\":{\"@type\":\"ImageObject\",\"inLanguage\":\"fr-FR\",\"@id\":\"https:\/\/syndicoop.fr\/ufmict\/#\/schema\/person\/image\/\",\"url\":\"https:\/\/syndicoop.fr\/ufmict\/wp-content\/wphb-cache\/gravatar\/9bb\/9bb12ac6f28c511534d57086f7974e91x96.jpg\",\"contentUrl\":\"https:\/\/syndicoop.fr\/ufmict\/wp-content\/wphb-cache\/gravatar\/9bb\/9bb12ac6f28c511534d57086f7974e91x96.jpg\",\"caption\":\"mhflechard\"},\"url\":\"https:\/\/syndicoop.fr\/ufmict\/author\/mhflechard\/\"}]}<\/script>\n<!-- \/ Yoast SEO plugin. -->","yoast_head_json":{"title":"L'UFMICT appelle \u00e0 la gr\u00e8ve nationale des MERM le 15 mars 2022 - Ensemble devant le minist\u00e8re - UFMICT Sant\u00e9 et Action sociale","robots":{"index":"index","follow":"follow","max-snippet":"max-snippet:-1","max-image-preview":"max-image-preview:large","max-video-preview":"max-video-preview:-1"},"canonical":"https:\/\/syndicoop.fr\/ufmict\/lufmict-appelle-a-la-greve-nationale-des-merm-le-15-mars-2022-ensemble-devant-le-ministere\/","og_locale":"fr_FR","og_type":"article","og_title":"L'UFMICT appelle \u00e0 la gr\u00e8ve nationale des MERM le 15 mars 2022 - Ensemble devant le minist\u00e8re - UFMICT Sant\u00e9 et Action sociale","og_description":"Les MERM sont plus de\u0301termine\u0301s que jamais ! Mobilise\u0301s en 2019 et 2020 pour de\u0301fendre leur profession, ces maillons essentiels de la premie\u0300re ligne face a\u0300 la pande\u0301mie de la Covid 19 se mobilisent de nouveau en 2022. Les 5 000 courriers envoye\u0301s a\u0300 M. Ve\u0301ran, les deux demandes de rendez-vous au Ministe\u0300re faites par [&hellip;]","og_url":"https:\/\/syndicoop.fr\/ufmict\/lufmict-appelle-a-la-greve-nationale-des-merm-le-15-mars-2022-ensemble-devant-le-ministere\/","og_site_name":"UFMICT Sant\u00e9 et Action sociale","article_published_time":"2022-02-18T14:48:11+00:00","article_modified_time":"2022-06-29T12:07:03+00:00","og_image":[{"width":1920,"height":1280,"url":"https:\/\/syndicoop.fr\/ufmict\/wp-content\/uploads\/sites\/38\/2021\/12\/radiologie.jpg","type":"image\/jpeg"}],"author":"mhflechard","twitter_card":"summary_large_image","twitter_misc":{"\u00c9crit par":"mhflechard","Dur\u00e9e de lecture estim\u00e9e":"4 minutes"},"schema":{"@context":"https:\/\/schema.org","@graph":[{"@type":"WebPage","@id":"https:\/\/syndicoop.fr\/ufmict\/lufmict-appelle-a-la-greve-nationale-des-merm-le-15-mars-2022-ensemble-devant-le-ministere\/","url":"https:\/\/syndicoop.fr\/ufmict\/lufmict-appelle-a-la-greve-nationale-des-merm-le-15-mars-2022-ensemble-devant-le-ministere\/","name":"L'UFMICT appelle \u00e0 la gr\u00e8ve nationale des MERM le 15 mars 2022 - Ensemble devant le minist\u00e8re - UFMICT Sant\u00e9 et Action sociale","isPartOf":{"@id":"https:\/\/syndicoop.fr\/ufmict\/#website"},"primaryImageOfPage":{"@id":"https:\/\/syndicoop.fr\/ufmict\/lufmict-appelle-a-la-greve-nationale-des-merm-le-15-mars-2022-ensemble-devant-le-ministere\/#primaryimage"},"image":{"@id":"https:\/\/syndicoop.fr\/ufmict\/lufmict-appelle-a-la-greve-nationale-des-merm-le-15-mars-2022-ensemble-devant-le-ministere\/#primaryimage"},"thumbnailUrl":"https:\/\/syndicoop.fr\/ufmict\/wp-content\/uploads\/sites\/38\/2021\/12\/radiologie.jpg","datePublished":"2022-02-18T14:48:11+00:00","dateModified":"2022-06-29T12:07:03+00:00","author":{"@id":"https:\/\/syndicoop.fr\/ufmict\/#\/schema\/person\/ab5976679b941ce6bc13a9e06da6996c"},"breadcrumb":{"@id":"https:\/\/syndicoop.fr\/ufmict\/lufmict-appelle-a-la-greve-nationale-des-merm-le-15-mars-2022-ensemble-devant-le-ministere\/#breadcrumb"},"inLanguage":"fr-FR","potentialAction":[{"@type":"ReadAction","target":["https:\/\/syndicoop.fr\/ufmict\/lufmict-appelle-a-la-greve-nationale-des-merm-le-15-mars-2022-ensemble-devant-le-ministere\/"]}]},{"@type":"ImageObject","inLanguage":"fr-FR","@id":"https:\/\/syndicoop.fr\/ufmict\/lufmict-appelle-a-la-greve-nationale-des-merm-le-15-mars-2022-ensemble-devant-le-ministere\/#primaryimage","url":"https:\/\/syndicoop.fr\/ufmict\/wp-content\/uploads\/sites\/38\/2021\/12\/radiologie.jpg","contentUrl":"https:\/\/syndicoop.fr\/ufmict\/wp-content\/uploads\/sites\/38\/2021\/12\/radiologie.jpg","width":1920,"height":1280},{"@type":"BreadcrumbList","@id":"https:\/\/syndicoop.fr\/ufmict\/lufmict-appelle-a-la-greve-nationale-des-merm-le-15-mars-2022-ensemble-devant-le-ministere\/#breadcrumb","itemListElement":[{"@type":"ListItem","position":1,"name":"Accueil","item":"https:\/\/syndicoop.fr\/ufmict\/"},{"@type":"ListItem","position":2,"name":"L&#8217;UFMICT appelle \u00e0 la gr\u00e8ve nationale des MERM le 15 mars 2022 &#8211; Ensemble devant le minist\u00e8re"}]},{"@type":"WebSite","@id":"https:\/\/syndicoop.fr\/ufmict\/#website","url":"https:\/\/syndicoop.fr\/ufmict\/","name":"UFMICT Sant\u00e9 et Action sociale","description":"Syndicoop - la plateforme syndicale et coop\u00e9rative","potentialAction":[{"@type":"SearchAction","target":{"@type":"EntryPoint","urlTemplate":"https:\/\/syndicoop.fr\/ufmict\/?s={search_term_string}"},"query-input":{"@type":"PropertyValueSpecification","valueRequired":true,"valueName":"search_term_string"}}],"inLanguage":"fr-FR"},{"@type":"Person","@id":"https:\/\/syndicoop.fr\/ufmict\/#\/schema\/person\/ab5976679b941ce6bc13a9e06da6996c","name":"mhflechard","image":{"@type":"ImageObject","inLanguage":"fr-FR","@id":"https:\/\/syndicoop.fr\/ufmict\/#\/schema\/person\/image\/","url":"https:\/\/syndicoop.fr\/ufmict\/wp-content\/wphb-cache\/gravatar\/9bb\/9bb12ac6f28c511534d57086f7974e91x96.jpg","contentUrl":"https:\/\/syndicoop.fr\/ufmict\/wp-content\/wphb-cache\/gravatar\/9bb\/9bb12ac6f28c511534d57086f7974e91x96.jpg","caption":"mhflechard"},"url":"https:\/\/syndicoop.fr\/ufmict\/author\/mhflechard\/"}]}},"_links":{"self":[{"href":"https:\/\/syndicoop.fr\/ufmict\/wp-json\/wp\/v2\/posts\/269","targetHints":{"allow":["GET"]}}],"collection":[{"href":"https:\/\/syndicoop.fr\/ufmict\/wp-json\/wp\/v2\/posts"}],"about":[{"href":"https:\/\/syndicoop.fr\/ufmict\/wp-json\/wp\/v2\/types\/post"}],"author":[{"embeddable":true,"href":"https:\/\/syndicoop.fr\/ufmict\/wp-json\/wp\/v2\/users\/4"}],"replies":[{"embeddable":true,"href":"https:\/\/syndicoop.fr\/ufmict\/wp-json\/wp\/v2\/comments?post=269"}],"version-history":[{"count":0,"href":"https:\/\/syndicoop.fr\/ufmict\/wp-json\/wp\/v2\/posts\/269\/revisions"}],"wp:featuredmedia":[{"embeddable":true,"href":"https:\/\/syndicoop.fr\/ufmict\/wp-json\/wp\/v2\/media\/253"}],"wp:attachment":[{"href":"https:\/\/syndicoop.fr\/ufmict\/wp-json\/wp\/v2\/media?parent=269"}],"wp:term":[{"taxonomy":"category","embeddable":true,"href":"https:\/\/syndicoop.fr\/ufmict\/wp-json\/wp\/v2\/categories?post=269"},{"taxonomy":"post_tag","embeddable":true,"href":"https:\/\/syndicoop.fr\/ufmict\/wp-json\/wp\/v2\/tags?post=269"}],"curies":[{"name":"wp","href":"https:\/\/api.w.org\/{rel}","templated":true}]}}