{"id":297,"date":"2022-05-30T14:32:05","date_gmt":"2022-05-30T12:32:05","guid":{"rendered":"https:\/\/syndicoop.fr\/ufmict\/?p=297"},"modified":"2022-07-05T11:35:23","modified_gmt":"2022-07-05T09:35:23","slug":"la-lettre-des-psychologues-74","status":"publish","type":"post","link":"https:\/\/syndicoop.fr\/ufmict\/la-lettre-des-psychologues-74\/","title":{"rendered":"La lettre des psychologues 74"},"content":{"rendered":"<div class=\"page\" title=\"Page 1\">\n<div class=\"section\">\n<div class=\"layoutArea\">\n<div class=\"column\">\n<h2>Mobilisations : la lutte continue<\/h2>\n<p>Poursuivons la lutte<strong> pour une dynamique de changement<\/strong> et pour le maintien de l\u2019acce\u0300s direct aux psychologues dans la fonction publique, le secteur prive\u0301, tout comme en libe\u0301ral, avec des re\u0301mune\u0301rations de\u0301centes pour tous et le libre choix des me\u0301thodes the\u0301rapeutiques sans prescription me\u0301dicale.<\/p>\n<p>Pour ce faire :<\/p>\n<ol>\n<li>Signez et faites signez la pe\u0301tition intersyndicale et inter-organisations en ligne sur <a href=\"https:\/\/www.change.org\/p\/prise-en-compte-des-besoins-de-la-population-consid%C3%A9ration-des-psychologues?recruiter=1254784116&amp;recruited_by_id=f3114880-95b8-11ec-9f91-a9b6d02b4831&amp;utm_source=share_petition&amp;utm_medium=copylink&amp;utm_campaign=petition_dashboard\" target=\"_blank\" rel=\"noopener\">change.org<\/a><\/li>\n<li>Interpellons les candidats aux e\u0301lections le\u0301gislatives du 12 juin<\/li>\n<\/ol>\n<p>3. Pre\u0301parons la gre\u0300ve et la manifestation du 29 septembre, quand les e\u0301tudiants pourront se joindre a\u0300 nous<\/p>\n<p>Dans le secteur public, c\u2019est maintenant le marasme. Apre\u0300s le manque de me\u0301decins, puis d\u2019infirmie\u0300res, ce sont depuis peu les psychologues qui partent et que les ho\u0302pitaux peinent a\u0300 embaucher, tant le salaire, la pre\u0301carite\u0301 et les conditions de travail y sont attractifs !!!<\/p>\n<h2 class=\"mce-path-item\"><strong>Sommaire\u00a0<\/strong><\/h2>\n<div>\n<p>\u2013 Bilan du S\u00e9gur nettement insuffisant<\/p>\n<p>\u2013 Recours contre l\u2019arr\u00eat\u00e9 du 10 mars 2021<\/p>\n<p>\u2013 Temps de travail<\/p>\n<p>\u2013 Le CTI \u00e9tendu au-del\u00e0 des h\u00f4pitaux et des EHPAD<\/p>\n<p>\u2013 Evaluation, N+1, comment se d\u00e9fendre ?<\/p>\n<p>\u2013 Pendant ce temps en Belgique<\/p>\n<p>\u2013 D\u00e9mographie de la profession<\/p>\n<p>\u2013 L\u2019involution de la psychiatrie<\/p>\n<\/div>\n<\/div>\n<\/div>\n<\/div>\n<\/div>\n","protected":false},"excerpt":{"rendered":"<p>Mobilisations : la lutte continue Poursuivons la lutte pour une dynamique de changement et pour le maintien de l\u2019acce\u0300s direct aux psychologues dans la fonction publique, le secteur prive\u0301, tout comme en libe\u0301ral, avec des re\u0301mune\u0301rations de\u0301centes pour tous et le libre choix des me\u0301thodes the\u0301rapeutiques sans prescription me\u0301dicale. Pour ce faire : Signez et [&hellip;]<\/p>\n","protected":false},"author":4,"featured_media":86,"comment_status":"open","ping_status":"closed","sticky":false,"template":"","format":"standard","meta":{"_acf_changed":false,"footnotes":""},"categories":[244,175],"tags":[232,216],"class_list":["post-297","post","type-post","status-publish","format-standard","has-post-thumbnail","hentry","category-psychologue","category-ufmict","tag-psy","tag-psychologue","featuring-alaune","perimetre-psychologues","documents-journaux"],"acf":[],"yoast_head":"<!-- This site is optimized with the Yoast SEO plugin v26.3 - https:\/\/yoast.com\/wordpress\/plugins\/seo\/ -->\n<title>La lettre des psychologues 74 - UFMICT Sant\u00e9 et Action sociale<\/title>\n<meta name=\"robots\" content=\"index, follow, max-snippet:-1, max-image-preview:large, max-video-preview:-1\" \/>\n<link rel=\"canonical\" href=\"https:\/\/syndicoop.fr\/ufmict\/la-lettre-des-psychologues-74\/\" \/>\n<meta property=\"og:locale\" content=\"fr_FR\" \/>\n<meta property=\"og:type\" content=\"article\" \/>\n<meta property=\"og:title\" content=\"La lettre des psychologues 74 - UFMICT Sant\u00e9 et Action sociale\" \/>\n<meta property=\"og:description\" content=\"Mobilisations : la lutte continue Poursuivons la lutte pour une dynamique de changement et pour le maintien de l\u2019acce\u0300s direct aux psychologues dans la fonction publique, le secteur prive\u0301, tout comme en libe\u0301ral, avec des re\u0301mune\u0301rations de\u0301centes pour tous et le libre choix des me\u0301thodes the\u0301rapeutiques sans prescription me\u0301dicale. Pour ce faire : Signez et [&hellip;]\" \/>\n<meta property=\"og:url\" content=\"https:\/\/syndicoop.fr\/ufmict\/la-lettre-des-psychologues-74\/\" \/>\n<meta property=\"og:site_name\" content=\"UFMICT Sant\u00e9 et Action sociale\" \/>\n<meta property=\"article:published_time\" content=\"2022-05-30T12:32:05+00:00\" \/>\n<meta property=\"article:modified_time\" content=\"2022-07-05T09:35:23+00:00\" \/>\n<meta property=\"og:image\" content=\"https:\/\/syndicoop.fr\/ufmict\/wp-content\/uploads\/sites\/38\/2019\/10\/foule-marche.jpg\" \/>\n\t<meta property=\"og:image:width\" content=\"960\" \/>\n\t<meta property=\"og:image:height\" content=\"640\" \/>\n\t<meta property=\"og:image:type\" content=\"image\/jpeg\" \/>\n<meta name=\"author\" content=\"mhflechard\" \/>\n<meta name=\"twitter:card\" content=\"summary_large_image\" \/>\n<meta name=\"twitter:label1\" content=\"\u00c9crit par\" \/>\n\t<meta name=\"twitter:data1\" content=\"mhflechard\" \/>\n\t<meta name=\"twitter:label2\" content=\"Dur\u00e9e de lecture estim\u00e9e\" \/>\n\t<meta name=\"twitter:data2\" content=\"1 minute\" \/>\n<script type=\"application\/ld+json\" class=\"yoast-schema-graph\">{\"@context\":\"https:\/\/schema.org\",\"@graph\":[{\"@type\":\"WebPage\",\"@id\":\"https:\/\/syndicoop.fr\/ufmict\/la-lettre-des-psychologues-74\/\",\"url\":\"https:\/\/syndicoop.fr\/ufmict\/la-lettre-des-psychologues-74\/\",\"name\":\"La lettre des psychologues 74 - UFMICT Sant\u00e9 et Action sociale\",\"isPartOf\":{\"@id\":\"https:\/\/syndicoop.fr\/ufmict\/#website\"},\"primaryImageOfPage\":{\"@id\":\"https:\/\/syndicoop.fr\/ufmict\/la-lettre-des-psychologues-74\/#primaryimage\"},\"image\":{\"@id\":\"https:\/\/syndicoop.fr\/ufmict\/la-lettre-des-psychologues-74\/#primaryimage\"},\"thumbnailUrl\":\"https:\/\/syndicoop.fr\/ufmict\/wp-content\/uploads\/sites\/38\/2019\/10\/foule-marche.jpg\",\"datePublished\":\"2022-05-30T12:32:05+00:00\",\"dateModified\":\"2022-07-05T09:35:23+00:00\",\"author\":{\"@id\":\"https:\/\/syndicoop.fr\/ufmict\/#\/schema\/person\/ab5976679b941ce6bc13a9e06da6996c\"},\"breadcrumb\":{\"@id\":\"https:\/\/syndicoop.fr\/ufmict\/la-lettre-des-psychologues-74\/#breadcrumb\"},\"inLanguage\":\"fr-FR\",\"potentialAction\":[{\"@type\":\"ReadAction\",\"target\":[\"https:\/\/syndicoop.fr\/ufmict\/la-lettre-des-psychologues-74\/\"]}]},{\"@type\":\"ImageObject\",\"inLanguage\":\"fr-FR\",\"@id\":\"https:\/\/syndicoop.fr\/ufmict\/la-lettre-des-psychologues-74\/#primaryimage\",\"url\":\"https:\/\/syndicoop.fr\/ufmict\/wp-content\/uploads\/sites\/38\/2019\/10\/foule-marche.jpg\",\"contentUrl\":\"https:\/\/syndicoop.fr\/ufmict\/wp-content\/uploads\/sites\/38\/2019\/10\/foule-marche.jpg\",\"width\":960,\"height\":640},{\"@type\":\"BreadcrumbList\",\"@id\":\"https:\/\/syndicoop.fr\/ufmict\/la-lettre-des-psychologues-74\/#breadcrumb\",\"itemListElement\":[{\"@type\":\"ListItem\",\"position\":1,\"name\":\"Accueil\",\"item\":\"https:\/\/syndicoop.fr\/ufmict\/\"},{\"@type\":\"ListItem\",\"position\":2,\"name\":\"La lettre des psychologues 74\"}]},{\"@type\":\"WebSite\",\"@id\":\"https:\/\/syndicoop.fr\/ufmict\/#website\",\"url\":\"https:\/\/syndicoop.fr\/ufmict\/\",\"name\":\"UFMICT Sant\u00e9 et Action sociale\",\"description\":\"Syndicoop - la plateforme syndicale et coop\u00e9rative\",\"potentialAction\":[{\"@type\":\"SearchAction\",\"target\":{\"@type\":\"EntryPoint\",\"urlTemplate\":\"https:\/\/syndicoop.fr\/ufmict\/?s={search_term_string}\"},\"query-input\":{\"@type\":\"PropertyValueSpecification\",\"valueRequired\":true,\"valueName\":\"search_term_string\"}}],\"inLanguage\":\"fr-FR\"},{\"@type\":\"Person\",\"@id\":\"https:\/\/syndicoop.fr\/ufmict\/#\/schema\/person\/ab5976679b941ce6bc13a9e06da6996c\",\"name\":\"mhflechard\",\"image\":{\"@type\":\"ImageObject\",\"inLanguage\":\"fr-FR\",\"@id\":\"https:\/\/syndicoop.fr\/ufmict\/#\/schema\/person\/image\/\",\"url\":\"https:\/\/syndicoop.fr\/ufmict\/wp-content\/wphb-cache\/gravatar\/9bb\/9bb12ac6f28c511534d57086f7974e91x96.jpg\",\"contentUrl\":\"https:\/\/syndicoop.fr\/ufmict\/wp-content\/wphb-cache\/gravatar\/9bb\/9bb12ac6f28c511534d57086f7974e91x96.jpg\",\"caption\":\"mhflechard\"},\"url\":\"https:\/\/syndicoop.fr\/ufmict\/author\/mhflechard\/\"}]}<\/script>\n<!-- \/ Yoast SEO plugin. -->","yoast_head_json":{"title":"La lettre des psychologues 74 - UFMICT Sant\u00e9 et Action sociale","robots":{"index":"index","follow":"follow","max-snippet":"max-snippet:-1","max-image-preview":"max-image-preview:large","max-video-preview":"max-video-preview:-1"},"canonical":"https:\/\/syndicoop.fr\/ufmict\/la-lettre-des-psychologues-74\/","og_locale":"fr_FR","og_type":"article","og_title":"La lettre des psychologues 74 - UFMICT Sant\u00e9 et Action sociale","og_description":"Mobilisations : la lutte continue Poursuivons la lutte pour une dynamique de changement et pour le maintien de l\u2019acce\u0300s direct aux psychologues dans la fonction publique, le secteur prive\u0301, tout comme en libe\u0301ral, avec des re\u0301mune\u0301rations de\u0301centes pour tous et le libre choix des me\u0301thodes the\u0301rapeutiques sans prescription me\u0301dicale. Pour ce faire : Signez et [&hellip;]","og_url":"https:\/\/syndicoop.fr\/ufmict\/la-lettre-des-psychologues-74\/","og_site_name":"UFMICT Sant\u00e9 et Action sociale","article_published_time":"2022-05-30T12:32:05+00:00","article_modified_time":"2022-07-05T09:35:23+00:00","og_image":[{"width":960,"height":640,"url":"https:\/\/syndicoop.fr\/ufmict\/wp-content\/uploads\/sites\/38\/2019\/10\/foule-marche.jpg","type":"image\/jpeg"}],"author":"mhflechard","twitter_card":"summary_large_image","twitter_misc":{"\u00c9crit par":"mhflechard","Dur\u00e9e de lecture estim\u00e9e":"1 minute"},"schema":{"@context":"https:\/\/schema.org","@graph":[{"@type":"WebPage","@id":"https:\/\/syndicoop.fr\/ufmict\/la-lettre-des-psychologues-74\/","url":"https:\/\/syndicoop.fr\/ufmict\/la-lettre-des-psychologues-74\/","name":"La lettre des psychologues 74 - UFMICT Sant\u00e9 et Action sociale","isPartOf":{"@id":"https:\/\/syndicoop.fr\/ufmict\/#website"},"primaryImageOfPage":{"@id":"https:\/\/syndicoop.fr\/ufmict\/la-lettre-des-psychologues-74\/#primaryimage"},"image":{"@id":"https:\/\/syndicoop.fr\/ufmict\/la-lettre-des-psychologues-74\/#primaryimage"},"thumbnailUrl":"https:\/\/syndicoop.fr\/ufmict\/wp-content\/uploads\/sites\/38\/2019\/10\/foule-marche.jpg","datePublished":"2022-05-30T12:32:05+00:00","dateModified":"2022-07-05T09:35:23+00:00","author":{"@id":"https:\/\/syndicoop.fr\/ufmict\/#\/schema\/person\/ab5976679b941ce6bc13a9e06da6996c"},"breadcrumb":{"@id":"https:\/\/syndicoop.fr\/ufmict\/la-lettre-des-psychologues-74\/#breadcrumb"},"inLanguage":"fr-FR","potentialAction":[{"@type":"ReadAction","target":["https:\/\/syndicoop.fr\/ufmict\/la-lettre-des-psychologues-74\/"]}]},{"@type":"ImageObject","inLanguage":"fr-FR","@id":"https:\/\/syndicoop.fr\/ufmict\/la-lettre-des-psychologues-74\/#primaryimage","url":"https:\/\/syndicoop.fr\/ufmict\/wp-content\/uploads\/sites\/38\/2019\/10\/foule-marche.jpg","contentUrl":"https:\/\/syndicoop.fr\/ufmict\/wp-content\/uploads\/sites\/38\/2019\/10\/foule-marche.jpg","width":960,"height":640},{"@type":"BreadcrumbList","@id":"https:\/\/syndicoop.fr\/ufmict\/la-lettre-des-psychologues-74\/#breadcrumb","itemListElement":[{"@type":"ListItem","position":1,"name":"Accueil","item":"https:\/\/syndicoop.fr\/ufmict\/"},{"@type":"ListItem","position":2,"name":"La lettre des psychologues 74"}]},{"@type":"WebSite","@id":"https:\/\/syndicoop.fr\/ufmict\/#website","url":"https:\/\/syndicoop.fr\/ufmict\/","name":"UFMICT Sant\u00e9 et Action sociale","description":"Syndicoop - la plateforme syndicale et coop\u00e9rative","potentialAction":[{"@type":"SearchAction","target":{"@type":"EntryPoint","urlTemplate":"https:\/\/syndicoop.fr\/ufmict\/?s={search_term_string}"},"query-input":{"@type":"PropertyValueSpecification","valueRequired":true,"valueName":"search_term_string"}}],"inLanguage":"fr-FR"},{"@type":"Person","@id":"https:\/\/syndicoop.fr\/ufmict\/#\/schema\/person\/ab5976679b941ce6bc13a9e06da6996c","name":"mhflechard","image":{"@type":"ImageObject","inLanguage":"fr-FR","@id":"https:\/\/syndicoop.fr\/ufmict\/#\/schema\/person\/image\/","url":"https:\/\/syndicoop.fr\/ufmict\/wp-content\/wphb-cache\/gravatar\/9bb\/9bb12ac6f28c511534d57086f7974e91x96.jpg","contentUrl":"https:\/\/syndicoop.fr\/ufmict\/wp-content\/wphb-cache\/gravatar\/9bb\/9bb12ac6f28c511534d57086f7974e91x96.jpg","caption":"mhflechard"},"url":"https:\/\/syndicoop.fr\/ufmict\/author\/mhflechard\/"}]}},"_links":{"self":[{"href":"https:\/\/syndicoop.fr\/ufmict\/wp-json\/wp\/v2\/posts\/297","targetHints":{"allow":["GET"]}}],"collection":[{"href":"https:\/\/syndicoop.fr\/ufmict\/wp-json\/wp\/v2\/posts"}],"about":[{"href":"https:\/\/syndicoop.fr\/ufmict\/wp-json\/wp\/v2\/types\/post"}],"author":[{"embeddable":true,"href":"https:\/\/syndicoop.fr\/ufmict\/wp-json\/wp\/v2\/users\/4"}],"replies":[{"embeddable":true,"href":"https:\/\/syndicoop.fr\/ufmict\/wp-json\/wp\/v2\/comments?post=297"}],"version-history":[{"count":0,"href":"https:\/\/syndicoop.fr\/ufmict\/wp-json\/wp\/v2\/posts\/297\/revisions"}],"wp:featuredmedia":[{"embeddable":true,"href":"https:\/\/syndicoop.fr\/ufmict\/wp-json\/wp\/v2\/media\/86"}],"wp:attachment":[{"href":"https:\/\/syndicoop.fr\/ufmict\/wp-json\/wp\/v2\/media?parent=297"}],"wp:term":[{"taxonomy":"category","embeddable":true,"href":"https:\/\/syndicoop.fr\/ufmict\/wp-json\/wp\/v2\/categories?post=297"},{"taxonomy":"post_tag","embeddable":true,"href":"https:\/\/syndicoop.fr\/ufmict\/wp-json\/wp\/v2\/tags?post=297"}],"curies":[{"name":"wp","href":"https:\/\/api.w.org\/{rel}","templated":true}]}}