{"id":311,"date":"2021-07-25T10:21:50","date_gmt":"2021-07-25T08:21:50","guid":{"rendered":"https:\/\/syndicoop.fr\/ufmict\/?p=311"},"modified":"2022-07-01T13:28:14","modified_gmt":"2022-07-01T11:28:14","slug":"remuneration-des-eleves-directeur-rice-s-de-lecole-des-hautes-etudes-en-sante-publique-ehesp-la-dgos-bouge-enfin","status":"publish","type":"post","link":"https:\/\/syndicoop.fr\/ufmict\/remuneration-des-eleves-directeur-rice-s-de-lecole-des-hautes-etudes-en-sante-publique-ehesp-la-dgos-bouge-enfin\/","title":{"rendered":"R\u00e9mun\u00e9ration des \u00e9l\u00e8ves directeur.rice.s de l\u2019\u00c9cole des Hautes \u00c9tudes en Sant\u00e9 Publique (EHESP) : la DGOS bouge enfin !"},"content":{"rendered":"<h3>La CGT obtient des avanc\u00e9es \u00e0 l\u2019issue du CSFPH du 22 juillet 2021<br \/>\nMontreuil, le 22 juillet 2021<\/h3>\n<p>Depuis de nombreuses ann\u00e9es, l\u2019UFMICT-CGT d\u00e9nonce la baisse de r\u00e9mun\u00e9ration subie par les \u00e9l\u00e8ves<br \/>\ndirecteur.rice.s qui avaient, avant leur entr\u00e9e en formation, la qualit\u00e9 de contractuel.le.s ou de fonctionnaires.<br \/>\nNombre d\u2019entre elles et eux sont p\u00e9nalis\u00e9.e.s lors de leur entr\u00e9e en formation \u00e0 l\u2019EHESP car plac\u00e9.e.s sur<br \/>\nla grille indiciaire des \u00e9l\u00e8ves-directeur.rice.s. Elles et ils se trouvent dans la situation ubuesque de r\u00e9ussir<br \/>\nun concours tr\u00e8s s\u00e9lectif et de subir pourtant une baisse de r\u00e9mun\u00e9ration !<\/p>\n<p>Cette situation ancienne a trouv\u00e9 une actualit\u00e9 nouvelle depuis la publication du d\u00e9cret N\u00b02020-1469 du<br \/>\n27 novembre 2020 avec des dispositions r\u00e9glementaires propres \u00e0 la fonction publique de l\u2019\u00c9tat (ENA).<\/p>\n<p>Apr\u00e8s plusieurs interventions sur ce sujet au Conseil d\u2019administration de l\u2019EHESP lors des s\u00e9ances des 8<br \/>\nmars et 13 juillet 2021, la CGT a interpell\u00e9 la DGOS lors de la s\u00e9ance pl\u00e9ni\u00e8re du CSFPH du 22 juillet 2021 :<\/p>\n<p>\u00abLa CGT interpelle la DGOS sur la n\u00e9cessit\u00e9 de transposer au plus vite \u00e0 la FPH les dispositions pr\u00e9vues<br \/>\npar le d\u00e9cret N\u00b02020-1469 du 27 novembre 2020 relatif \u00e0 la r\u00e9mun\u00e9ration des \u00e9l\u00e8ves de l\u2019ENA qui a<br \/>\ntrouv\u00e9 une d\u00e9clinaison d\u00e8s janvier 2021 dans la FPT et qui n\u2019est toujours pas transpos\u00e9 dans la FPH.<br \/>\nCela cr\u00e9e une in\u00e9galit\u00e9 de traitement entre les versants, p\u00e9nalise les \u00e9l\u00e8ves qui subissent des pertes de<br \/>\nr\u00e9mun\u00e9ration importantes pour certains \u00e9l\u00e8ves (qui avaient pr\u00e9c\u00e9demment la qualit\u00e9 de contractuels ou<br \/>\n\u00e9taient fonctionnaires avec un niveau de prime important) du fait, et c\u2019est un comble, de leur r\u00e9ussite<br \/>\nau concours de l&rsquo;EHESP. En plus d\u2019\u00eatre injuste, cela nuit \u00e0 l\u2019attractivit\u00e9 de la FPH alors m\u00eame que des<br \/>\nconvergences sont recherch\u00e9es entre versants (socle commun pour les \u00e9coles de la haute fonction<br \/>\npublique par exemple). Cela contrevient aussi aux annonces r\u00e9centes faites par la ministre en charge de<br \/>\nla fonction publique. La CGT demande une traduction urgente de ces dispositions dans la FPH avec un<br \/>\neffet r\u00e9tro-actif au 1er janvier 2021 par souci d\u2019alignement avec les autres versants.\u00bb<\/p>\n<p>La DGOS a indiqu\u00e9 qu\u2019un travail \u00e9tait (enfin !) lanc\u00e9 et que le gouvernement allait prochainement ajuster<br \/>\nles textes en vigueur pour permettre une transposition dans la FPH applicable \u00e0 compter du 1er janvier<br \/>\n2022. La DGOS s\u2019est \u00e9galement engag\u00e9e sur une remise \u00e0 niveau du r\u00e9gime indemnitaire applicable \u00e0<br \/>\nl\u2019ensemble des \u00e9l\u00e8ves-directeur.rice.s.<\/p>\n<p>L\u2019UFMICT-CGT se r\u00e9jouit de ces avanc\u00e9es port\u00e9es de longue date, mais d\u00e9plore une application tardive au<br \/>\n1er janvier 2022 qui p\u00e9nalise les promotions en cours de formation alors que les \u00e9l\u00e8ves fonctionnaires autres<br \/>\nversants en b\u00e9n\u00e9ficient depuis janvier 2021. L\u2019UFMICT-CGT sera attentive \u00e0 l\u2019examen des textes annonc\u00e9s.<br \/>\nL\u2019UFMICT-CGT continue par ailleurs \u00e0 r\u00e9clamer une revalorisation indiciaire des grilles applicables aux<br \/>\n\u00e9l\u00e8ves directeur.rice.s de la FPH car elles sont d\u00e9terminantes pour restaurer l\u2019attractivit\u00e9 de ces m\u00e9tiers<br \/>\net pour permettre les recrutements n\u00e9cessaires \u00e0 la remise \u00e0 niveau des effectifs des corps de direction.<\/p>\n","protected":false},"excerpt":{"rendered":"<p>La CGT obtient des avanc\u00e9es \u00e0 l\u2019issue du CSFPH du 22 juillet 2021 Montreuil, le 22 juillet 2021 Depuis de nombreuses ann\u00e9es, l\u2019UFMICT-CGT d\u00e9nonce la baisse de r\u00e9mun\u00e9ration subie par les \u00e9l\u00e8ves directeur.rice.s qui avaient, avant leur entr\u00e9e en formation, la qualit\u00e9 de contractuel.le.s ou de fonctionnaires. Nombre d\u2019entre elles et eux sont p\u00e9nalis\u00e9.e.s lors [&hellip;]<\/p>\n","protected":false},"author":4,"featured_media":312,"comment_status":"open","ping_status":"closed","sticky":false,"template":"","format":"standard","meta":{"_acf_changed":false,"footnotes":""},"categories":[235],"tags":[223,237],"class_list":["post-311","post","type-post","status-publish","format-standard","has-post-thumbnail","hentry","category-directeur-trice","tag-formation","tag-salaire","perimetre-direction","themes-formation","documents-communiques"],"acf":[],"yoast_head":"<!-- This site is optimized with the Yoast SEO plugin v26.3 - https:\/\/yoast.com\/wordpress\/plugins\/seo\/ -->\n<title>R\u00e9mun\u00e9ration des \u00e9l\u00e8ves directeur.rice.s de l\u2019\u00c9cole des Hautes \u00c9tudes en Sant\u00e9 Publique (EHESP) : la DGOS bouge enfin ! - UFMICT Sant\u00e9 et Action sociale<\/title>\n<meta name=\"robots\" content=\"index, follow, max-snippet:-1, max-image-preview:large, max-video-preview:-1\" \/>\n<link rel=\"canonical\" href=\"https:\/\/syndicoop.fr\/ufmict\/remuneration-des-eleves-directeur-rice-s-de-lecole-des-hautes-etudes-en-sante-publique-ehesp-la-dgos-bouge-enfin\/\" \/>\n<meta property=\"og:locale\" content=\"fr_FR\" \/>\n<meta property=\"og:type\" content=\"article\" \/>\n<meta property=\"og:title\" content=\"R\u00e9mun\u00e9ration des \u00e9l\u00e8ves directeur.rice.s de l\u2019\u00c9cole des Hautes \u00c9tudes en Sant\u00e9 Publique (EHESP) : la DGOS bouge enfin ! - UFMICT Sant\u00e9 et Action sociale\" \/>\n<meta property=\"og:description\" content=\"La CGT obtient des avanc\u00e9es \u00e0 l\u2019issue du CSFPH du 22 juillet 2021 Montreuil, le 22 juillet 2021 Depuis de nombreuses ann\u00e9es, l\u2019UFMICT-CGT d\u00e9nonce la baisse de r\u00e9mun\u00e9ration subie par les \u00e9l\u00e8ves directeur.rice.s qui avaient, avant leur entr\u00e9e en formation, la qualit\u00e9 de contractuel.le.s ou de fonctionnaires. Nombre d\u2019entre elles et eux sont p\u00e9nalis\u00e9.e.s lors [&hellip;]\" \/>\n<meta property=\"og:url\" content=\"https:\/\/syndicoop.fr\/ufmict\/remuneration-des-eleves-directeur-rice-s-de-lecole-des-hautes-etudes-en-sante-publique-ehesp-la-dgos-bouge-enfin\/\" \/>\n<meta property=\"og:site_name\" content=\"UFMICT Sant\u00e9 et Action sociale\" \/>\n<meta property=\"article:published_time\" content=\"2021-07-25T08:21:50+00:00\" \/>\n<meta property=\"article:modified_time\" content=\"2022-07-01T11:28:14+00:00\" \/>\n<meta property=\"og:image\" content=\"https:\/\/syndicoop.fr\/ufmict\/wp-content\/uploads\/sites\/38\/2022\/07\/formation.jpeg\" \/>\n\t<meta property=\"og:image:width\" content=\"1400\" \/>\n\t<meta property=\"og:image:height\" content=\"933\" \/>\n\t<meta property=\"og:image:type\" content=\"image\/jpeg\" \/>\n<meta name=\"author\" content=\"mhflechard\" \/>\n<meta name=\"twitter:card\" content=\"summary_large_image\" \/>\n<meta name=\"twitter:label1\" content=\"\u00c9crit par\" \/>\n\t<meta name=\"twitter:data1\" content=\"mhflechard\" \/>\n\t<meta name=\"twitter:label2\" content=\"Dur\u00e9e de lecture estim\u00e9e\" \/>\n\t<meta name=\"twitter:data2\" content=\"3 minutes\" \/>\n<script type=\"application\/ld+json\" class=\"yoast-schema-graph\">{\"@context\":\"https:\/\/schema.org\",\"@graph\":[{\"@type\":\"WebPage\",\"@id\":\"https:\/\/syndicoop.fr\/ufmict\/remuneration-des-eleves-directeur-rice-s-de-lecole-des-hautes-etudes-en-sante-publique-ehesp-la-dgos-bouge-enfin\/\",\"url\":\"https:\/\/syndicoop.fr\/ufmict\/remuneration-des-eleves-directeur-rice-s-de-lecole-des-hautes-etudes-en-sante-publique-ehesp-la-dgos-bouge-enfin\/\",\"name\":\"R\u00e9mun\u00e9ration des \u00e9l\u00e8ves directeur.rice.s de l\u2019\u00c9cole des Hautes \u00c9tudes en Sant\u00e9 Publique (EHESP) : la DGOS bouge enfin ! - UFMICT Sant\u00e9 et Action sociale\",\"isPartOf\":{\"@id\":\"https:\/\/syndicoop.fr\/ufmict\/#website\"},\"primaryImageOfPage\":{\"@id\":\"https:\/\/syndicoop.fr\/ufmict\/remuneration-des-eleves-directeur-rice-s-de-lecole-des-hautes-etudes-en-sante-publique-ehesp-la-dgos-bouge-enfin\/#primaryimage\"},\"image\":{\"@id\":\"https:\/\/syndicoop.fr\/ufmict\/remuneration-des-eleves-directeur-rice-s-de-lecole-des-hautes-etudes-en-sante-publique-ehesp-la-dgos-bouge-enfin\/#primaryimage\"},\"thumbnailUrl\":\"https:\/\/syndicoop.fr\/ufmict\/wp-content\/uploads\/sites\/38\/2022\/07\/formation.jpeg\",\"datePublished\":\"2021-07-25T08:21:50+00:00\",\"dateModified\":\"2022-07-01T11:28:14+00:00\",\"author\":{\"@id\":\"https:\/\/syndicoop.fr\/ufmict\/#\/schema\/person\/ab5976679b941ce6bc13a9e06da6996c\"},\"breadcrumb\":{\"@id\":\"https:\/\/syndicoop.fr\/ufmict\/remuneration-des-eleves-directeur-rice-s-de-lecole-des-hautes-etudes-en-sante-publique-ehesp-la-dgos-bouge-enfin\/#breadcrumb\"},\"inLanguage\":\"fr-FR\",\"potentialAction\":[{\"@type\":\"ReadAction\",\"target\":[\"https:\/\/syndicoop.fr\/ufmict\/remuneration-des-eleves-directeur-rice-s-de-lecole-des-hautes-etudes-en-sante-publique-ehesp-la-dgos-bouge-enfin\/\"]}]},{\"@type\":\"ImageObject\",\"inLanguage\":\"fr-FR\",\"@id\":\"https:\/\/syndicoop.fr\/ufmict\/remuneration-des-eleves-directeur-rice-s-de-lecole-des-hautes-etudes-en-sante-publique-ehesp-la-dgos-bouge-enfin\/#primaryimage\",\"url\":\"https:\/\/syndicoop.fr\/ufmict\/wp-content\/uploads\/sites\/38\/2022\/07\/formation.jpeg\",\"contentUrl\":\"https:\/\/syndicoop.fr\/ufmict\/wp-content\/uploads\/sites\/38\/2022\/07\/formation.jpeg\",\"width\":1400,\"height\":933},{\"@type\":\"BreadcrumbList\",\"@id\":\"https:\/\/syndicoop.fr\/ufmict\/remuneration-des-eleves-directeur-rice-s-de-lecole-des-hautes-etudes-en-sante-publique-ehesp-la-dgos-bouge-enfin\/#breadcrumb\",\"itemListElement\":[{\"@type\":\"ListItem\",\"position\":1,\"name\":\"Accueil\",\"item\":\"https:\/\/syndicoop.fr\/ufmict\/\"},{\"@type\":\"ListItem\",\"position\":2,\"name\":\"R\u00e9mun\u00e9ration des \u00e9l\u00e8ves directeur.rice.s de l\u2019\u00c9cole des Hautes \u00c9tudes en Sant\u00e9 Publique (EHESP)&#160;: la DGOS bouge enfin&#160;!\"}]},{\"@type\":\"WebSite\",\"@id\":\"https:\/\/syndicoop.fr\/ufmict\/#website\",\"url\":\"https:\/\/syndicoop.fr\/ufmict\/\",\"name\":\"UFMICT Sant\u00e9 et Action sociale\",\"description\":\"Syndicoop - la plateforme syndicale et coop\u00e9rative\",\"potentialAction\":[{\"@type\":\"SearchAction\",\"target\":{\"@type\":\"EntryPoint\",\"urlTemplate\":\"https:\/\/syndicoop.fr\/ufmict\/?s={search_term_string}\"},\"query-input\":{\"@type\":\"PropertyValueSpecification\",\"valueRequired\":true,\"valueName\":\"search_term_string\"}}],\"inLanguage\":\"fr-FR\"},{\"@type\":\"Person\",\"@id\":\"https:\/\/syndicoop.fr\/ufmict\/#\/schema\/person\/ab5976679b941ce6bc13a9e06da6996c\",\"name\":\"mhflechard\",\"image\":{\"@type\":\"ImageObject\",\"inLanguage\":\"fr-FR\",\"@id\":\"https:\/\/syndicoop.fr\/ufmict\/#\/schema\/person\/image\/\",\"url\":\"https:\/\/syndicoop.fr\/ufmict\/wp-content\/wphb-cache\/gravatar\/9bb\/9bb12ac6f28c511534d57086f7974e91x96.jpg\",\"contentUrl\":\"https:\/\/syndicoop.fr\/ufmict\/wp-content\/wphb-cache\/gravatar\/9bb\/9bb12ac6f28c511534d57086f7974e91x96.jpg\",\"caption\":\"mhflechard\"},\"url\":\"https:\/\/syndicoop.fr\/ufmict\/author\/mhflechard\/\"}]}<\/script>\n<!-- \/ Yoast SEO plugin. -->","yoast_head_json":{"title":"R\u00e9mun\u00e9ration des \u00e9l\u00e8ves directeur.rice.s de l\u2019\u00c9cole des Hautes \u00c9tudes en Sant\u00e9 Publique (EHESP) : la DGOS bouge enfin ! - UFMICT Sant\u00e9 et Action sociale","robots":{"index":"index","follow":"follow","max-snippet":"max-snippet:-1","max-image-preview":"max-image-preview:large","max-video-preview":"max-video-preview:-1"},"canonical":"https:\/\/syndicoop.fr\/ufmict\/remuneration-des-eleves-directeur-rice-s-de-lecole-des-hautes-etudes-en-sante-publique-ehesp-la-dgos-bouge-enfin\/","og_locale":"fr_FR","og_type":"article","og_title":"R\u00e9mun\u00e9ration des \u00e9l\u00e8ves directeur.rice.s de l\u2019\u00c9cole des Hautes \u00c9tudes en Sant\u00e9 Publique (EHESP) : la DGOS bouge enfin ! - UFMICT Sant\u00e9 et Action sociale","og_description":"La CGT obtient des avanc\u00e9es \u00e0 l\u2019issue du CSFPH du 22 juillet 2021 Montreuil, le 22 juillet 2021 Depuis de nombreuses ann\u00e9es, l\u2019UFMICT-CGT d\u00e9nonce la baisse de r\u00e9mun\u00e9ration subie par les \u00e9l\u00e8ves directeur.rice.s qui avaient, avant leur entr\u00e9e en formation, la qualit\u00e9 de contractuel.le.s ou de fonctionnaires. Nombre d\u2019entre elles et eux sont p\u00e9nalis\u00e9.e.s lors [&hellip;]","og_url":"https:\/\/syndicoop.fr\/ufmict\/remuneration-des-eleves-directeur-rice-s-de-lecole-des-hautes-etudes-en-sante-publique-ehesp-la-dgos-bouge-enfin\/","og_site_name":"UFMICT Sant\u00e9 et Action sociale","article_published_time":"2021-07-25T08:21:50+00:00","article_modified_time":"2022-07-01T11:28:14+00:00","og_image":[{"width":1400,"height":933,"url":"https:\/\/syndicoop.fr\/ufmict\/wp-content\/uploads\/sites\/38\/2022\/07\/formation.jpeg","type":"image\/jpeg"}],"author":"mhflechard","twitter_card":"summary_large_image","twitter_misc":{"\u00c9crit par":"mhflechard","Dur\u00e9e de lecture estim\u00e9e":"3 minutes"},"schema":{"@context":"https:\/\/schema.org","@graph":[{"@type":"WebPage","@id":"https:\/\/syndicoop.fr\/ufmict\/remuneration-des-eleves-directeur-rice-s-de-lecole-des-hautes-etudes-en-sante-publique-ehesp-la-dgos-bouge-enfin\/","url":"https:\/\/syndicoop.fr\/ufmict\/remuneration-des-eleves-directeur-rice-s-de-lecole-des-hautes-etudes-en-sante-publique-ehesp-la-dgos-bouge-enfin\/","name":"R\u00e9mun\u00e9ration des \u00e9l\u00e8ves directeur.rice.s de l\u2019\u00c9cole des Hautes \u00c9tudes en Sant\u00e9 Publique (EHESP) : la DGOS bouge enfin ! - UFMICT Sant\u00e9 et Action sociale","isPartOf":{"@id":"https:\/\/syndicoop.fr\/ufmict\/#website"},"primaryImageOfPage":{"@id":"https:\/\/syndicoop.fr\/ufmict\/remuneration-des-eleves-directeur-rice-s-de-lecole-des-hautes-etudes-en-sante-publique-ehesp-la-dgos-bouge-enfin\/#primaryimage"},"image":{"@id":"https:\/\/syndicoop.fr\/ufmict\/remuneration-des-eleves-directeur-rice-s-de-lecole-des-hautes-etudes-en-sante-publique-ehesp-la-dgos-bouge-enfin\/#primaryimage"},"thumbnailUrl":"https:\/\/syndicoop.fr\/ufmict\/wp-content\/uploads\/sites\/38\/2022\/07\/formation.jpeg","datePublished":"2021-07-25T08:21:50+00:00","dateModified":"2022-07-01T11:28:14+00:00","author":{"@id":"https:\/\/syndicoop.fr\/ufmict\/#\/schema\/person\/ab5976679b941ce6bc13a9e06da6996c"},"breadcrumb":{"@id":"https:\/\/syndicoop.fr\/ufmict\/remuneration-des-eleves-directeur-rice-s-de-lecole-des-hautes-etudes-en-sante-publique-ehesp-la-dgos-bouge-enfin\/#breadcrumb"},"inLanguage":"fr-FR","potentialAction":[{"@type":"ReadAction","target":["https:\/\/syndicoop.fr\/ufmict\/remuneration-des-eleves-directeur-rice-s-de-lecole-des-hautes-etudes-en-sante-publique-ehesp-la-dgos-bouge-enfin\/"]}]},{"@type":"ImageObject","inLanguage":"fr-FR","@id":"https:\/\/syndicoop.fr\/ufmict\/remuneration-des-eleves-directeur-rice-s-de-lecole-des-hautes-etudes-en-sante-publique-ehesp-la-dgos-bouge-enfin\/#primaryimage","url":"https:\/\/syndicoop.fr\/ufmict\/wp-content\/uploads\/sites\/38\/2022\/07\/formation.jpeg","contentUrl":"https:\/\/syndicoop.fr\/ufmict\/wp-content\/uploads\/sites\/38\/2022\/07\/formation.jpeg","width":1400,"height":933},{"@type":"BreadcrumbList","@id":"https:\/\/syndicoop.fr\/ufmict\/remuneration-des-eleves-directeur-rice-s-de-lecole-des-hautes-etudes-en-sante-publique-ehesp-la-dgos-bouge-enfin\/#breadcrumb","itemListElement":[{"@type":"ListItem","position":1,"name":"Accueil","item":"https:\/\/syndicoop.fr\/ufmict\/"},{"@type":"ListItem","position":2,"name":"R\u00e9mun\u00e9ration des \u00e9l\u00e8ves directeur.rice.s de l\u2019\u00c9cole des Hautes \u00c9tudes en Sant\u00e9 Publique (EHESP)&#160;: la DGOS bouge enfin&#160;!"}]},{"@type":"WebSite","@id":"https:\/\/syndicoop.fr\/ufmict\/#website","url":"https:\/\/syndicoop.fr\/ufmict\/","name":"UFMICT Sant\u00e9 et Action sociale","description":"Syndicoop - la plateforme syndicale et coop\u00e9rative","potentialAction":[{"@type":"SearchAction","target":{"@type":"EntryPoint","urlTemplate":"https:\/\/syndicoop.fr\/ufmict\/?s={search_term_string}"},"query-input":{"@type":"PropertyValueSpecification","valueRequired":true,"valueName":"search_term_string"}}],"inLanguage":"fr-FR"},{"@type":"Person","@id":"https:\/\/syndicoop.fr\/ufmict\/#\/schema\/person\/ab5976679b941ce6bc13a9e06da6996c","name":"mhflechard","image":{"@type":"ImageObject","inLanguage":"fr-FR","@id":"https:\/\/syndicoop.fr\/ufmict\/#\/schema\/person\/image\/","url":"https:\/\/syndicoop.fr\/ufmict\/wp-content\/wphb-cache\/gravatar\/9bb\/9bb12ac6f28c511534d57086f7974e91x96.jpg","contentUrl":"https:\/\/syndicoop.fr\/ufmict\/wp-content\/wphb-cache\/gravatar\/9bb\/9bb12ac6f28c511534d57086f7974e91x96.jpg","caption":"mhflechard"},"url":"https:\/\/syndicoop.fr\/ufmict\/author\/mhflechard\/"}]}},"_links":{"self":[{"href":"https:\/\/syndicoop.fr\/ufmict\/wp-json\/wp\/v2\/posts\/311","targetHints":{"allow":["GET"]}}],"collection":[{"href":"https:\/\/syndicoop.fr\/ufmict\/wp-json\/wp\/v2\/posts"}],"about":[{"href":"https:\/\/syndicoop.fr\/ufmict\/wp-json\/wp\/v2\/types\/post"}],"author":[{"embeddable":true,"href":"https:\/\/syndicoop.fr\/ufmict\/wp-json\/wp\/v2\/users\/4"}],"replies":[{"embeddable":true,"href":"https:\/\/syndicoop.fr\/ufmict\/wp-json\/wp\/v2\/comments?post=311"}],"version-history":[{"count":0,"href":"https:\/\/syndicoop.fr\/ufmict\/wp-json\/wp\/v2\/posts\/311\/revisions"}],"wp:featuredmedia":[{"embeddable":true,"href":"https:\/\/syndicoop.fr\/ufmict\/wp-json\/wp\/v2\/media\/312"}],"wp:attachment":[{"href":"https:\/\/syndicoop.fr\/ufmict\/wp-json\/wp\/v2\/media?parent=311"}],"wp:term":[{"taxonomy":"category","embeddable":true,"href":"https:\/\/syndicoop.fr\/ufmict\/wp-json\/wp\/v2\/categories?post=311"},{"taxonomy":"post_tag","embeddable":true,"href":"https:\/\/syndicoop.fr\/ufmict\/wp-json\/wp\/v2\/tags?post=311"}],"curies":[{"name":"wp","href":"https:\/\/api.w.org\/{rel}","templated":true}]}}