{"id":336,"date":"2022-07-04T12:51:07","date_gmt":"2022-07-04T10:51:07","guid":{"rendered":"https:\/\/syndicoop.fr\/ufmict\/?p=336"},"modified":"2022-07-04T12:51:16","modified_gmt":"2022-07-04T10:51:16","slug":"unicite-statutaire-dh-d3s","status":"publish","type":"post","link":"https:\/\/syndicoop.fr\/ufmict\/unicite-statutaire-dh-d3s\/","title":{"rendered":"UNICITE STATUTAIRE DH-D3S"},"content":{"rendered":"<div class=\"page\" title=\"Page 2\">\n<div class=\"layoutArea\">\n<div class=\"column\">\n<p>Cette re\u0301union fait suite a\u0300 l\u2019engagement pris en 2021 dans le cadre du groupe contact de rendre un arbitrage sur le principe de l\u2019unicite\u0301 statutaire des corps de DH et de D3S.<\/p>\n<p>Le projet d\u2019unicite\u0301 statutaire repose sur une attente croissante de reconnaissance professionnelle et d\u2019e\u0301galite\u0301 de traitement entre colle\u0300gues qui ont les me\u0302mes responsabilite\u0301s et de\u0301ploient un niveau de technicite\u0301 e\u0301quivalent dans leur exercice professionnel. La dichotomie statutaire n\u2019a plus lieu d\u2019e\u0302tre car la de\u0301marcation professionnelle entre le sanitaire et le me\u0301dico-social n\u2019est plus que de pure forme ; les postes de D3S et DH peuvent e\u0302tre occupe\u0301s indiffe\u0301remment par des DH ou des D3S et la mixite\u0301 au sein des e\u0301quipes de directions et dans les territoires desservis par les GHT est une re\u0301alite\u0301 quotidienne pour tous les colle\u0300gues.<\/p>\n<p>Au nom des trois organisations syndicales qui portent cette revendication depuis de trop longues anne\u0301es, nous exprimons notre satisfaction de pouvoir enfin exposer les arguments de cette e\u0301volution statutaire tant attendue, dont la simple e\u0301vocation a e\u0301te\u0301 si longtemps refuse\u0301e aux colle\u0300gues D3S. Pour autant, nous soulignons que ce cadre de discussion, s\u2019il en reste la\u0300, ne peut pas nous satisfaire.<\/p>\n<p>Le SYNCASS-CFDT, le CHFO et l\u2019UFIMCT-CGT repre\u0301sentent une tre\u0300s nette majorite\u0301 des voix des deux corps de DH et de D3S aux e\u0301lections professionnelles au CCN, encore amplifie\u0301e depuis 2018. Nos fe\u0301de\u0301rations, qui soutiennent notre revendication sans re\u0301serve, repre\u0301sentent a\u0300 elles trois plus de 80% des voix de la FPH. Fort de ce fait majoritaire incontestable, nous re\u0301clamons une ne\u0301gociation sur la de\u0301clinaison de l\u2019e\u0301volution statutaire.<\/p>\n<p>En effet, l\u2019Etat ne peut plus de\u0301sormais proce\u0301der par de\u0301cisions unilate\u0301rales pour faire e\u0301voluer l\u2019ensemble du cadre statutaire qui s\u2019applique aux agents de la fonction publique. L\u2019ordonnance du 17 fe\u0301vrier 2021 cre\u0301e un ensemble de re\u0300gles de ne\u0301gociation collective qui s\u2019imposent aux pouvoirs publics, et dans lesquelles nos trois organisations sont pre\u0302tes a\u0300 s\u2019engager.<\/p>\n<p>Nous entendons bien faire valoir que les corps de direction de la FPH sont dignes de la me\u0302me attention que celle des autres versants, et que leurs repre\u0301sentants sont le\u0301gitimes pour contribuer a\u0300 la construction des re\u0300gles et des garanties qui leurs seront applique\u0301es. Le de\u0301roulement des carrie\u0300res et la promotion professionnelle, les modalite\u0301s de mise en \u0153uvre de politiques indemnitaires, l\u2019e\u0301volution des me\u0301tiers et la gestion pre\u0301visionnelle des emplois et des compe\u0301tences sont autant de the\u0300mes en lien direct avec le statut, et sur lesquels les organisations syndicales sont compe\u0301tentes pour conclure des accords opposables.<\/p>\n<p>Nous concevons donc la re\u0301union qui s\u2019ouvre comme le de\u0301but d\u2019un processus. Nos arguments sont pre\u0302ts, valide\u0301s par l\u2019e\u0301volution de nos fonctions, conforte\u0301s par les e\u0301volutions en cours de la haute fonction publique de l\u2019Etat. Il y a une occasion historique a\u0300 saisir pour que l\u2019unicite\u0301 statutaire se concre\u0301tise, marquant une reconnaissance de\u0301terminante de la fonction de direction de tous nos e\u0301tablissements. Nous ne la laisserons pas passer.<\/p>\n<p>Anne MEUNIER<br \/>\nDidier HOELTGEN<br \/>\nThomas DEREGNAUCOURT<\/p>\n<\/div>\n<h3>T\u00e9l\u00e9chargez le document complet : <a href=\"https:\/\/syndicoop.fr\/ufmict\/wp-content\/uploads\/sites\/38\/2022\/07\/Plateforme-unicite-statutair-e-CFDT_FO_CGT_-2022-01-10.pdf\">Plateforme unicite statutaire CFDT_FO_CGT<\/a><\/h3>\n<\/div>\n<\/div>\n","protected":false},"excerpt":{"rendered":"<p>Cette re\u0301union fait suite a\u0300 l\u2019engagement pris en 2021 dans le cadre du groupe contact de rendre un arbitrage sur le principe de l\u2019unicite\u0301 statutaire des corps de DH et de D3S. Le projet d\u2019unicite\u0301 statutaire repose sur une attente croissante de reconnaissance professionnelle et d\u2019e\u0301galite\u0301 de traitement entre colle\u0300gues qui ont les me\u0302mes responsabilite\u0301s [&hellip;]<\/p>\n","protected":false},"author":4,"featured_media":338,"comment_status":"open","ping_status":"closed","sticky":false,"template":"","format":"standard","meta":{"_acf_changed":false,"footnotes":""},"categories":[235],"tags":[184,211,243,242],"class_list":["post-336","post","type-post","status-publish","format-standard","has-post-thumbnail","hentry","category-directeur-trice","tag-direction","tag-fonction-publique","tag-intersyndicale","tag-statut","featuring-alaune","perimetre-direction","themes-services-publics","documents-decryptages"],"acf":[],"yoast_head":"<!-- This site is optimized with the Yoast SEO plugin v26.3 - https:\/\/yoast.com\/wordpress\/plugins\/seo\/ -->\n<title>UNICITE STATUTAIRE DH-D3S - UFMICT Sant\u00e9 et Action sociale<\/title>\n<meta name=\"robots\" content=\"index, follow, max-snippet:-1, max-image-preview:large, max-video-preview:-1\" \/>\n<link rel=\"canonical\" href=\"https:\/\/syndicoop.fr\/ufmict\/unicite-statutaire-dh-d3s\/\" \/>\n<meta property=\"og:locale\" content=\"fr_FR\" \/>\n<meta property=\"og:type\" content=\"article\" \/>\n<meta property=\"og:title\" content=\"UNICITE STATUTAIRE DH-D3S - UFMICT Sant\u00e9 et Action sociale\" \/>\n<meta property=\"og:description\" content=\"Cette re\u0301union fait suite a\u0300 l\u2019engagement pris en 2021 dans le cadre du groupe contact de rendre un arbitrage sur le principe de l\u2019unicite\u0301 statutaire des corps de DH et de D3S. Le projet d\u2019unicite\u0301 statutaire repose sur une attente croissante de reconnaissance professionnelle et d\u2019e\u0301galite\u0301 de traitement entre colle\u0300gues qui ont les me\u0302mes responsabilite\u0301s [&hellip;]\" \/>\n<meta property=\"og:url\" content=\"https:\/\/syndicoop.fr\/ufmict\/unicite-statutaire-dh-d3s\/\" \/>\n<meta property=\"og:site_name\" content=\"UFMICT Sant\u00e9 et Action sociale\" \/>\n<meta property=\"article:published_time\" content=\"2022-07-04T10:51:07+00:00\" \/>\n<meta property=\"article:modified_time\" content=\"2022-07-04T10:51:16+00:00\" \/>\n<meta property=\"og:image\" content=\"https:\/\/syndicoop.fr\/ufmict\/wp-content\/uploads\/sites\/38\/2022\/07\/statut.jpeg\" \/>\n\t<meta property=\"og:image:width\" content=\"640\" \/>\n\t<meta property=\"og:image:height\" content=\"449\" \/>\n\t<meta property=\"og:image:type\" content=\"image\/jpeg\" \/>\n<meta name=\"author\" content=\"mhflechard\" \/>\n<meta name=\"twitter:card\" content=\"summary_large_image\" \/>\n<meta name=\"twitter:label1\" content=\"\u00c9crit par\" \/>\n\t<meta name=\"twitter:data1\" content=\"mhflechard\" \/>\n\t<meta name=\"twitter:label2\" content=\"Dur\u00e9e de lecture estim\u00e9e\" \/>\n\t<meta name=\"twitter:data2\" content=\"3 minutes\" \/>\n<script type=\"application\/ld+json\" class=\"yoast-schema-graph\">{\"@context\":\"https:\/\/schema.org\",\"@graph\":[{\"@type\":\"WebPage\",\"@id\":\"https:\/\/syndicoop.fr\/ufmict\/unicite-statutaire-dh-d3s\/\",\"url\":\"https:\/\/syndicoop.fr\/ufmict\/unicite-statutaire-dh-d3s\/\",\"name\":\"UNICITE STATUTAIRE DH-D3S - UFMICT Sant\u00e9 et Action sociale\",\"isPartOf\":{\"@id\":\"https:\/\/syndicoop.fr\/ufmict\/#website\"},\"primaryImageOfPage\":{\"@id\":\"https:\/\/syndicoop.fr\/ufmict\/unicite-statutaire-dh-d3s\/#primaryimage\"},\"image\":{\"@id\":\"https:\/\/syndicoop.fr\/ufmict\/unicite-statutaire-dh-d3s\/#primaryimage\"},\"thumbnailUrl\":\"https:\/\/syndicoop.fr\/ufmict\/wp-content\/uploads\/sites\/38\/2022\/07\/statut.jpeg\",\"datePublished\":\"2022-07-04T10:51:07+00:00\",\"dateModified\":\"2022-07-04T10:51:16+00:00\",\"author\":{\"@id\":\"https:\/\/syndicoop.fr\/ufmict\/#\/schema\/person\/ab5976679b941ce6bc13a9e06da6996c\"},\"breadcrumb\":{\"@id\":\"https:\/\/syndicoop.fr\/ufmict\/unicite-statutaire-dh-d3s\/#breadcrumb\"},\"inLanguage\":\"fr-FR\",\"potentialAction\":[{\"@type\":\"ReadAction\",\"target\":[\"https:\/\/syndicoop.fr\/ufmict\/unicite-statutaire-dh-d3s\/\"]}]},{\"@type\":\"ImageObject\",\"inLanguage\":\"fr-FR\",\"@id\":\"https:\/\/syndicoop.fr\/ufmict\/unicite-statutaire-dh-d3s\/#primaryimage\",\"url\":\"https:\/\/syndicoop.fr\/ufmict\/wp-content\/uploads\/sites\/38\/2022\/07\/statut.jpeg\",\"contentUrl\":\"https:\/\/syndicoop.fr\/ufmict\/wp-content\/uploads\/sites\/38\/2022\/07\/statut.jpeg\",\"width\":640,\"height\":449},{\"@type\":\"BreadcrumbList\",\"@id\":\"https:\/\/syndicoop.fr\/ufmict\/unicite-statutaire-dh-d3s\/#breadcrumb\",\"itemListElement\":[{\"@type\":\"ListItem\",\"position\":1,\"name\":\"Accueil\",\"item\":\"https:\/\/syndicoop.fr\/ufmict\/\"},{\"@type\":\"ListItem\",\"position\":2,\"name\":\"UNICITE STATUTAIRE DH-D3S\"}]},{\"@type\":\"WebSite\",\"@id\":\"https:\/\/syndicoop.fr\/ufmict\/#website\",\"url\":\"https:\/\/syndicoop.fr\/ufmict\/\",\"name\":\"UFMICT Sant\u00e9 et Action sociale\",\"description\":\"Syndicoop - la plateforme syndicale et coop\u00e9rative\",\"potentialAction\":[{\"@type\":\"SearchAction\",\"target\":{\"@type\":\"EntryPoint\",\"urlTemplate\":\"https:\/\/syndicoop.fr\/ufmict\/?s={search_term_string}\"},\"query-input\":{\"@type\":\"PropertyValueSpecification\",\"valueRequired\":true,\"valueName\":\"search_term_string\"}}],\"inLanguage\":\"fr-FR\"},{\"@type\":\"Person\",\"@id\":\"https:\/\/syndicoop.fr\/ufmict\/#\/schema\/person\/ab5976679b941ce6bc13a9e06da6996c\",\"name\":\"mhflechard\",\"image\":{\"@type\":\"ImageObject\",\"inLanguage\":\"fr-FR\",\"@id\":\"https:\/\/syndicoop.fr\/ufmict\/#\/schema\/person\/image\/\",\"url\":\"https:\/\/syndicoop.fr\/ufmict\/wp-content\/wphb-cache\/gravatar\/9bb\/9bb12ac6f28c511534d57086f7974e91x96.jpg\",\"contentUrl\":\"https:\/\/syndicoop.fr\/ufmict\/wp-content\/wphb-cache\/gravatar\/9bb\/9bb12ac6f28c511534d57086f7974e91x96.jpg\",\"caption\":\"mhflechard\"},\"url\":\"https:\/\/syndicoop.fr\/ufmict\/author\/mhflechard\/\"}]}<\/script>\n<!-- \/ Yoast SEO plugin. -->","yoast_head_json":{"title":"UNICITE STATUTAIRE DH-D3S - UFMICT Sant\u00e9 et Action sociale","robots":{"index":"index","follow":"follow","max-snippet":"max-snippet:-1","max-image-preview":"max-image-preview:large","max-video-preview":"max-video-preview:-1"},"canonical":"https:\/\/syndicoop.fr\/ufmict\/unicite-statutaire-dh-d3s\/","og_locale":"fr_FR","og_type":"article","og_title":"UNICITE STATUTAIRE DH-D3S - UFMICT Sant\u00e9 et Action sociale","og_description":"Cette re\u0301union fait suite a\u0300 l\u2019engagement pris en 2021 dans le cadre du groupe contact de rendre un arbitrage sur le principe de l\u2019unicite\u0301 statutaire des corps de DH et de D3S. Le projet d\u2019unicite\u0301 statutaire repose sur une attente croissante de reconnaissance professionnelle et d\u2019e\u0301galite\u0301 de traitement entre colle\u0300gues qui ont les me\u0302mes responsabilite\u0301s [&hellip;]","og_url":"https:\/\/syndicoop.fr\/ufmict\/unicite-statutaire-dh-d3s\/","og_site_name":"UFMICT Sant\u00e9 et Action sociale","article_published_time":"2022-07-04T10:51:07+00:00","article_modified_time":"2022-07-04T10:51:16+00:00","og_image":[{"width":640,"height":449,"url":"https:\/\/syndicoop.fr\/ufmict\/wp-content\/uploads\/sites\/38\/2022\/07\/statut.jpeg","type":"image\/jpeg"}],"author":"mhflechard","twitter_card":"summary_large_image","twitter_misc":{"\u00c9crit par":"mhflechard","Dur\u00e9e de lecture estim\u00e9e":"3 minutes"},"schema":{"@context":"https:\/\/schema.org","@graph":[{"@type":"WebPage","@id":"https:\/\/syndicoop.fr\/ufmict\/unicite-statutaire-dh-d3s\/","url":"https:\/\/syndicoop.fr\/ufmict\/unicite-statutaire-dh-d3s\/","name":"UNICITE STATUTAIRE DH-D3S - UFMICT Sant\u00e9 et Action sociale","isPartOf":{"@id":"https:\/\/syndicoop.fr\/ufmict\/#website"},"primaryImageOfPage":{"@id":"https:\/\/syndicoop.fr\/ufmict\/unicite-statutaire-dh-d3s\/#primaryimage"},"image":{"@id":"https:\/\/syndicoop.fr\/ufmict\/unicite-statutaire-dh-d3s\/#primaryimage"},"thumbnailUrl":"https:\/\/syndicoop.fr\/ufmict\/wp-content\/uploads\/sites\/38\/2022\/07\/statut.jpeg","datePublished":"2022-07-04T10:51:07+00:00","dateModified":"2022-07-04T10:51:16+00:00","author":{"@id":"https:\/\/syndicoop.fr\/ufmict\/#\/schema\/person\/ab5976679b941ce6bc13a9e06da6996c"},"breadcrumb":{"@id":"https:\/\/syndicoop.fr\/ufmict\/unicite-statutaire-dh-d3s\/#breadcrumb"},"inLanguage":"fr-FR","potentialAction":[{"@type":"ReadAction","target":["https:\/\/syndicoop.fr\/ufmict\/unicite-statutaire-dh-d3s\/"]}]},{"@type":"ImageObject","inLanguage":"fr-FR","@id":"https:\/\/syndicoop.fr\/ufmict\/unicite-statutaire-dh-d3s\/#primaryimage","url":"https:\/\/syndicoop.fr\/ufmict\/wp-content\/uploads\/sites\/38\/2022\/07\/statut.jpeg","contentUrl":"https:\/\/syndicoop.fr\/ufmict\/wp-content\/uploads\/sites\/38\/2022\/07\/statut.jpeg","width":640,"height":449},{"@type":"BreadcrumbList","@id":"https:\/\/syndicoop.fr\/ufmict\/unicite-statutaire-dh-d3s\/#breadcrumb","itemListElement":[{"@type":"ListItem","position":1,"name":"Accueil","item":"https:\/\/syndicoop.fr\/ufmict\/"},{"@type":"ListItem","position":2,"name":"UNICITE STATUTAIRE DH-D3S"}]},{"@type":"WebSite","@id":"https:\/\/syndicoop.fr\/ufmict\/#website","url":"https:\/\/syndicoop.fr\/ufmict\/","name":"UFMICT Sant\u00e9 et Action sociale","description":"Syndicoop - la plateforme syndicale et coop\u00e9rative","potentialAction":[{"@type":"SearchAction","target":{"@type":"EntryPoint","urlTemplate":"https:\/\/syndicoop.fr\/ufmict\/?s={search_term_string}"},"query-input":{"@type":"PropertyValueSpecification","valueRequired":true,"valueName":"search_term_string"}}],"inLanguage":"fr-FR"},{"@type":"Person","@id":"https:\/\/syndicoop.fr\/ufmict\/#\/schema\/person\/ab5976679b941ce6bc13a9e06da6996c","name":"mhflechard","image":{"@type":"ImageObject","inLanguage":"fr-FR","@id":"https:\/\/syndicoop.fr\/ufmict\/#\/schema\/person\/image\/","url":"https:\/\/syndicoop.fr\/ufmict\/wp-content\/wphb-cache\/gravatar\/9bb\/9bb12ac6f28c511534d57086f7974e91x96.jpg","contentUrl":"https:\/\/syndicoop.fr\/ufmict\/wp-content\/wphb-cache\/gravatar\/9bb\/9bb12ac6f28c511534d57086f7974e91x96.jpg","caption":"mhflechard"},"url":"https:\/\/syndicoop.fr\/ufmict\/author\/mhflechard\/"}]}},"_links":{"self":[{"href":"https:\/\/syndicoop.fr\/ufmict\/wp-json\/wp\/v2\/posts\/336","targetHints":{"allow":["GET"]}}],"collection":[{"href":"https:\/\/syndicoop.fr\/ufmict\/wp-json\/wp\/v2\/posts"}],"about":[{"href":"https:\/\/syndicoop.fr\/ufmict\/wp-json\/wp\/v2\/types\/post"}],"author":[{"embeddable":true,"href":"https:\/\/syndicoop.fr\/ufmict\/wp-json\/wp\/v2\/users\/4"}],"replies":[{"embeddable":true,"href":"https:\/\/syndicoop.fr\/ufmict\/wp-json\/wp\/v2\/comments?post=336"}],"version-history":[{"count":0,"href":"https:\/\/syndicoop.fr\/ufmict\/wp-json\/wp\/v2\/posts\/336\/revisions"}],"wp:featuredmedia":[{"embeddable":true,"href":"https:\/\/syndicoop.fr\/ufmict\/wp-json\/wp\/v2\/media\/338"}],"wp:attachment":[{"href":"https:\/\/syndicoop.fr\/ufmict\/wp-json\/wp\/v2\/media?parent=336"}],"wp:term":[{"taxonomy":"category","embeddable":true,"href":"https:\/\/syndicoop.fr\/ufmict\/wp-json\/wp\/v2\/categories?post=336"},{"taxonomy":"post_tag","embeddable":true,"href":"https:\/\/syndicoop.fr\/ufmict\/wp-json\/wp\/v2\/tags?post=336"}],"curies":[{"name":"wp","href":"https:\/\/api.w.org\/{rel}","templated":true}]}}