{"id":378,"date":"2023-10-06T12:32:44","date_gmt":"2023-10-06T10:32:44","guid":{"rendered":"https:\/\/syndicoop.fr\/ufmict\/?p=378"},"modified":"2023-12-15T17:11:36","modified_gmt":"2023-12-15T16:11:36","slug":"appel-du-congres-ufmict-cgt","status":"publish","type":"post","link":"https:\/\/syndicoop.fr\/ufmict\/appel-du-congres-ufmict-cgt\/","title":{"rendered":"Appel du Congr\u00e8s UFMICT CGT"},"content":{"rendered":"<p>Les h\u00f4pitaux, l\u2019action sociale, la sant\u00e9 en g\u00e9n\u00e9ral subissent un \u00e9tranglement budg\u00e9taire organis\u00e9 depuis des ann\u00e9es par les gouvernements successifs.<br \/>\nEt le pr\u00e9sident de la R\u00e9publique a d\u00e9cid\u00e9 que le Projet de Loi de Finance de la S\u00e9curit\u00e9 Sociale (PLFSS) 2024 augmentera moins que l\u2019inflation et que l\u2019\u00e9volution des co\u00fbts !<br \/>\nPourtant l\u2019argent existe :<br \/>\n&#8211; En effet le gouvernement offre 75 milliards d\u2019\u20ac par an aux patrons d\u2019exon\u00e9rations de cotisations sociales. Ces cotisations seraient bien utiles \u00e0 la s\u00e9curit\u00e9 sociale, aux h\u00f4pitaux, \u00e0 la sant\u00e9 !<br \/>\n&#8211; Une augmentation de 20% du budget des h\u00f4pitaux repr\u00e9senterait 20 milliards d\u2019euros soit moins de 2% de la fortune des 500 patrons les plus riches de France ou moins de la moiti\u00e9 des dividendes du seul 2e trimestre 2023 vers\u00e9s aux actionnaires du CAC 40.<br \/>\n&#8211; 413 milliards d\u2019euros ont \u00e9t\u00e9 d\u00e9cid\u00e9s dans la Loi Programmation Militaire soit + 40% d\u2019augmentation du budget pr\u00e9vu pour la guerre (et + 50% depuis 5 ans).<\/p>\n<p>D\u2019ores et d\u00e9j\u00e0, nous constatons des pertes de chance, une hausse des d\u00e9c\u00e8s et la d\u00e9gradation de la sant\u00e9 publique.<\/p>\n<h3><\/h3>\n<h3>Ce que nous revendiquons :<\/h3>\n<p><strong>Un vrai plan d\u2019urgence :<\/strong><br \/>\n&#8211; Augmentation des salaires de toute URGENCE face \u00e0 l\u2019inflation. Le chiffre officiel de l\u2019augmentation du co\u00fbt de la vie est + 4,9 % en septembre 2023 et c\u2019est une moyenne car pour l\u2019alimentation c\u2019est + 9,6%, pour l\u2019\u00e9nergie c\u2019est +11% !<br \/>\n&#8211; Augmentation de tous les salaires, augmentation r\u00e9elle du point d\u2019indice<br \/>\n&#8211; Embauche massive de professionnel.les<br \/>\n&#8211; Meilleur \u00e9quilibre temps de travail et vie personnelle, respect de la l\u00e9gislation<br \/>\n&#8211; Ouverture des \u00e9coles de formation et augmentation des promotions (\u00e9tudes m\u00e9dicales, infirmiers, aides-soignants, \u00e9ducateurs, r\u00e9\u00e9ducateurs \u2026 )<br \/>\n&#8211; Maintien des Dipl\u00f4mes d\u2019Etat, menac\u00e9s, et des grilles de salaire corr\u00e9l\u00e9es et am\u00e9lior\u00e9es<br \/>\n&#8211; Restitution de la Cat\u00e9gorie active dans la FPH<\/p>\n<p>Nous appelons les salari\u00e9s, les \u00e9tudiants, les retrait\u00e9s \u00e0 se syndiquer massivement. Nous appelons nos coll\u00e8gues, \u00e0 rejoindre la CGT, l\u2019UFMICT CGT, y compris \u00e0 travers ses collectifs professionnels, pour continuer \u00e0 se battre \u00e0 partir des revendications sp\u00e9cifiques de chaque profession en phase avec toutes les revendications de la CGT.<\/p>\n<p>Les camarades qui b\u00e9n\u00e9ficient d\u2019un mandat peuvent ainsi porter les revendications pr\u00e9cises et assurer le retour indispensable avec l\u2019ensemble des professionnels et des militants.<\/p>\n<p>Enfin, nous voulons mettre fin \u00e0 un management de plus en plus pathog\u00e8ne, principalement tourn\u00e9 vers la finance et l\u2019argent, occasionnant la maltraitance et la souffrance au travail, au d\u00e9triment de l\u2019humain, afin d\u2019\u00e9tablir une organisation du travail orient\u00e9e vers le service du patient et de l\u2019usager.<\/p>\n<p>Nous contestons les glissements de t\u00e2ches et d\u2019actes, lesquels sont pratiqu\u00e9s de plus en plus massivement et d\u00e9pr\u00e9cient nos professions. Nous voulons retrouver un sens au travail et du service public.<\/p>\n<p><strong>Partout nous nous battons mais il y a peu de victoires ; il est urgent d\u2019en finir avec cette politique d\u2019aust\u00e9rit\u00e9 qui fait le lit de l\u2019extr\u00eame droite, il est urgent d\u2019inverser la tendance.<\/strong><\/p>\n<p>Il faut un grand mouvement d\u2019ampleur, seule de fa\u00e7on de faire reculer cette politique.<\/p>\n<p><strong>L\u2019argent pour la sant\u00e9, pas pour la guerre<\/strong><\/p>\n<p>APPELONS NOS COLLEGUES ET LA POPULATION A NOUS REJOINDRE A S\u2019ORGANISER<\/p>\n<p><strong>PROCHAIN RENDEZ VOUS LE 13 OCTOBRE 2023<\/strong><\/p>\n<p><strong>ADOPTE A L\u2019UNANIMITE<\/strong><br \/>\n<strong>Derni\u00e8re minute : Nous avons \u00e9t\u00e9 alert\u00e9s par la situation d\u00e9grad\u00e9e de l\u2019EHPAD Saint Martin de R\u00e9, qui comme dans de nombreux endroits de France, fait l\u2019objet de fermeture de lits et d\u2019unit\u00e9s, en raison de difficult\u00e9s de recrutement et de logement des professionnel.les. Nous voulons des r\u00e9mun\u00e9rations et des moyens adapt\u00e9s. Les professionnel.le.s doivent \u00eatre soutenus y compris dans l\u2019acc\u00e8s au logement. Nous avons tenu \u00e0 d\u00e9noncer ces faits dans une motion de soutien et avons rejoint la manifestation. Nous avons interpell\u00e9, le 5 octobre 2023, les \u00e9lus locaux qui sont souvent en retrait de ces r\u00e9alit\u00e9s de terrain.<\/strong><\/p>\n","protected":false},"excerpt":{"rendered":"<p>Les h\u00f4pitaux, l\u2019action sociale, la sant\u00e9 en g\u00e9n\u00e9ral subissent un \u00e9tranglement budg\u00e9taire organis\u00e9 depuis des ann\u00e9es par les gouvernements successifs. Et le pr\u00e9sident de la R\u00e9publique a d\u00e9cid\u00e9 que le Projet de Loi de Finance de la S\u00e9curit\u00e9 Sociale (PLFSS) 2024 augmentera moins que l\u2019inflation et que l\u2019\u00e9volution des co\u00fbts ! Pourtant l\u2019argent existe : [&hellip;]<\/p>\n","protected":false},"author":2061,"featured_media":215,"comment_status":"open","ping_status":"closed","sticky":false,"template":"","format":"standard","meta":{"_acf_changed":false,"footnotes":""},"categories":[175],"tags":[],"class_list":["post-378","post","type-post","status-publish","format-standard","has-post-thumbnail","hentry","category-ufmict","featuring-alaune","themes-conditions-de-travail","themes-congres","themes-emploi","themes-salaires","documents-articles"],"acf":[],"yoast_head":"<!-- This site is optimized with the Yoast SEO plugin v26.3 - https:\/\/yoast.com\/wordpress\/plugins\/seo\/ -->\n<title>Appel du Congr\u00e8s UFMICT CGT - UFMICT Sant\u00e9 et Action sociale<\/title>\n<meta name=\"description\" content=\"Les h\u00f4pitaux, l\u2019action sociale, la sant\u00e9 en g\u00e9n\u00e9ral subissent un \u00e9tranglement budg\u00e9taire organis\u00e9 depuis des ann\u00e9es par les gouvernements successifs.Et le pr\u00e9sident de la R\u00e9publique a d\u00e9cid\u00e9 que le Projet de Loi de Finance de la S\u00e9curit\u00e9 Sociale (PLFSS) 2024 augmentera moins que l\u2019inflation et que l\u2019\u00e9volution des co\u00fbts !\" \/>\n<meta name=\"robots\" content=\"index, follow, max-snippet:-1, max-image-preview:large, max-video-preview:-1\" \/>\n<link rel=\"canonical\" href=\"https:\/\/syndicoop.fr\/ufmict\/appel-du-congres-ufmict-cgt\/\" \/>\n<meta property=\"og:locale\" content=\"fr_FR\" \/>\n<meta property=\"og:type\" content=\"article\" \/>\n<meta property=\"og:title\" content=\"Appel du Congr\u00e8s UFMICT CGT - UFMICT Sant\u00e9 et Action sociale\" \/>\n<meta property=\"og:description\" content=\"Les h\u00f4pitaux, l\u2019action sociale, la sant\u00e9 en g\u00e9n\u00e9ral subissent un \u00e9tranglement budg\u00e9taire organis\u00e9 depuis des ann\u00e9es par les gouvernements successifs.Et le pr\u00e9sident de la R\u00e9publique a d\u00e9cid\u00e9 que le Projet de Loi de Finance de la S\u00e9curit\u00e9 Sociale (PLFSS) 2024 augmentera moins que l\u2019inflation et que l\u2019\u00e9volution des co\u00fbts !\" \/>\n<meta property=\"og:url\" content=\"https:\/\/syndicoop.fr\/ufmict\/appel-du-congres-ufmict-cgt\/\" \/>\n<meta property=\"og:site_name\" content=\"UFMICT Sant\u00e9 et Action sociale\" \/>\n<meta property=\"article:published_time\" content=\"2023-10-06T10:32:44+00:00\" \/>\n<meta property=\"article:modified_time\" content=\"2023-12-15T16:11:36+00:00\" \/>\n<meta property=\"og:image\" content=\"https:\/\/syndicoop.fr\/ufmict\/wp-content\/uploads\/sites\/38\/2020\/10\/salaire-verrouille.jpg\" \/>\n\t<meta property=\"og:image:width\" content=\"1000\" \/>\n\t<meta property=\"og:image:height\" content=\"665\" \/>\n\t<meta property=\"og:image:type\" content=\"image\/jpeg\" \/>\n<meta name=\"author\" content=\"isabelle PUGLIESE\" \/>\n<meta name=\"twitter:card\" content=\"summary_large_image\" \/>\n<meta name=\"twitter:label1\" content=\"\u00c9crit par\" \/>\n\t<meta name=\"twitter:data1\" content=\"isabelle PUGLIESE\" \/>\n\t<meta name=\"twitter:label2\" content=\"Dur\u00e9e de lecture estim\u00e9e\" \/>\n\t<meta name=\"twitter:data2\" content=\"4 minutes\" \/>\n<script type=\"application\/ld+json\" class=\"yoast-schema-graph\">{\"@context\":\"https:\/\/schema.org\",\"@graph\":[{\"@type\":\"WebPage\",\"@id\":\"https:\/\/syndicoop.fr\/ufmict\/appel-du-congres-ufmict-cgt\/\",\"url\":\"https:\/\/syndicoop.fr\/ufmict\/appel-du-congres-ufmict-cgt\/\",\"name\":\"Appel du Congr\u00e8s UFMICT CGT - UFMICT Sant\u00e9 et Action sociale\",\"isPartOf\":{\"@id\":\"https:\/\/syndicoop.fr\/ufmict\/#website\"},\"primaryImageOfPage\":{\"@id\":\"https:\/\/syndicoop.fr\/ufmict\/appel-du-congres-ufmict-cgt\/#primaryimage\"},\"image\":{\"@id\":\"https:\/\/syndicoop.fr\/ufmict\/appel-du-congres-ufmict-cgt\/#primaryimage\"},\"thumbnailUrl\":\"https:\/\/syndicoop.fr\/ufmict\/wp-content\/uploads\/sites\/38\/2020\/10\/salaire-verrouille.jpg\",\"datePublished\":\"2023-10-06T10:32:44+00:00\",\"dateModified\":\"2023-12-15T16:11:36+00:00\",\"author\":{\"@id\":\"https:\/\/syndicoop.fr\/ufmict\/#\/schema\/person\/120e0ea69c281cd210f6deb3c20a99f8\"},\"description\":\"Les h\u00f4pitaux, l\u2019action sociale, la sant\u00e9 en g\u00e9n\u00e9ral subissent un \u00e9tranglement budg\u00e9taire organis\u00e9 depuis des ann\u00e9es par les gouvernements successifs.Et le pr\u00e9sident de la R\u00e9publique a d\u00e9cid\u00e9 que le Projet de Loi de Finance de la S\u00e9curit\u00e9 Sociale (PLFSS) 2024 augmentera moins que l\u2019inflation et que l\u2019\u00e9volution des co\u00fbts !\",\"breadcrumb\":{\"@id\":\"https:\/\/syndicoop.fr\/ufmict\/appel-du-congres-ufmict-cgt\/#breadcrumb\"},\"inLanguage\":\"fr-FR\",\"potentialAction\":[{\"@type\":\"ReadAction\",\"target\":[\"https:\/\/syndicoop.fr\/ufmict\/appel-du-congres-ufmict-cgt\/\"]}]},{\"@type\":\"ImageObject\",\"inLanguage\":\"fr-FR\",\"@id\":\"https:\/\/syndicoop.fr\/ufmict\/appel-du-congres-ufmict-cgt\/#primaryimage\",\"url\":\"https:\/\/syndicoop.fr\/ufmict\/wp-content\/uploads\/sites\/38\/2020\/10\/salaire-verrouille.jpg\",\"contentUrl\":\"https:\/\/syndicoop.fr\/ufmict\/wp-content\/uploads\/sites\/38\/2020\/10\/salaire-verrouille.jpg\",\"width\":1000,\"height\":665},{\"@type\":\"BreadcrumbList\",\"@id\":\"https:\/\/syndicoop.fr\/ufmict\/appel-du-congres-ufmict-cgt\/#breadcrumb\",\"itemListElement\":[{\"@type\":\"ListItem\",\"position\":1,\"name\":\"Accueil\",\"item\":\"https:\/\/syndicoop.fr\/ufmict\/\"},{\"@type\":\"ListItem\",\"position\":2,\"name\":\"Appel du Congr\u00e8s UFMICT CGT\"}]},{\"@type\":\"WebSite\",\"@id\":\"https:\/\/syndicoop.fr\/ufmict\/#website\",\"url\":\"https:\/\/syndicoop.fr\/ufmict\/\",\"name\":\"UFMICT Sant\u00e9 et Action sociale\",\"description\":\"Syndicoop - la plateforme syndicale et coop\u00e9rative\",\"potentialAction\":[{\"@type\":\"SearchAction\",\"target\":{\"@type\":\"EntryPoint\",\"urlTemplate\":\"https:\/\/syndicoop.fr\/ufmict\/?s={search_term_string}\"},\"query-input\":{\"@type\":\"PropertyValueSpecification\",\"valueRequired\":true,\"valueName\":\"search_term_string\"}}],\"inLanguage\":\"fr-FR\"},{\"@type\":\"Person\",\"@id\":\"https:\/\/syndicoop.fr\/ufmict\/#\/schema\/person\/120e0ea69c281cd210f6deb3c20a99f8\",\"name\":\"isabelle PUGLIESE\",\"image\":{\"@type\":\"ImageObject\",\"inLanguage\":\"fr-FR\",\"@id\":\"https:\/\/syndicoop.fr\/ufmict\/#\/schema\/person\/image\/\",\"url\":\"\/\/www.gravatar.com\/avatar\/57ac83cfe59eeb459a123586132c9c8a?s=96&#038;r=g&#038;d=mm\",\"contentUrl\":\"\/\/www.gravatar.com\/avatar\/57ac83cfe59eeb459a123586132c9c8a?s=96&#038;r=g&#038;d=mm\",\"caption\":\"isabelle PUGLIESE\"},\"url\":\"https:\/\/syndicoop.fr\/ufmict\/author\/ipugliese\/\"}]}<\/script>\n<!-- \/ Yoast SEO plugin. -->","yoast_head_json":{"title":"Appel du Congr\u00e8s UFMICT CGT - UFMICT Sant\u00e9 et Action sociale","description":"Les h\u00f4pitaux, l\u2019action sociale, la sant\u00e9 en g\u00e9n\u00e9ral subissent un \u00e9tranglement budg\u00e9taire organis\u00e9 depuis des ann\u00e9es par les gouvernements successifs.Et le pr\u00e9sident de la R\u00e9publique a d\u00e9cid\u00e9 que le Projet de Loi de Finance de la S\u00e9curit\u00e9 Sociale (PLFSS) 2024 augmentera moins que l\u2019inflation et que l\u2019\u00e9volution des co\u00fbts !","robots":{"index":"index","follow":"follow","max-snippet":"max-snippet:-1","max-image-preview":"max-image-preview:large","max-video-preview":"max-video-preview:-1"},"canonical":"https:\/\/syndicoop.fr\/ufmict\/appel-du-congres-ufmict-cgt\/","og_locale":"fr_FR","og_type":"article","og_title":"Appel du Congr\u00e8s UFMICT CGT - UFMICT Sant\u00e9 et Action sociale","og_description":"Les h\u00f4pitaux, l\u2019action sociale, la sant\u00e9 en g\u00e9n\u00e9ral subissent un \u00e9tranglement budg\u00e9taire organis\u00e9 depuis des ann\u00e9es par les gouvernements successifs.Et le pr\u00e9sident de la R\u00e9publique a d\u00e9cid\u00e9 que le Projet de Loi de Finance de la S\u00e9curit\u00e9 Sociale (PLFSS) 2024 augmentera moins que l\u2019inflation et que l\u2019\u00e9volution des co\u00fbts !","og_url":"https:\/\/syndicoop.fr\/ufmict\/appel-du-congres-ufmict-cgt\/","og_site_name":"UFMICT Sant\u00e9 et Action sociale","article_published_time":"2023-10-06T10:32:44+00:00","article_modified_time":"2023-12-15T16:11:36+00:00","og_image":[{"width":1000,"height":665,"url":"https:\/\/syndicoop.fr\/ufmict\/wp-content\/uploads\/sites\/38\/2020\/10\/salaire-verrouille.jpg","type":"image\/jpeg"}],"author":"isabelle PUGLIESE","twitter_card":"summary_large_image","twitter_misc":{"\u00c9crit par":"isabelle PUGLIESE","Dur\u00e9e de lecture estim\u00e9e":"4 minutes"},"schema":{"@context":"https:\/\/schema.org","@graph":[{"@type":"WebPage","@id":"https:\/\/syndicoop.fr\/ufmict\/appel-du-congres-ufmict-cgt\/","url":"https:\/\/syndicoop.fr\/ufmict\/appel-du-congres-ufmict-cgt\/","name":"Appel du Congr\u00e8s UFMICT CGT - UFMICT Sant\u00e9 et Action sociale","isPartOf":{"@id":"https:\/\/syndicoop.fr\/ufmict\/#website"},"primaryImageOfPage":{"@id":"https:\/\/syndicoop.fr\/ufmict\/appel-du-congres-ufmict-cgt\/#primaryimage"},"image":{"@id":"https:\/\/syndicoop.fr\/ufmict\/appel-du-congres-ufmict-cgt\/#primaryimage"},"thumbnailUrl":"https:\/\/syndicoop.fr\/ufmict\/wp-content\/uploads\/sites\/38\/2020\/10\/salaire-verrouille.jpg","datePublished":"2023-10-06T10:32:44+00:00","dateModified":"2023-12-15T16:11:36+00:00","author":{"@id":"https:\/\/syndicoop.fr\/ufmict\/#\/schema\/person\/120e0ea69c281cd210f6deb3c20a99f8"},"description":"Les h\u00f4pitaux, l\u2019action sociale, la sant\u00e9 en g\u00e9n\u00e9ral subissent un \u00e9tranglement budg\u00e9taire organis\u00e9 depuis des ann\u00e9es par les gouvernements successifs.Et le pr\u00e9sident de la R\u00e9publique a d\u00e9cid\u00e9 que le Projet de Loi de Finance de la S\u00e9curit\u00e9 Sociale (PLFSS) 2024 augmentera moins que l\u2019inflation et que l\u2019\u00e9volution des co\u00fbts !","breadcrumb":{"@id":"https:\/\/syndicoop.fr\/ufmict\/appel-du-congres-ufmict-cgt\/#breadcrumb"},"inLanguage":"fr-FR","potentialAction":[{"@type":"ReadAction","target":["https:\/\/syndicoop.fr\/ufmict\/appel-du-congres-ufmict-cgt\/"]}]},{"@type":"ImageObject","inLanguage":"fr-FR","@id":"https:\/\/syndicoop.fr\/ufmict\/appel-du-congres-ufmict-cgt\/#primaryimage","url":"https:\/\/syndicoop.fr\/ufmict\/wp-content\/uploads\/sites\/38\/2020\/10\/salaire-verrouille.jpg","contentUrl":"https:\/\/syndicoop.fr\/ufmict\/wp-content\/uploads\/sites\/38\/2020\/10\/salaire-verrouille.jpg","width":1000,"height":665},{"@type":"BreadcrumbList","@id":"https:\/\/syndicoop.fr\/ufmict\/appel-du-congres-ufmict-cgt\/#breadcrumb","itemListElement":[{"@type":"ListItem","position":1,"name":"Accueil","item":"https:\/\/syndicoop.fr\/ufmict\/"},{"@type":"ListItem","position":2,"name":"Appel du Congr\u00e8s UFMICT CGT"}]},{"@type":"WebSite","@id":"https:\/\/syndicoop.fr\/ufmict\/#website","url":"https:\/\/syndicoop.fr\/ufmict\/","name":"UFMICT Sant\u00e9 et Action sociale","description":"Syndicoop - la plateforme syndicale et coop\u00e9rative","potentialAction":[{"@type":"SearchAction","target":{"@type":"EntryPoint","urlTemplate":"https:\/\/syndicoop.fr\/ufmict\/?s={search_term_string}"},"query-input":{"@type":"PropertyValueSpecification","valueRequired":true,"valueName":"search_term_string"}}],"inLanguage":"fr-FR"},{"@type":"Person","@id":"https:\/\/syndicoop.fr\/ufmict\/#\/schema\/person\/120e0ea69c281cd210f6deb3c20a99f8","name":"isabelle PUGLIESE","image":{"@type":"ImageObject","inLanguage":"fr-FR","@id":"https:\/\/syndicoop.fr\/ufmict\/#\/schema\/person\/image\/","url":"\/\/www.gravatar.com\/avatar\/57ac83cfe59eeb459a123586132c9c8a?s=96&#038;r=g&#038;d=mm","contentUrl":"\/\/www.gravatar.com\/avatar\/57ac83cfe59eeb459a123586132c9c8a?s=96&#038;r=g&#038;d=mm","caption":"isabelle PUGLIESE"},"url":"https:\/\/syndicoop.fr\/ufmict\/author\/ipugliese\/"}]}},"_links":{"self":[{"href":"https:\/\/syndicoop.fr\/ufmict\/wp-json\/wp\/v2\/posts\/378","targetHints":{"allow":["GET"]}}],"collection":[{"href":"https:\/\/syndicoop.fr\/ufmict\/wp-json\/wp\/v2\/posts"}],"about":[{"href":"https:\/\/syndicoop.fr\/ufmict\/wp-json\/wp\/v2\/types\/post"}],"author":[{"embeddable":true,"href":"https:\/\/syndicoop.fr\/ufmict\/wp-json\/wp\/v2\/users\/2061"}],"replies":[{"embeddable":true,"href":"https:\/\/syndicoop.fr\/ufmict\/wp-json\/wp\/v2\/comments?post=378"}],"version-history":[{"count":0,"href":"https:\/\/syndicoop.fr\/ufmict\/wp-json\/wp\/v2\/posts\/378\/revisions"}],"wp:featuredmedia":[{"embeddable":true,"href":"https:\/\/syndicoop.fr\/ufmict\/wp-json\/wp\/v2\/media\/215"}],"wp:attachment":[{"href":"https:\/\/syndicoop.fr\/ufmict\/wp-json\/wp\/v2\/media?parent=378"}],"wp:term":[{"taxonomy":"category","embeddable":true,"href":"https:\/\/syndicoop.fr\/ufmict\/wp-json\/wp\/v2\/categories?post=378"},{"taxonomy":"post_tag","embeddable":true,"href":"https:\/\/syndicoop.fr\/ufmict\/wp-json\/wp\/v2\/tags?post=378"}],"curies":[{"name":"wp","href":"https:\/\/api.w.org\/{rel}","templated":true}]}}